{"id":4960,"date":"2025-01-15T13:49:55","date_gmt":"2025-01-15T16:49:55","guid":{"rendered":"https:\/\/www.koncevisiontv.cl\/web\/?p=4960"},"modified":"2025-01-15T13:55:25","modified_gmt":"2025-01-15T16:55:25","slug":"proyecto-de-ley-busca-regularizar-construcciones-en-hualpen","status":"publish","type":"post","link":"https:\/\/www.koncevisiontv.cl\/web\/proyecto-de-ley-busca-regularizar-construcciones-en-hualpen\/","title":{"rendered":"Proyecto de ley buscar\u00e1 regularizar construcciones en Poblaci\u00f3n &#8220;El Tri\u00e1ngulo&#8221; en Hualp\u00e9n"},"content":{"rendered":"\n<figure class=\"wp-block-video\"><video height=\"720\" style=\"aspect-ratio: 720 \/ 720;\" width=\"720\" controls src=\"https:\/\/www.koncevisiontv.cl\/web\/wp-content\/uploads\/2025\/01\/WhatsApp-Video-2025-01-15-at-12.22.19.mp4\"><\/video><figcaption class=\"wp-element-caption\">Diputado anuncia proyecto de ley para regularizar construcciones en Hualp\u00e9n, beneficiando a mil familias. Conoce los detalles de esta soluci\u00f3n habitacional.\n\n<\/figcaption><\/figure>\n\n\n\n<p class=\"wp-block-paragraph\"><strong>Proyecto de ley busca regularizar construcciones en Hualp\u00e9n Una Soluci\u00f3n para Mil Familias<\/strong><\/p>\n\n\n\n<p class=\"wp-block-paragraph\">El diputado <strong>Roberto Arroyo<\/strong> anunci\u00f3 en el Congreso Nacional la presentaci\u00f3n de un <strong>proyecto de ley<\/strong> destinado a regularizar y solucionar la problem\u00e1tica habitacional que afecta a cerca de <strong>mil familias<\/strong> de la comuna de <strong>Hualp\u00e9n<\/strong>, en la regi\u00f3n del B\u00edo B\u00edo.<\/p>\n\n\n\n<p class=\"wp-block-paragraph\">Esta iniciativa busca <strong>modificar el art\u00edculo 62 de la Ley General de Urbanismo y Construcciones<\/strong>, extendiendo las excepciones estipuladas a <strong>ampliaciones en construcciones existentes<\/strong> realizadas previo a la entrada en vigencia del plan regulador actual.<\/p>\n\n\n\n<p class=\"wp-block-paragraph\">\ud83d\udde3\ufe0f <strong>&#8220;Anuncio que enviar\u00e9 un proyecto de ley que regularice esta situaci\u00f3n, enmiende este error y haga justicia con los vecinos de Hualp\u00e9n,&#8221;<\/strong> declar\u00f3 el diputado Arroyo.<\/p>\n\n\n\n<p class=\"wp-block-paragraph\">El parlamentario destac\u00f3 que las familias de estas poblaciones enfrentan una situaci\u00f3n injusta que requiere una soluci\u00f3n urgente, haciendo un llamado al <strong>Ejecutivo<\/strong> para que recoja esta necesidad y entregue <strong>verdadera justicia<\/strong> a los afectados.<\/p>\n\n\n\n<p class=\"wp-block-paragraph\">Este proyecto podr\u00eda beneficiar a cientos de hogares al proporcionarles estabilidad legal sobre sus viviendas y permitir la regularizaci\u00f3n de ampliaciones necesarias para sus condiciones habitacionales.<\/p>\n\n\n\n<p class=\"wp-block-paragraph\">\ud83d\udc49 <strong>&#8220;Esperamos que el Ejecutivo considere esta iniciativa y apoye a las mil familias que han planteado esta necesidad con urgencia,&#8221;<\/strong> concluy\u00f3 Arroyo.<\/p>\n\n\n\n<p class=\"wp-block-paragraph\">La medida representa una oportunidad para avanzar en justicia social y regularizar situaciones habitacionales que, hasta ahora, han permanecido en un limbo legal. <strong>Un paso clave para dignificar la vida de las familias afectadas.<\/strong>oyo<\/p>\n\n\n\n<p class=\"wp-block-paragraph\"><\/p>\n","protected":false},"excerpt":{"rendered":"<p>Proyecto de ley busca regularizar construcciones en Hualp\u00e9n Una Soluci\u00f3n para Mil Familias El diputado Roberto Arroyo anunci\u00f3<\/p>\n","protected":false},"author":5,"featured_media":4961,"comment_status":"open","ping_status":"open","sticky":false,"template":"","format":"standard","meta":{"_crdt_document":"","_uag_custom_page_level_css":"","_sitemap_exclude":false,"_sitemap_priority":"","_sitemap_frequency":"","_joinchat":[],"footnotes":""},"categories":[14],"tags":[],"class_list":["post-4960","post","type-post","status-publish","format-standard","has-post-thumbnail","hentry","category-nacional"],"featured_image_urls":{"full":["https:\/\/www.koncevisiontv.cl\/web\/wp-content\/uploads\/2025\/01\/diputado-arroyo.jpeg",845,475,false],"thumbnail":["https:\/\/www.koncevisiontv.cl\/web\/wp-content\/uploads\/2025\/01\/diputado-arroyo-150x150.jpeg",150,150,true],"medium":["https:\/\/www.koncevisiontv.cl\/web\/wp-content\/uploads\/2025\/01\/diputado-arroyo-300x169.jpeg",300,169,true],"medium_large":["https:\/\/www.koncevisiontv.cl\/web\/wp-content\/uploads\/2025\/01\/diputado-arroyo-768x432.jpeg",640,360,true],"large":["https:\/\/www.koncevisiontv.cl\/web\/wp-content\/uploads\/2025\/01\/diputado-arroyo.jpeg",640,360,false],"1536x1536":["https:\/\/www.koncevisiontv.cl\/web\/wp-content\/uploads\/2025\/01\/diputado-arroyo.jpeg",845,475,false],"2048x2048":["https:\/\/www.koncevisiontv.cl\/web\/wp-content\/uploads\/2025\/01\/diputado-arroyo.jpeg",845,475,false],"darknews-featured":["https:\/\/www.koncevisiontv.cl\/web\/wp-content\/uploads\/2025\/01\/diputado-arroyo.jpeg",845,475,false],"darknews-large":["https:\/\/www.koncevisiontv.cl\/web\/wp-content\/uploads\/2025\/01\/diputado-arroyo-825x475.jpeg",825,475,true],"darknews-medium":["https:\/\/www.koncevisiontv.cl\/web\/wp-content\/uploads\/2025\/01\/diputado-arroyo-590x410.jpeg",590,410,true]},"author_info":{"info":["Web-Master"]},"category_info":"<a href=\"https:\/\/www.koncevisiontv.cl\/web\/category\/nacional\/\" rel=\"category tag\">Nacional<\/a>","tag_info":"Nacional","comment_count":"0","uagb_featured_image_src":{"full":["https:\/\/www.koncevisiontv.cl\/web\/wp-content\/uploads\/2025\/01\/diputado-arroyo.jpeg",845,475,false],"thumbnail":["https:\/\/www.koncevisiontv.cl\/web\/wp-content\/uploads\/2025\/01\/diputado-arroyo-150x150.jpeg",150,150,true],"medium":["https:\/\/www.koncevisiontv.cl\/web\/wp-content\/uploads\/2025\/01\/diputado-arroyo-300x169.jpeg",300,169,true],"medium_large":["https:\/\/www.koncevisiontv.cl\/web\/wp-content\/uploads\/2025\/01\/diputado-arroyo-768x432.jpeg",640,360,true],"large":["https:\/\/www.koncevisiontv.cl\/web\/wp-content\/uploads\/2025\/01\/diputado-arroyo.jpeg",640,360,false],"1536x1536":["https:\/\/www.koncevisiontv.cl\/web\/wp-content\/uploads\/2025\/01\/diputado-arroyo.jpeg",845,475,false],"2048x2048":["https:\/\/www.koncevisiontv.cl\/web\/wp-content\/uploads\/2025\/01\/diputado-arroyo.jpeg",845,475,false],"darknews-featured":["https:\/\/www.koncevisiontv.cl\/web\/wp-content\/uploads\/2025\/01\/diputado-arroyo.jpeg",845,475,false],"darknews-large":["https:\/\/www.koncevisiontv.cl\/web\/wp-content\/uploads\/2025\/01\/diputado-arroyo-825x475.jpeg",825,475,true],"darknews-medium":["https:\/\/www.koncevisiontv.cl\/web\/wp-content\/uploads\/2025\/01\/diputado-arroyo-590x410.jpeg",590,410,true]},"uagb_author_info":{"display_name":"Web-Master","author_link":"https:\/\/www.koncevisiontv.cl\/web\/author\/koncevision\/"},"uagb_comment_info":1,"uagb_excerpt":"Proyecto de ley busca regularizar construcciones en Hualp\u00e9n Una Soluci\u00f3n para Mil Familias El diputado Roberto Arroyo anunci\u00f3","_links":{"self":[{"href":"https:\/\/www.koncevisiontv.cl\/web\/wp-json\/wp\/v2\/posts\/4960","targetHints":{"allow":["GET"]}}],"collection":[{"href":"https:\/\/www.koncevisiontv.cl\/web\/wp-json\/wp\/v2\/posts"}],"about":[{"href":"https:\/\/www.koncevisiontv.cl\/web\/wp-json\/wp\/v2\/types\/post"}],"author":[{"embeddable":true,"href":"https:\/\/www.koncevisiontv.cl\/web\/wp-json\/wp\/v2\/users\/5"}],"replies":[{"embeddable":true,"href":"https:\/\/www.koncevisiontv.cl\/web\/wp-json\/wp\/v2\/comments?post=4960"}],"version-history":[{"count":2,"href":"https:\/\/www.koncevisiontv.cl\/web\/wp-json\/wp\/v2\/posts\/4960\/revisions"}],"predecessor-version":[{"id":4965,"href":"https:\/\/www.koncevisiontv.cl\/web\/wp-json\/wp\/v2\/posts\/4960\/revisions\/4965"}],"wp:featuredmedia":[{"embeddable":true,"href":"https:\/\/www.koncevisiontv.cl\/web\/wp-json\/wp\/v2\/media\/4961"}],"wp:attachment":[{"href":"https:\/\/www.koncevisiontv.cl\/web\/wp-json\/wp\/v2\/media?parent=4960"}],"wp:term":[{"taxonomy":"category","embeddable":true,"href":"https:\/\/www.koncevisiontv.cl\/web\/wp-json\/wp\/v2\/categories?post=4960"},{"taxonomy":"post_tag","embeddable":true,"href":"https:\/\/www.koncevisiontv.cl\/web\/wp-json\/wp\/v2\/tags?post=4960"}],"curies":[{"name":"wp","href":"https:\/\/api.w.org\/{rel}","templated":true}]}}