{"id":4966,"date":"2025-01-15T14:20:06","date_gmt":"2025-01-15T17:20:06","guid":{"rendered":"https:\/\/www.koncevisiontv.cl\/web\/?p=4966"},"modified":"2025-01-15T14:44:29","modified_gmt":"2025-01-15T17:44:29","slug":"rodrigo-rojas-vade-su-nueva-vida","status":"publish","type":"post","link":"https:\/\/www.koncevisiontv.cl\/web\/rodrigo-rojas-vade-su-nueva-vida\/","title":{"rendered":"La nueva vida de Rodrigo Rojas Vade"},"content":{"rendered":"\n<h3 class=\"wp-block-heading\"><strong>Rodrigo Rojas Vade Sorprende con su Nueva Apariencia: Trabajar\u00eda como Chofer de Aplicaci\u00f3n<\/strong><\/h3>\n\n\n\n<p class=\"wp-block-paragraph\">Rodrigo Rojas Vade, conocido como el <strong>Pelao Vade<\/strong>, volvi\u00f3 a estar en el ojo p\u00fablico tras ser reconocido por un periodista mientras trabajaba como chofer de una aplicaci\u00f3n de transporte. Su nueva apariencia y el giro en su vida han generado una ola de comentarios en redes sociales, donde las opiniones se dividen entre el asombro y las cr\u00edticas.<\/p>\n\n\n\n<figure class=\"wp-block-embed is-type-video is-provider-tiktok wp-block-embed-tiktok\"><div class=\"wp-block-embed__wrapper\">\n<blockquote class=\"tiktok-embed\" cite=\"https:\/\/www.tiktok.com\/@elviejodelsako\/video\/7459938442227502342\" data-video-id=\"7459938442227502342\" data-embed-from=\"oembed\" style=\"max-width:605px; min-width:325px;\"> <section> <a target=\"_blank\" title=\"@elviejodelsako\" href=\"https:\/\/www.tiktok.com\/@elviejodelsako?refer=embed\" rel=\"noopener\">@elviejodelsako<\/a> <p>As\u00ed fue como me encontr\u00e9 con el Pelao Vade en pleno 2025 <a title=\"fyp\" target=\"_blank\" href=\"https:\/\/www.tiktok.com\/tag\/fyp?refer=embed\" rel=\"noopener\">#fyp<\/a> <a title=\"chile\" target=\"_blank\" href=\"https:\/\/www.tiktok.com\/tag\/chile?refer=embed\" rel=\"noopener\">#chile<\/a> <a title=\"viral\" target=\"_blank\" href=\"https:\/\/www.tiktok.com\/tag\/viral?refer=embed\" rel=\"noopener\">#viral<\/a> <a title=\"estallidosocial\" target=\"_blank\" href=\"https:\/\/www.tiktok.com\/tag\/estallidosocial?refer=embed\" rel=\"noopener\">#estallidosocial<\/a> <a title=\"mentira\" target=\"_blank\" href=\"https:\/\/www.tiktok.com\/tag\/mentira?refer=embed\" rel=\"noopener\">#mentira<\/a> <\/p> <a target=\"_blank\" title=\"\u266c sonido original - Nicol\u00e1s Montenegro\" href=\"https:\/\/www.tiktok.com\/music\/sonido-original-7459938450667784965?refer=embed\" rel=\"noopener\">\u266c sonido original &#8211; Nicol\u00e1s Montenegro<\/a> <\/section> <\/blockquote> <script async src=\"https:\/\/www.tiktok.com\/embed.js\"><\/script>\n<\/div><\/figure>\n\n\n\n<h3 class=\"wp-block-heading\"><strong>\u00bfQu\u00e9 ocurri\u00f3?<\/strong><\/h3>\n\n\n\n<p class=\"wp-block-paragraph\">El periodista <strong>Nicol\u00e1s Montenegro<\/strong> comparti\u00f3 en su cuenta de X (antes Twitter) que, al tomar un Cabify tras un vuelo desde Arica, descubri\u00f3 que el conductor era nada menos que Rodrigo Rojas Vade.<\/p>\n\n\n\n<p class=\"wp-block-paragraph\">\ud83d\udde3\ufe0f Montenegro relat\u00f3:<br><em>&#8220;Llegu\u00e9 muy tarde del aeropuerto y ped\u00ed un Cabify. El conductor era el mism\u00edsimo Pelao Vade.&#8221;<\/em><\/p>\n\n\n\n<p class=\"wp-block-paragraph\">El periodista se\u00f1al\u00f3 que, pese a reconocerlo, prefiri\u00f3 no preguntarle nada directamente por respeto y cansancio:<br><em>&#8220;Me mor\u00eda de ganas de preguntarle mil cosas, pero ten\u00eda sue\u00f1o y no sab\u00eda c\u00f3mo iba a reaccionar. Me dio pena verlo trabajando de noche, probablemente para evitar ser reconocido.&#8221;<\/em><\/p>\n\n\n\n<h3 class=\"wp-block-heading\"><strong>La nueva apariencia del Pelao Vade<\/strong><\/h3>\n\n\n\n<p class=\"wp-block-paragraph\">Montenegro describi\u00f3 que Rojas Vade luce completamente diferente:<\/p>\n\n\n\n<ul class=\"wp-block-list\">\n<li><strong>Tiene mucho pelo y una barba abundante<\/strong>, lo que contrasta con la imagen que todos recuerdan.<\/li>\n\n\n\n<li>Durante el viaje, seg\u00fan el periodista, cant\u00f3 canciones en ingl\u00e9s y espa\u00f1ol que sonaban en la radio.<\/li>\n<\/ul>\n\n\n\n<p class=\"wp-block-paragraph\">La publicaci\u00f3n de Montenegro, acompa\u00f1ada de un pantallazo como prueba, r\u00e1pidamente se viraliz\u00f3, generando miles de comentarios en redes sociales.<\/p>\n\n\n\n<h3 class=\"wp-block-heading\"><strong>Opiniones divididas en redes sociales<\/strong><\/h3>\n\n\n\n<p class=\"wp-block-paragraph\">El avistamiento del exconvencional desat\u00f3 un intenso debate. Mientras algunos se\u00f1alaron que tiene derecho a rehacer su vida, otros recordaron el da\u00f1o que caus\u00f3 su falsa declaraci\u00f3n de padecer c\u00e1ncer durante su tiempo en la Convenci\u00f3n Constitucional.<\/p>\n\n\n\n<p class=\"wp-block-paragraph\">\ud83d\udcac Algunos de los comentarios m\u00e1s destacados incluyen:<\/p>\n\n\n\n<ul class=\"wp-block-list\">\n<li><em>&#8220;\u00bfEn serio lo van a funar eternamente? Que ni de chofer pueda trabajar, h\u00e1ganse ver.&#8221;<\/em><\/li>\n\n\n\n<li><em>&#8220;Tiene derecho a una segunda oportunidad.&#8221;<\/em><\/li>\n\n\n\n<li><em>&#8220;No olvido el da\u00f1o que caus\u00f3 a las personas que verdaderamente sufren esa enfermedad.&#8221;<\/em><\/li>\n\n\n\n<li><em>&#8220;\u00bfC\u00f3mo est\u00e1 de su enfermedad grave?&#8221;<\/em><\/li>\n\n\n\n<li><em>&#8220;El Pelao Bin Laden a estas alturas.&#8221;<\/em><\/li>\n<\/ul>\n\n\n\n<h3 class=\"wp-block-heading\"><strong>Un cambio dr\u00e1stico en su vida<\/strong><\/h3>\n\n\n\n<p class=\"wp-block-paragraph\">La situaci\u00f3n actual de Rojas Vade refleja el impacto que tuvo el esc\u00e1ndalo que lo rode\u00f3 en 2021, cuando se descubri\u00f3 que hab\u00eda mentido sobre padecer c\u00e1ncer para ganar apoyo pol\u00edtico. Desde entonces, su vida p\u00fablica qued\u00f3 marcada por el descr\u00e9dito y el repudio de la ciudadan\u00eda.<\/p>\n\n\n\n<p class=\"wp-block-paragraph\">El hecho de que ahora trabaje como chofer nocturno para evitar ser reconocido pone en evidencia c\u00f3mo intenta rehacer su vida lejos del escrutinio p\u00fablico.<\/p>\n\n\n\n<h3 class=\"wp-block-heading\"><strong>\u00bfQu\u00e9 sigue para Rodrigo Rojas Vade?<\/strong><\/h3>\n\n\n\n<p class=\"wp-block-paragraph\">Este avistamiento ha reavivado la conversaci\u00f3n sobre las consecuencias que enfrentan figuras p\u00fablicas tras esc\u00e1ndalos medi\u00e1ticos. Para algunos, Rojas Vade merece una segunda oportunidad; para otros, su mentira sigue siendo imperdonable.<\/p>\n","protected":false},"excerpt":{"rendered":"<p>Rodrigo Rojas Vade Sorprende con su Nueva Apariencia: Trabajar\u00eda como Chofer de Aplicaci\u00f3n Rodrigo Rojas Vade, conocido como<\/p>\n","protected":false},"author":5,"featured_media":4967,"comment_status":"open","ping_status":"open","sticky":false,"template":"","format":"standard","meta":{"_crdt_document":"","_uag_custom_page_level_css":"","_sitemap_exclude":false,"_sitemap_priority":"","_sitemap_frequency":"","_joinchat":[],"footnotes":""},"categories":[14],"tags":[],"class_list":["post-4966","post","type-post","status-publish","format-standard","has-post-thumbnail","hentry","category-nacional"],"featured_image_urls":{"full":["https:\/\/www.koncevisiontv.cl\/web\/wp-content\/uploads\/2025\/01\/nueva-vida-de-rojas-vaden.avif",1023,682,false],"thumbnail":["https:\/\/www.koncevisiontv.cl\/web\/wp-content\/uploads\/2025\/01\/nueva-vida-de-rojas-vaden-150x150.avif",150,150,true],"medium":["https:\/\/www.koncevisiontv.cl\/web\/wp-content\/uploads\/2025\/01\/nueva-vida-de-rojas-vaden-300x200.avif",300,200,true],"medium_large":["https:\/\/www.koncevisiontv.cl\/web\/wp-content\/uploads\/2025\/01\/nueva-vida-de-rojas-vaden-768x512.avif",640,427,true],"large":["https:\/\/www.koncevisiontv.cl\/web\/wp-content\/uploads\/2025\/01\/nueva-vida-de-rojas-vaden.avif",640,427,false],"1536x1536":["https:\/\/www.koncevisiontv.cl\/web\/wp-content\/uploads\/2025\/01\/nueva-vida-de-rojas-vaden.avif",1023,682,false],"2048x2048":["https:\/\/www.koncevisiontv.cl\/web\/wp-content\/uploads\/2025\/01\/nueva-vida-de-rojas-vaden.avif",1023,682,false],"darknews-featured":["https:\/\/www.koncevisiontv.cl\/web\/wp-content\/uploads\/2025\/01\/nueva-vida-de-rojas-vaden.avif",1023,682,false],"darknews-large":["https:\/\/www.koncevisiontv.cl\/web\/wp-content\/uploads\/2025\/01\/nueva-vida-de-rojas-vaden-825x575.avif",825,575,true],"darknews-medium":["https:\/\/www.koncevisiontv.cl\/web\/wp-content\/uploads\/2025\/01\/nueva-vida-de-rojas-vaden-590x410.avif",590,410,true]},"author_info":{"info":["Web-Master"]},"category_info":"<a href=\"https:\/\/www.koncevisiontv.cl\/web\/category\/nacional\/\" rel=\"category tag\">Nacional<\/a>","tag_info":"Nacional","comment_count":"0","uagb_featured_image_src":{"full":["https:\/\/www.koncevisiontv.cl\/web\/wp-content\/uploads\/2025\/01\/nueva-vida-de-rojas-vaden.avif",1023,682,false],"thumbnail":["https:\/\/www.koncevisiontv.cl\/web\/wp-content\/uploads\/2025\/01\/nueva-vida-de-rojas-vaden-150x150.avif",150,150,true],"medium":["https:\/\/www.koncevisiontv.cl\/web\/wp-content\/uploads\/2025\/01\/nueva-vida-de-rojas-vaden-300x200.avif",300,200,true],"medium_large":["https:\/\/www.koncevisiontv.cl\/web\/wp-content\/uploads\/2025\/01\/nueva-vida-de-rojas-vaden-768x512.avif",640,427,true],"large":["https:\/\/www.koncevisiontv.cl\/web\/wp-content\/uploads\/2025\/01\/nueva-vida-de-rojas-vaden.avif",640,427,false],"1536x1536":["https:\/\/www.koncevisiontv.cl\/web\/wp-content\/uploads\/2025\/01\/nueva-vida-de-rojas-vaden.avif",1023,682,false],"2048x2048":["https:\/\/www.koncevisiontv.cl\/web\/wp-content\/uploads\/2025\/01\/nueva-vida-de-rojas-vaden.avif",1023,682,false],"darknews-featured":["https:\/\/www.koncevisiontv.cl\/web\/wp-content\/uploads\/2025\/01\/nueva-vida-de-rojas-vaden.avif",1023,682,false],"darknews-large":["https:\/\/www.koncevisiontv.cl\/web\/wp-content\/uploads\/2025\/01\/nueva-vida-de-rojas-vaden-825x575.avif",825,575,true],"darknews-medium":["https:\/\/www.koncevisiontv.cl\/web\/wp-content\/uploads\/2025\/01\/nueva-vida-de-rojas-vaden-590x410.avif",590,410,true]},"uagb_author_info":{"display_name":"Web-Master","author_link":"https:\/\/www.koncevisiontv.cl\/web\/author\/koncevision\/"},"uagb_comment_info":0,"uagb_excerpt":"Rodrigo Rojas Vade Sorprende con su Nueva Apariencia: Trabajar\u00eda como Chofer de Aplicaci\u00f3n Rodrigo Rojas Vade, conocido como","_links":{"self":[{"href":"https:\/\/www.koncevisiontv.cl\/web\/wp-json\/wp\/v2\/posts\/4966","targetHints":{"allow":["GET"]}}],"collection":[{"href":"https:\/\/www.koncevisiontv.cl\/web\/wp-json\/wp\/v2\/posts"}],"about":[{"href":"https:\/\/www.koncevisiontv.cl\/web\/wp-json\/wp\/v2\/types\/post"}],"author":[{"embeddable":true,"href":"https:\/\/www.koncevisiontv.cl\/web\/wp-json\/wp\/v2\/users\/5"}],"replies":[{"embeddable":true,"href":"https:\/\/www.koncevisiontv.cl\/web\/wp-json\/wp\/v2\/comments?post=4966"}],"version-history":[{"count":2,"href":"https:\/\/www.koncevisiontv.cl\/web\/wp-json\/wp\/v2\/posts\/4966\/revisions"}],"predecessor-version":[{"id":4970,"href":"https:\/\/www.koncevisiontv.cl\/web\/wp-json\/wp\/v2\/posts\/4966\/revisions\/4970"}],"wp:featuredmedia":[{"embeddable":true,"href":"https:\/\/www.koncevisiontv.cl\/web\/wp-json\/wp\/v2\/media\/4967"}],"wp:attachment":[{"href":"https:\/\/www.koncevisiontv.cl\/web\/wp-json\/wp\/v2\/media?parent=4966"}],"wp:term":[{"taxonomy":"category","embeddable":true,"href":"https:\/\/www.koncevisiontv.cl\/web\/wp-json\/wp\/v2\/categories?post=4966"},{"taxonomy":"post_tag","embeddable":true,"href":"https:\/\/www.koncevisiontv.cl\/web\/wp-json\/wp\/v2\/tags?post=4966"}],"curies":[{"name":"wp","href":"https:\/\/api.w.org\/{rel}","templated":true}]}}