{"id":4974,"date":"2025-01-15T15:21:15","date_gmt":"2025-01-15T18:21:15","guid":{"rendered":"https:\/\/www.koncevisiontv.cl\/web\/?p=4974"},"modified":"2025-01-15T15:22:53","modified_gmt":"2025-01-15T18:22:53","slug":"detencion-de-hermano-de-camilo-catrillanca-en-victoria","status":"publish","type":"post","link":"https:\/\/www.koncevisiontv.cl\/web\/detencion-de-hermano-de-camilo-catrillanca-en-victoria\/","title":{"rendered":"En Victoria detienen a hermano de Camilo Catrillanca"},"content":{"rendered":"\n<p class=\"wp-block-paragraph\">Este mi\u00e9rcoles, <strong>Nehuen Catrillanca Mar\u00edn<\/strong>, hermano del fallecido comunero mapuche <strong>Camilo Catrillanca<\/strong>, fue detenido por Carabineros en la comuna de <strong>Victoria<\/strong>, en la Regi\u00f3n de La Araucan\u00eda. La detenci\u00f3n se produjo en el marco de un operativo policial desplegado tras un ataque incendiario registrado en la zona.<\/p>\n\n\n\n<hr class=\"wp-block-separator has-alpha-channel-opacity\"\/>\n\n\n\n<h3 class=\"wp-block-heading\"><strong>Detalles de la detenci\u00f3n<\/strong><\/h3>\n\n\n\n<p class=\"wp-block-paragraph\">De acuerdo con fuentes de <strong>Radio B\u00edo B\u00edo en Temuco<\/strong>, la detenci\u00f3n de Nehuen Catrillanca Mar\u00edn no est\u00e1 relacionada con los hechos de violencia ocurridos durante la jornada. Sin embargo, el comunero ten\u00eda <strong>\u00f3rdenes pendientes<\/strong> por los siguientes delitos:<\/p>\n\n\n\n<ul class=\"wp-block-list\">\n<li><strong>Receptaci\u00f3n de veh\u00edculos motorizados.<\/strong><\/li>\n\n\n\n<li><strong>Falsificaci\u00f3n de placas patentes.<\/strong><\/li>\n\n\n\n<li><strong>Falsificaci\u00f3n de licencia de conducir.<\/strong><\/li>\n<\/ul>\n\n\n\n<p class=\"wp-block-paragraph\">Tras su detenci\u00f3n, Nehuen Catrillanca fue trasladado a la <strong>Cuarta Comisar\u00eda de Carabineros de Victoria<\/strong>, donde permanece a la espera de las instrucciones de la Fiscal\u00eda de Primeras Diligencias.<\/p>\n\n\n\n<hr class=\"wp-block-separator has-alpha-channel-opacity\"\/>\n\n\n\n<h3 class=\"wp-block-heading\"><strong>El contexto hist\u00f3rico: Camilo Catrillanca<\/strong><\/h3>\n\n\n\n<p class=\"wp-block-paragraph\">El hermano del detenido, <strong>Camilo Catrillanca<\/strong>, se convirti\u00f3 en un s\u00edmbolo del conflicto mapuche tras ser asesinado el <strong>14 de noviembre de 2018<\/strong>. Camilo muri\u00f3 de un disparo en la cabeza mientras conduc\u00eda un tractor en la comunidad de <strong>Temucuicui<\/strong>, durante un operativo de Carabineros relacionado con el robo de tres camionetas en Ercilla.<\/p>\n\n\n\n<p class=\"wp-block-paragraph\">El caso de Camilo Catrillanca gener\u00f3 repercusi\u00f3n nacional e internacional, desatando debates sobre el uso de la fuerza por parte de Carabineros y el conflicto hist\u00f3rico con el pueblo mapuche.<\/p>\n\n\n\n<hr class=\"wp-block-separator has-alpha-channel-opacity\"\/>\n\n\n\n<h3 class=\"wp-block-heading\"><strong>Estado del proceso judicial<\/strong><\/h3>\n\n\n\n<p class=\"wp-block-paragraph\">Se recuerda que el caso de Nehuen Catrillanca se encuentra en curso, y de acuerdo con el <strong>Art\u00edculo 04 del C\u00f3digo Procesal Penal<\/strong>, <strong>ninguna persona debe ser considerada culpable hasta que la Justicia dicte una sentencia definitiva.<\/strong><\/p>\n\n\n\n<p class=\"wp-block-paragraph\">\ud83d\udc49 <strong>Sigue las actualizaciones sobre esta noticia en <a href=\"http:\/\/www.koncevisiontv.cl\">www.koncevisiontv.cl<\/a><\/strong><\/p>\n","protected":false},"excerpt":{"rendered":"<p>Este mi\u00e9rcoles, Nehuen Catrillanca Mar\u00edn, hermano del fallecido comunero mapuche Camilo Catrillanca, fue detenido por Carabineros en la<\/p>\n","protected":false},"author":5,"featured_media":4975,"comment_status":"open","ping_status":"open","sticky":false,"template":"","format":"standard","meta":{"_crdt_document":"","_uag_custom_page_level_css":"","_sitemap_exclude":false,"_sitemap_priority":"","_sitemap_frequency":"","_joinchat":[],"footnotes":""},"categories":[14],"tags":[],"class_list":["post-4974","post","type-post","status-publish","format-standard","has-post-thumbnail","hentry","category-nacional"],"featured_image_urls":{"full":["https:\/\/www.koncevisiontv.cl\/web\/wp-content\/uploads\/2025\/01\/detienen-a-hermano-de-camilo-catrillanca.webp",820,620,false],"thumbnail":["https:\/\/www.koncevisiontv.cl\/web\/wp-content\/uploads\/2025\/01\/detienen-a-hermano-de-camilo-catrillanca-150x150.webp",150,150,true],"medium":["https:\/\/www.koncevisiontv.cl\/web\/wp-content\/uploads\/2025\/01\/detienen-a-hermano-de-camilo-catrillanca-300x227.webp",300,227,true],"medium_large":["https:\/\/www.koncevisiontv.cl\/web\/wp-content\/uploads\/2025\/01\/detienen-a-hermano-de-camilo-catrillanca-768x581.webp",640,484,true],"large":["https:\/\/www.koncevisiontv.cl\/web\/wp-content\/uploads\/2025\/01\/detienen-a-hermano-de-camilo-catrillanca.webp",640,484,false],"1536x1536":["https:\/\/www.koncevisiontv.cl\/web\/wp-content\/uploads\/2025\/01\/detienen-a-hermano-de-camilo-catrillanca.webp",820,620,false],"2048x2048":["https:\/\/www.koncevisiontv.cl\/web\/wp-content\/uploads\/2025\/01\/detienen-a-hermano-de-camilo-catrillanca.webp",820,620,false],"darknews-featured":["https:\/\/www.koncevisiontv.cl\/web\/wp-content\/uploads\/2025\/01\/detienen-a-hermano-de-camilo-catrillanca.webp",820,620,false],"darknews-large":["https:\/\/www.koncevisiontv.cl\/web\/wp-content\/uploads\/2025\/01\/detienen-a-hermano-de-camilo-catrillanca-820x575.webp",820,575,true],"darknews-medium":["https:\/\/www.koncevisiontv.cl\/web\/wp-content\/uploads\/2025\/01\/detienen-a-hermano-de-camilo-catrillanca-590x410.webp",590,410,true]},"author_info":{"info":["Web-Master"]},"category_info":"<a href=\"https:\/\/www.koncevisiontv.cl\/web\/category\/nacional\/\" rel=\"category tag\">Nacional<\/a>","tag_info":"Nacional","comment_count":"0","uagb_featured_image_src":{"full":["https:\/\/www.koncevisiontv.cl\/web\/wp-content\/uploads\/2025\/01\/detienen-a-hermano-de-camilo-catrillanca.webp",820,620,false],"thumbnail":["https:\/\/www.koncevisiontv.cl\/web\/wp-content\/uploads\/2025\/01\/detienen-a-hermano-de-camilo-catrillanca-150x150.webp",150,150,true],"medium":["https:\/\/www.koncevisiontv.cl\/web\/wp-content\/uploads\/2025\/01\/detienen-a-hermano-de-camilo-catrillanca-300x227.webp",300,227,true],"medium_large":["https:\/\/www.koncevisiontv.cl\/web\/wp-content\/uploads\/2025\/01\/detienen-a-hermano-de-camilo-catrillanca-768x581.webp",640,484,true],"large":["https:\/\/www.koncevisiontv.cl\/web\/wp-content\/uploads\/2025\/01\/detienen-a-hermano-de-camilo-catrillanca.webp",640,484,false],"1536x1536":["https:\/\/www.koncevisiontv.cl\/web\/wp-content\/uploads\/2025\/01\/detienen-a-hermano-de-camilo-catrillanca.webp",820,620,false],"2048x2048":["https:\/\/www.koncevisiontv.cl\/web\/wp-content\/uploads\/2025\/01\/detienen-a-hermano-de-camilo-catrillanca.webp",820,620,false],"darknews-featured":["https:\/\/www.koncevisiontv.cl\/web\/wp-content\/uploads\/2025\/01\/detienen-a-hermano-de-camilo-catrillanca.webp",820,620,false],"darknews-large":["https:\/\/www.koncevisiontv.cl\/web\/wp-content\/uploads\/2025\/01\/detienen-a-hermano-de-camilo-catrillanca-820x575.webp",820,575,true],"darknews-medium":["https:\/\/www.koncevisiontv.cl\/web\/wp-content\/uploads\/2025\/01\/detienen-a-hermano-de-camilo-catrillanca-590x410.webp",590,410,true]},"uagb_author_info":{"display_name":"Web-Master","author_link":"https:\/\/www.koncevisiontv.cl\/web\/author\/koncevision\/"},"uagb_comment_info":0,"uagb_excerpt":"Este mi\u00e9rcoles, Nehuen Catrillanca Mar\u00edn, hermano del fallecido comunero mapuche Camilo Catrillanca, fue detenido por Carabineros en la","_links":{"self":[{"href":"https:\/\/www.koncevisiontv.cl\/web\/wp-json\/wp\/v2\/posts\/4974","targetHints":{"allow":["GET"]}}],"collection":[{"href":"https:\/\/www.koncevisiontv.cl\/web\/wp-json\/wp\/v2\/posts"}],"about":[{"href":"https:\/\/www.koncevisiontv.cl\/web\/wp-json\/wp\/v2\/types\/post"}],"author":[{"embeddable":true,"href":"https:\/\/www.koncevisiontv.cl\/web\/wp-json\/wp\/v2\/users\/5"}],"replies":[{"embeddable":true,"href":"https:\/\/www.koncevisiontv.cl\/web\/wp-json\/wp\/v2\/comments?post=4974"}],"version-history":[{"count":2,"href":"https:\/\/www.koncevisiontv.cl\/web\/wp-json\/wp\/v2\/posts\/4974\/revisions"}],"predecessor-version":[{"id":4977,"href":"https:\/\/www.koncevisiontv.cl\/web\/wp-json\/wp\/v2\/posts\/4974\/revisions\/4977"}],"wp:featuredmedia":[{"embeddable":true,"href":"https:\/\/www.koncevisiontv.cl\/web\/wp-json\/wp\/v2\/media\/4975"}],"wp:attachment":[{"href":"https:\/\/www.koncevisiontv.cl\/web\/wp-json\/wp\/v2\/media?parent=4974"}],"wp:term":[{"taxonomy":"category","embeddable":true,"href":"https:\/\/www.koncevisiontv.cl\/web\/wp-json\/wp\/v2\/categories?post=4974"},{"taxonomy":"post_tag","embeddable":true,"href":"https:\/\/www.koncevisiontv.cl\/web\/wp-json\/wp\/v2\/tags?post=4974"}],"curies":[{"name":"wp","href":"https:\/\/api.w.org\/{rel}","templated":true}]}}