{"id":4992,"date":"2025-01-15T17:55:57","date_gmt":"2025-01-15T20:55:57","guid":{"rendered":"https:\/\/www.koncevisiontv.cl\/web\/?p=4992"},"modified":"2025-01-15T18:23:43","modified_gmt":"2025-01-15T21:23:43","slug":"lavin-desmiente-deficit-municipal-en-maipu","status":"publish","type":"post","link":"https:\/\/www.koncevisiontv.cl\/web\/lavin-desmiente-deficit-municipal-en-maipu\/","title":{"rendered":"Lav\u00edn desmiente d\u00e9ficit municipal en Maip\u00fa y defiende a Barriga"},"content":{"rendered":"\n<p class=\"wp-block-paragraph\">El exalcalde de Las Condes, Joaqu\u00edn Lav\u00edn, expres\u00f3 su respaldo a su nuera, Cathy Barriga, exalcaldesa de Maip\u00fa, quien enfrenta prisi\u00f3n preventiva por presunta malversaci\u00f3n de fondos p\u00fablicos durante su administraci\u00f3n. Lav\u00edn asegura que el <strong>d\u00e9ficit municipal en Maip\u00fa<\/strong> es inexistente y est\u00e1 basado en c\u00e1lculos err\u00f3neos.<\/p>\n\n\n\n<h3 class=\"wp-block-heading\"><strong>Declaraciones de Lav\u00edn sobre el d\u00e9ficit municipal en Maip\u00fa<\/strong><\/h3>\n\n\n\n<p class=\"wp-block-paragraph\">Durante una entrevista con <strong>T13<\/strong>, Lav\u00edn afirm\u00f3 que el <strong>d\u00e9ficit municipal en Maip\u00fa<\/strong> ha sido mal interpretado:<\/p>\n\n\n\n<blockquote class=\"wp-block-quote is-layout-flow wp-block-quote-is-layout-flow\">\n<p class=\"wp-block-paragraph\">\u201cEse d\u00e9ficit famoso de 30 mil millones no existe. Son cosas que se aclarar\u00e1n en el juicio\u201d.<\/p>\n<\/blockquote>\n\n\n\n<p class=\"wp-block-paragraph\">El exalcalde critic\u00f3 la medida de prisi\u00f3n preventiva como desproporcionada y reiter\u00f3 que la situaci\u00f3n de su nuera debe ser reconsiderada:<\/p>\n\n\n\n<blockquote class=\"wp-block-quote is-layout-flow wp-block-quote-is-layout-flow\">\n<p class=\"wp-block-paragraph\">\u201cEl riesgo de fuga no tiene justificaci\u00f3n. Cada vez que pone un pie fuera de su casa, la est\u00e1n siguiendo con c\u00e1maras y drones\u201d.<\/p>\n<\/blockquote>\n\n\n\n<h3 class=\"wp-block-heading\"><strong>Impacto en la familia y defensa de Barriga<\/strong><\/h3>\n\n\n\n<p class=\"wp-block-paragraph\">Lav\u00edn destac\u00f3 que su prioridad es la pronta liberaci\u00f3n de Barriga para que pueda estar con su familia. Adem\u00e1s, subray\u00f3 que el juicio ser\u00e1 fundamental para esclarecer las acusaciones sobre el <strong>d\u00e9ficit municipal en Maip\u00fa<\/strong> y demostrar su inocencia.<\/p>\n","protected":false},"excerpt":{"rendered":"<p>El exalcalde de Las Condes, Joaqu\u00edn Lav\u00edn, expres\u00f3 su respaldo a su nuera, Cathy Barriga, exalcaldesa de Maip\u00fa,<\/p>\n","protected":false},"author":5,"featured_media":3710,"comment_status":"open","ping_status":"open","sticky":false,"template":"","format":"standard","meta":{"_crdt_document":"","_uag_custom_page_level_css":"","_sitemap_exclude":false,"_sitemap_priority":"","_sitemap_frequency":"","_joinchat":[],"footnotes":""},"categories":[425,426,14,16,427,409],"tags":[],"class_list":["post-4992","post","type-post","status-publish","format-standard","has-post-thumbnail","hentry","category-cathy-barriga","category-joaquin-lavin","category-nacional","category-politica","category-politica-2","category-ultimo-minuto"],"featured_image_urls":{"full":["https:\/\/www.koncevisiontv.cl\/web\/wp-content\/uploads\/2024\/11\/17161D504C43436D17120F55524945721F131A18504A4D731416-1200x800-1.webp",1200,800,false],"thumbnail":["https:\/\/www.koncevisiontv.cl\/web\/wp-content\/uploads\/2024\/11\/17161D504C43436D17120F55524945721F131A18504A4D731416-1200x800-1-150x150.webp",150,150,true],"medium":["https:\/\/www.koncevisiontv.cl\/web\/wp-content\/uploads\/2024\/11\/17161D504C43436D17120F55524945721F131A18504A4D731416-1200x800-1-300x200.webp",300,200,true],"medium_large":["https:\/\/www.koncevisiontv.cl\/web\/wp-content\/uploads\/2024\/11\/17161D504C43436D17120F55524945721F131A18504A4D731416-1200x800-1-768x512.webp",640,427,true],"large":["https:\/\/www.koncevisiontv.cl\/web\/wp-content\/uploads\/2024\/11\/17161D504C43436D17120F55524945721F131A18504A4D731416-1200x800-1-1024x683.webp",640,427,true],"1536x1536":["https:\/\/www.koncevisiontv.cl\/web\/wp-content\/uploads\/2024\/11\/17161D504C43436D17120F55524945721F131A18504A4D731416-1200x800-1.webp",1200,800,false],"2048x2048":["https:\/\/www.koncevisiontv.cl\/web\/wp-content\/uploads\/2024\/11\/17161D504C43436D17120F55524945721F131A18504A4D731416-1200x800-1.webp",1200,800,false],"darknews-featured":["https:\/\/www.koncevisiontv.cl\/web\/wp-content\/uploads\/2024\/11\/17161D504C43436D17120F55524945721F131A18504A4D731416-1200x800-1-1024x683.webp",1024,683,true],"darknews-large":["https:\/\/www.koncevisiontv.cl\/web\/wp-content\/uploads\/2024\/11\/17161D504C43436D17120F55524945721F131A18504A4D731416-1200x800-1-825x575.webp",825,575,true],"darknews-medium":["https:\/\/www.koncevisiontv.cl\/web\/wp-content\/uploads\/2024\/11\/17161D504C43436D17120F55524945721F131A18504A4D731416-1200x800-1-590x410.webp",590,410,true]},"author_info":{"info":["Web-Master"]},"category_info":"<a href=\"https:\/\/www.koncevisiontv.cl\/web\/category\/cathy-barriga\/\" rel=\"category tag\">Cathy Barriga<\/a> <a href=\"https:\/\/www.koncevisiontv.cl\/web\/category\/joaquin-lavin\/\" rel=\"category tag\">Joaqu\u00edn Lav\u00edn<\/a> <a href=\"https:\/\/www.koncevisiontv.cl\/web\/category\/nacional\/\" rel=\"category tag\">Nacional<\/a> <a href=\"https:\/\/www.koncevisiontv.cl\/web\/category\/politica\/\" rel=\"category tag\">Politica<\/a> <a href=\"https:\/\/www.koncevisiontv.cl\/web\/category\/politica-2\/\" rel=\"category tag\">Pol\u00edtica<\/a> <a href=\"https:\/\/www.koncevisiontv.cl\/web\/category\/ultimo-minuto\/\" rel=\"category tag\">Ultimo MInuto<\/a>","tag_info":"Ultimo MInuto","comment_count":"0","uagb_featured_image_src":{"full":["https:\/\/www.koncevisiontv.cl\/web\/wp-content\/uploads\/2024\/11\/17161D504C43436D17120F55524945721F131A18504A4D731416-1200x800-1.webp",1200,800,false],"thumbnail":["https:\/\/www.koncevisiontv.cl\/web\/wp-content\/uploads\/2024\/11\/17161D504C43436D17120F55524945721F131A18504A4D731416-1200x800-1-150x150.webp",150,150,true],"medium":["https:\/\/www.koncevisiontv.cl\/web\/wp-content\/uploads\/2024\/11\/17161D504C43436D17120F55524945721F131A18504A4D731416-1200x800-1-300x200.webp",300,200,true],"medium_large":["https:\/\/www.koncevisiontv.cl\/web\/wp-content\/uploads\/2024\/11\/17161D504C43436D17120F55524945721F131A18504A4D731416-1200x800-1-768x512.webp",640,427,true],"large":["https:\/\/www.koncevisiontv.cl\/web\/wp-content\/uploads\/2024\/11\/17161D504C43436D17120F55524945721F131A18504A4D731416-1200x800-1-1024x683.webp",640,427,true],"1536x1536":["https:\/\/www.koncevisiontv.cl\/web\/wp-content\/uploads\/2024\/11\/17161D504C43436D17120F55524945721F131A18504A4D731416-1200x800-1.webp",1200,800,false],"2048x2048":["https:\/\/www.koncevisiontv.cl\/web\/wp-content\/uploads\/2024\/11\/17161D504C43436D17120F55524945721F131A18504A4D731416-1200x800-1.webp",1200,800,false],"darknews-featured":["https:\/\/www.koncevisiontv.cl\/web\/wp-content\/uploads\/2024\/11\/17161D504C43436D17120F55524945721F131A18504A4D731416-1200x800-1-1024x683.webp",1024,683,true],"darknews-large":["https:\/\/www.koncevisiontv.cl\/web\/wp-content\/uploads\/2024\/11\/17161D504C43436D17120F55524945721F131A18504A4D731416-1200x800-1-825x575.webp",825,575,true],"darknews-medium":["https:\/\/www.koncevisiontv.cl\/web\/wp-content\/uploads\/2024\/11\/17161D504C43436D17120F55524945721F131A18504A4D731416-1200x800-1-590x410.webp",590,410,true]},"uagb_author_info":{"display_name":"Web-Master","author_link":"https:\/\/www.koncevisiontv.cl\/web\/author\/koncevision\/"},"uagb_comment_info":0,"uagb_excerpt":"El exalcalde de Las Condes, Joaqu\u00edn Lav\u00edn, expres\u00f3 su respaldo a su nuera, Cathy Barriga, exalcaldesa de Maip\u00fa,","_links":{"self":[{"href":"https:\/\/www.koncevisiontv.cl\/web\/wp-json\/wp\/v2\/posts\/4992","targetHints":{"allow":["GET"]}}],"collection":[{"href":"https:\/\/www.koncevisiontv.cl\/web\/wp-json\/wp\/v2\/posts"}],"about":[{"href":"https:\/\/www.koncevisiontv.cl\/web\/wp-json\/wp\/v2\/types\/post"}],"author":[{"embeddable":true,"href":"https:\/\/www.koncevisiontv.cl\/web\/wp-json\/wp\/v2\/users\/5"}],"replies":[{"embeddable":true,"href":"https:\/\/www.koncevisiontv.cl\/web\/wp-json\/wp\/v2\/comments?post=4992"}],"version-history":[{"count":1,"href":"https:\/\/www.koncevisiontv.cl\/web\/wp-json\/wp\/v2\/posts\/4992\/revisions"}],"predecessor-version":[{"id":4993,"href":"https:\/\/www.koncevisiontv.cl\/web\/wp-json\/wp\/v2\/posts\/4992\/revisions\/4993"}],"wp:featuredmedia":[{"embeddable":true,"href":"https:\/\/www.koncevisiontv.cl\/web\/wp-json\/wp\/v2\/media\/3710"}],"wp:attachment":[{"href":"https:\/\/www.koncevisiontv.cl\/web\/wp-json\/wp\/v2\/media?parent=4992"}],"wp:term":[{"taxonomy":"category","embeddable":true,"href":"https:\/\/www.koncevisiontv.cl\/web\/wp-json\/wp\/v2\/categories?post=4992"},{"taxonomy":"post_tag","embeddable":true,"href":"https:\/\/www.koncevisiontv.cl\/web\/wp-json\/wp\/v2\/tags?post=4992"}],"curies":[{"name":"wp","href":"https:\/\/api.w.org\/{rel}","templated":true}]}}