{"id":5039,"date":"2025-01-16T20:01:58","date_gmt":"2025-01-16T23:01:58","guid":{"rendered":"https:\/\/www.koncevisiontv.cl\/web\/?p=5039"},"modified":"2025-01-16T20:02:01","modified_gmt":"2025-01-16T23:02:01","slug":"negligencia-medica-en-sanatorio-aleman","status":"publish","type":"post","link":"https:\/\/www.koncevisiontv.cl\/web\/negligencia-medica-en-sanatorio-aleman\/","title":{"rendered":"Negligencia m\u00e9dica en Sanatorio Alem\u00e1n dej\u00f3 a ni\u00f1a conectada a ventilador de por vida"},"content":{"rendered":"\n<p class=\"wp-block-paragraph\">\ud83d\udd34 <strong>Una familia de Concepci\u00f3n sigue enfrentando las secuelas de una negligencia m\u00e9dica ocurrida en 2015<\/strong>. Un fallo en la atenci\u00f3n postparto dej\u00f3 a su hija con <strong>da\u00f1o neurol\u00f3gico irreversible<\/strong>, requiriendo cuidados intensivos las 24 horas.<\/p>\n\n\n\n<h3 class=\"wp-block-heading\"><strong>El inicio del calvario<\/strong><\/h3>\n\n\n\n<p class=\"wp-block-paragraph\">\ud83d\udccd <strong>Lugar:<\/strong> Sanatorio Alem\u00e1n, Concepci\u00f3n.<br>\ud83d\udcc6 <strong>Fecha del incidente:<\/strong> Abril de 2015.<br>\ud83d\udc76 <strong>Caso:<\/strong> La beb\u00e9 naci\u00f3 sana, pero <strong>sufri\u00f3 un paro cardiorrespiratorio durante el periodo de apego<\/strong> sin la supervisi\u00f3n m\u00e9dica adecuada.<br>\u26a0\ufe0f <strong>Causa del da\u00f1o:<\/strong> La falta de monitoreo oportuno redujo <strong>casi a cero las posibilidades de recuperaci\u00f3n sin secuelas<\/strong>, seg\u00fan un informe pericial.<\/p>\n\n\n\n<h3 class=\"wp-block-heading\"><strong>Batalla legal y compensaci\u00f3n econ\u00f3mica<\/strong><\/h3>\n\n\n\n<p class=\"wp-block-paragraph\">\u2696\ufe0f <strong>Veredicto:<\/strong> En 2024, el Segundo Juzgado Civil de Concepci\u00f3n orden\u00f3 al Sanatorio Alem\u00e1n indemnizar a la familia.<br>\ud83d\udcb0 <strong>Montos de compensaci\u00f3n:<\/strong><br>\u2714\ufe0f <strong>Padre:<\/strong> $93 millones.<br>\u2714\ufe0f <strong>Madre:<\/strong> $75 millones.<br>\u2714\ufe0f <strong>Ni\u00f1a afectada:<\/strong> $100 millones.<br>\ud83d\udce2 <strong>Pero la familia asegura que el dinero no soluciona la realidad que viven d\u00eda a d\u00eda.<\/strong><\/p>\n\n\n\n<h3 class=\"wp-block-heading\"><strong>Un da\u00f1o irreparable<\/strong><\/h3>\n\n\n\n<p class=\"wp-block-paragraph\">\ud83c\udfe5 <strong>Situaci\u00f3n actual:<\/strong> La ni\u00f1a, que hoy tiene <strong>9 a\u00f1os<\/strong>, est\u00e1 <strong>conectada a un ventilador mec\u00e1nico<\/strong> y necesita <strong>cuidados constantes<\/strong>.<br>\ud83d\udcb8 <strong>Costos mensuales:<\/strong> La familia gasta alrededor de <strong>$15 millones<\/strong> al mes en tratamientos y cuidados especializados.<br>\ud83d\udde3\ufe0f <strong>Declaraci\u00f3n del padre:<\/strong> \u201cQueremos que la gente sepa lo que pas\u00f3 y c\u00f3mo actu\u00f3 el Sanatorio Alem\u00e1n.\u201d<\/p>\n\n\n\n<h3 class=\"wp-block-heading\"><strong>Un llamado a la justicia<\/strong><\/h3>\n\n\n\n<p class=\"wp-block-paragraph\">El caso ha sido calificado como un ejemplo de la <strong>falta de responsabilidad en instituciones m\u00e9dicas<\/strong>. La familia sigue exigiendo que se <strong>visibilicen las negligencias m\u00e9dicas<\/strong> y se refuercen los protocolos para evitar que <\/p>\n\n\n\n<p class=\"wp-block-paragraph\"><\/p>\n","protected":false},"excerpt":{"rendered":"<p>\ud83d\udd34 Una familia de Concepci\u00f3n sigue enfrentando las secuelas de una negligencia m\u00e9dica ocurrida en 2015. Un fallo<\/p>\n","protected":false},"author":5,"featured_media":5040,"comment_status":"open","ping_status":"open","sticky":false,"template":"","format":"standard","meta":{"_crdt_document":"","_uag_custom_page_level_css":"","_sitemap_exclude":false,"_sitemap_priority":"","_sitemap_frequency":"","_joinchat":[],"footnotes":""},"categories":[14],"tags":[],"class_list":["post-5039","post","type-post","status-publish","format-standard","has-post-thumbnail","hentry","category-nacional"],"featured_image_urls":{"full":["https:\/\/www.koncevisiontv.cl\/web\/wp-content\/uploads\/2025\/01\/\ud83d\udd34-Una-familia-de-Concepcion-sigue-enfrentando-las-secuelas-de-una-negligencia-medica-ocurrida-en-2015.jpg",1200,793,false],"thumbnail":["https:\/\/www.koncevisiontv.cl\/web\/wp-content\/uploads\/2025\/01\/\ud83d\udd34-Una-familia-de-Concepcion-sigue-enfrentando-las-secuelas-de-una-negligencia-medica-ocurrida-en-2015-150x150.jpg",150,150,true],"medium":["https:\/\/www.koncevisiontv.cl\/web\/wp-content\/uploads\/2025\/01\/\ud83d\udd34-Una-familia-de-Concepcion-sigue-enfrentando-las-secuelas-de-una-negligencia-medica-ocurrida-en-2015-300x198.jpg",300,198,true],"medium_large":["https:\/\/www.koncevisiontv.cl\/web\/wp-content\/uploads\/2025\/01\/\ud83d\udd34-Una-familia-de-Concepcion-sigue-enfrentando-las-secuelas-de-una-negligencia-medica-ocurrida-en-2015-768x508.jpg",640,423,true],"large":["https:\/\/www.koncevisiontv.cl\/web\/wp-content\/uploads\/2025\/01\/\ud83d\udd34-Una-familia-de-Concepcion-sigue-enfrentando-las-secuelas-de-una-negligencia-medica-ocurrida-en-2015-1024x677.jpg",640,423,true],"1536x1536":["https:\/\/www.koncevisiontv.cl\/web\/wp-content\/uploads\/2025\/01\/\ud83d\udd34-Una-familia-de-Concepcion-sigue-enfrentando-las-secuelas-de-una-negligencia-medica-ocurrida-en-2015.jpg",1200,793,false],"2048x2048":["https:\/\/www.koncevisiontv.cl\/web\/wp-content\/uploads\/2025\/01\/\ud83d\udd34-Una-familia-de-Concepcion-sigue-enfrentando-las-secuelas-de-una-negligencia-medica-ocurrida-en-2015.jpg",1200,793,false],"darknews-featured":["https:\/\/www.koncevisiontv.cl\/web\/wp-content\/uploads\/2025\/01\/\ud83d\udd34-Una-familia-de-Concepcion-sigue-enfrentando-las-secuelas-de-una-negligencia-medica-ocurrida-en-2015-1024x677.jpg",1024,677,true],"darknews-large":["https:\/\/www.koncevisiontv.cl\/web\/wp-content\/uploads\/2025\/01\/\ud83d\udd34-Una-familia-de-Concepcion-sigue-enfrentando-las-secuelas-de-una-negligencia-medica-ocurrida-en-2015-825x575.jpg",825,575,true],"darknews-medium":["https:\/\/www.koncevisiontv.cl\/web\/wp-content\/uploads\/2025\/01\/\ud83d\udd34-Una-familia-de-Concepcion-sigue-enfrentando-las-secuelas-de-una-negligencia-medica-ocurrida-en-2015-590x410.jpg",590,410,true]},"author_info":{"info":["Web-Master"]},"category_info":"<a href=\"https:\/\/www.koncevisiontv.cl\/web\/category\/nacional\/\" rel=\"category tag\">Nacional<\/a>","tag_info":"Nacional","comment_count":"0","uagb_featured_image_src":{"full":["https:\/\/www.koncevisiontv.cl\/web\/wp-content\/uploads\/2025\/01\/\ud83d\udd34-Una-familia-de-Concepcion-sigue-enfrentando-las-secuelas-de-una-negligencia-medica-ocurrida-en-2015.jpg",1200,793,false],"thumbnail":["https:\/\/www.koncevisiontv.cl\/web\/wp-content\/uploads\/2025\/01\/\ud83d\udd34-Una-familia-de-Concepcion-sigue-enfrentando-las-secuelas-de-una-negligencia-medica-ocurrida-en-2015-150x150.jpg",150,150,true],"medium":["https:\/\/www.koncevisiontv.cl\/web\/wp-content\/uploads\/2025\/01\/\ud83d\udd34-Una-familia-de-Concepcion-sigue-enfrentando-las-secuelas-de-una-negligencia-medica-ocurrida-en-2015-300x198.jpg",300,198,true],"medium_large":["https:\/\/www.koncevisiontv.cl\/web\/wp-content\/uploads\/2025\/01\/\ud83d\udd34-Una-familia-de-Concepcion-sigue-enfrentando-las-secuelas-de-una-negligencia-medica-ocurrida-en-2015-768x508.jpg",640,423,true],"large":["https:\/\/www.koncevisiontv.cl\/web\/wp-content\/uploads\/2025\/01\/\ud83d\udd34-Una-familia-de-Concepcion-sigue-enfrentando-las-secuelas-de-una-negligencia-medica-ocurrida-en-2015-1024x677.jpg",640,423,true],"1536x1536":["https:\/\/www.koncevisiontv.cl\/web\/wp-content\/uploads\/2025\/01\/\ud83d\udd34-Una-familia-de-Concepcion-sigue-enfrentando-las-secuelas-de-una-negligencia-medica-ocurrida-en-2015.jpg",1200,793,false],"2048x2048":["https:\/\/www.koncevisiontv.cl\/web\/wp-content\/uploads\/2025\/01\/\ud83d\udd34-Una-familia-de-Concepcion-sigue-enfrentando-las-secuelas-de-una-negligencia-medica-ocurrida-en-2015.jpg",1200,793,false],"darknews-featured":["https:\/\/www.koncevisiontv.cl\/web\/wp-content\/uploads\/2025\/01\/\ud83d\udd34-Una-familia-de-Concepcion-sigue-enfrentando-las-secuelas-de-una-negligencia-medica-ocurrida-en-2015-1024x677.jpg",1024,677,true],"darknews-large":["https:\/\/www.koncevisiontv.cl\/web\/wp-content\/uploads\/2025\/01\/\ud83d\udd34-Una-familia-de-Concepcion-sigue-enfrentando-las-secuelas-de-una-negligencia-medica-ocurrida-en-2015-825x575.jpg",825,575,true],"darknews-medium":["https:\/\/www.koncevisiontv.cl\/web\/wp-content\/uploads\/2025\/01\/\ud83d\udd34-Una-familia-de-Concepcion-sigue-enfrentando-las-secuelas-de-una-negligencia-medica-ocurrida-en-2015-590x410.jpg",590,410,true]},"uagb_author_info":{"display_name":"Web-Master","author_link":"https:\/\/www.koncevisiontv.cl\/web\/author\/koncevision\/"},"uagb_comment_info":0,"uagb_excerpt":"\ud83d\udd34 Una familia de Concepci\u00f3n sigue enfrentando las secuelas de una negligencia m\u00e9dica ocurrida en 2015. Un fallo","_links":{"self":[{"href":"https:\/\/www.koncevisiontv.cl\/web\/wp-json\/wp\/v2\/posts\/5039","targetHints":{"allow":["GET"]}}],"collection":[{"href":"https:\/\/www.koncevisiontv.cl\/web\/wp-json\/wp\/v2\/posts"}],"about":[{"href":"https:\/\/www.koncevisiontv.cl\/web\/wp-json\/wp\/v2\/types\/post"}],"author":[{"embeddable":true,"href":"https:\/\/www.koncevisiontv.cl\/web\/wp-json\/wp\/v2\/users\/5"}],"replies":[{"embeddable":true,"href":"https:\/\/www.koncevisiontv.cl\/web\/wp-json\/wp\/v2\/comments?post=5039"}],"version-history":[{"count":1,"href":"https:\/\/www.koncevisiontv.cl\/web\/wp-json\/wp\/v2\/posts\/5039\/revisions"}],"predecessor-version":[{"id":5041,"href":"https:\/\/www.koncevisiontv.cl\/web\/wp-json\/wp\/v2\/posts\/5039\/revisions\/5041"}],"wp:featuredmedia":[{"embeddable":true,"href":"https:\/\/www.koncevisiontv.cl\/web\/wp-json\/wp\/v2\/media\/5040"}],"wp:attachment":[{"href":"https:\/\/www.koncevisiontv.cl\/web\/wp-json\/wp\/v2\/media?parent=5039"}],"wp:term":[{"taxonomy":"category","embeddable":true,"href":"https:\/\/www.koncevisiontv.cl\/web\/wp-json\/wp\/v2\/categories?post=5039"},{"taxonomy":"post_tag","embeddable":true,"href":"https:\/\/www.koncevisiontv.cl\/web\/wp-json\/wp\/v2\/tags?post=5039"}],"curies":[{"name":"wp","href":"https:\/\/api.w.org\/{rel}","templated":true}]}}