{"id":5042,"date":"2025-01-16T23:37:56","date_gmt":"2025-01-17T02:37:56","guid":{"rendered":"https:\/\/www.koncevisiontv.cl\/web\/?p=5042"},"modified":"2025-01-16T23:42:28","modified_gmt":"2025-01-17T02:42:28","slug":"u-de-chile-vs-river-plate","status":"publish","type":"post","link":"https:\/\/www.koncevisiontv.cl\/web\/u-de-chile-vs-river-plate\/","title":{"rendered":"Seguridad en U. de Chile vs River Plate: Drones y cortes en Concepci\u00f3n"},"content":{"rendered":"\n<figure class=\"wp-block-video\"><video height=\"360\" style=\"aspect-ratio: 640 \/ 360;\" width=\"640\" controls src=\"https:\/\/www.koncevisiontv.cl\/web\/wp-content\/uploads\/2025\/01\/AQPOATkvlGDOpAgehVAXJWUxP3cF-XGDJmKpguwOWIwie2yJPij56lBeSPDPL67P-kuUZ9dqT1Rm2RFjjITeaJB51EUJt5FbIe84jNy6gxwCO4MX__U.mp4\"><\/video><\/figure>\n\n\n\n<p class=\"wp-block-paragraph\">El alcalde de Concepci\u00f3n, <strong>H\u00e9ctor Mu\u00f1oz<\/strong>, junto a la <strong>Seremi de Gobierno, Jacqueline C\u00e1rdenas<\/strong>, el <strong>Seremi de Transportes, Patricio Fierro<\/strong>, el <strong>Seremi de Deportes, Cristi\u00e1n Cartes<\/strong> y el <strong>Prefecto de Carabineros de Concepci\u00f3n, Luis Rozas<\/strong>, dieron el vamos al esperado encuentro entre <strong>Universidad de Chile y River Plate<\/strong>, programado para este viernes a las <strong>20:00 horas<\/strong> en el <strong>Estadio Ester Roa Rebolledo<\/strong>.<\/p>\n\n\n\n<p class=\"wp-block-paragraph\">Como parte del plan de <strong>seguridad en U. de Chile vs River Plate<\/strong>, se implementar\u00e1n <strong>drones de vigilancia<\/strong> y un <strong>corte de tr\u00e1nsito en la Avenida Collao<\/strong> a partir de las <strong>17:00 horas<\/strong>, coincidiendo con la apertura de las puertas del estadio. Se recomienda a los asistentes <strong>usar transporte p\u00fablico<\/strong> para evitar la congesti\u00f3n vehicular.<\/p>\n\n\n\n<p class=\"wp-block-paragraph\">El aforo m\u00e1ximo permitido ser\u00e1 de <strong>28.072 espectadores<\/strong>, exclusivamente con <strong>p\u00fablico local<\/strong>. Desde la <strong>Seremi de Deportes<\/strong> indicaron que la implementaci\u00f3n de <strong>drones y mayor resguardo policial<\/strong> busca fomentar el regreso del <strong>p\u00fablico familiar a los estadios<\/strong>.<\/p>\n\n\n\n<p class=\"wp-block-paragraph\">El alcalde <strong>H\u00e9ctor Mu\u00f1oz<\/strong> asegur\u00f3 que han trabajado intensamente para garantizar la <strong>seguridad en U. de Chile vs River Plate<\/strong>, implementando <strong>320 guardias de seguridad<\/strong>, <strong>45 validadores<\/strong> y <strong>50 detectores de metales<\/strong> en los accesos al recinto.<\/p>\n\n\n\n<p class=\"wp-block-paragraph\">Por su parte, la <strong>Seremi de Gobierno, Jacqueline C\u00e1rdenas<\/strong>, destac\u00f3 que, gracias al <strong>uso de drones<\/strong>, se podr\u00e1 monitorear en tiempo real el desarrollo del evento y la seguridad del p\u00fablico asistente.<\/p>\n\n\n\n<p class=\"wp-block-paragraph\">Con estas medidas, la organizaci\u00f3n busca garantizar un evento seguro y ordenado, reforzando la <strong>seguridad en U. de Chile vs River Plate<\/strong> y ofreciendo una experiencia tranquila para los hinchas que asistan al estadio.<\/p>\n","protected":false},"excerpt":{"rendered":"<p>El alcalde de Concepci\u00f3n, H\u00e9ctor Mu\u00f1oz, junto a la Seremi de Gobierno, Jacqueline C\u00e1rdenas, el Seremi de Transportes,<\/p>\n","protected":false},"author":5,"featured_media":5043,"comment_status":"open","ping_status":"open","sticky":false,"template":"","format":"standard","meta":{"_crdt_document":"","_uag_custom_page_level_css":"","_sitemap_exclude":false,"_sitemap_priority":"","_sitemap_frequency":"","_joinchat":[],"footnotes":""},"categories":[430,1,190,14],"tags":[429],"class_list":["post-5042","post","type-post","status-publish","format-standard","has-post-thumbnail","hentry","category-alcalde-de-concepion","category-bio-bio","category-municipalidad-de-concepcion","category-nacional","tag-alcalde-de-concepcion"],"featured_image_urls":{"full":["https:\/\/www.koncevisiontv.cl\/web\/wp-content\/uploads\/2025\/01\/uchileriver.png",1158,451,false],"thumbnail":["https:\/\/www.koncevisiontv.cl\/web\/wp-content\/uploads\/2025\/01\/uchileriver-150x150.png",150,150,true],"medium":["https:\/\/www.koncevisiontv.cl\/web\/wp-content\/uploads\/2025\/01\/uchileriver-300x117.png",300,117,true],"medium_large":["https:\/\/www.koncevisiontv.cl\/web\/wp-content\/uploads\/2025\/01\/uchileriver-768x299.png",640,249,true],"large":["https:\/\/www.koncevisiontv.cl\/web\/wp-content\/uploads\/2025\/01\/uchileriver-1024x399.png",640,249,true],"1536x1536":["https:\/\/www.koncevisiontv.cl\/web\/wp-content\/uploads\/2025\/01\/uchileriver.png",1158,451,false],"2048x2048":["https:\/\/www.koncevisiontv.cl\/web\/wp-content\/uploads\/2025\/01\/uchileriver.png",1158,451,false],"darknews-featured":["https:\/\/www.koncevisiontv.cl\/web\/wp-content\/uploads\/2025\/01\/uchileriver-1024x399.png",1024,399,true],"darknews-large":["https:\/\/www.koncevisiontv.cl\/web\/wp-content\/uploads\/2025\/01\/uchileriver-825x451.png",825,451,true],"darknews-medium":["https:\/\/www.koncevisiontv.cl\/web\/wp-content\/uploads\/2025\/01\/uchileriver-590x410.png",590,410,true]},"author_info":{"info":["Web-Master"]},"category_info":"<a href=\"https:\/\/www.koncevisiontv.cl\/web\/category\/alcalde-de-concepion\/\" rel=\"category tag\">Alcalde De Concepi\u00f3n<\/a> <a href=\"https:\/\/www.koncevisiontv.cl\/web\/category\/bio-bio\/\" rel=\"category tag\">Bio-B\u00edo<\/a> <a href=\"https:\/\/www.koncevisiontv.cl\/web\/category\/municipalidad-de-concepcion\/\" rel=\"category tag\">Municipalidad de Concepci\u00f3n<\/a> <a href=\"https:\/\/www.koncevisiontv.cl\/web\/category\/nacional\/\" rel=\"category tag\">Nacional<\/a>","tag_info":"Nacional","comment_count":"0","uagb_featured_image_src":{"full":["https:\/\/www.koncevisiontv.cl\/web\/wp-content\/uploads\/2025\/01\/uchileriver.png",1158,451,false],"thumbnail":["https:\/\/www.koncevisiontv.cl\/web\/wp-content\/uploads\/2025\/01\/uchileriver-150x150.png",150,150,true],"medium":["https:\/\/www.koncevisiontv.cl\/web\/wp-content\/uploads\/2025\/01\/uchileriver-300x117.png",300,117,true],"medium_large":["https:\/\/www.koncevisiontv.cl\/web\/wp-content\/uploads\/2025\/01\/uchileriver-768x299.png",640,249,true],"large":["https:\/\/www.koncevisiontv.cl\/web\/wp-content\/uploads\/2025\/01\/uchileriver-1024x399.png",640,249,true],"1536x1536":["https:\/\/www.koncevisiontv.cl\/web\/wp-content\/uploads\/2025\/01\/uchileriver.png",1158,451,false],"2048x2048":["https:\/\/www.koncevisiontv.cl\/web\/wp-content\/uploads\/2025\/01\/uchileriver.png",1158,451,false],"darknews-featured":["https:\/\/www.koncevisiontv.cl\/web\/wp-content\/uploads\/2025\/01\/uchileriver-1024x399.png",1024,399,true],"darknews-large":["https:\/\/www.koncevisiontv.cl\/web\/wp-content\/uploads\/2025\/01\/uchileriver-825x451.png",825,451,true],"darknews-medium":["https:\/\/www.koncevisiontv.cl\/web\/wp-content\/uploads\/2025\/01\/uchileriver-590x410.png",590,410,true]},"uagb_author_info":{"display_name":"Web-Master","author_link":"https:\/\/www.koncevisiontv.cl\/web\/author\/koncevision\/"},"uagb_comment_info":2,"uagb_excerpt":"El alcalde de Concepci\u00f3n, H\u00e9ctor Mu\u00f1oz, junto a la Seremi de Gobierno, Jacqueline C\u00e1rdenas, el Seremi de Transportes,","_links":{"self":[{"href":"https:\/\/www.koncevisiontv.cl\/web\/wp-json\/wp\/v2\/posts\/5042","targetHints":{"allow":["GET"]}}],"collection":[{"href":"https:\/\/www.koncevisiontv.cl\/web\/wp-json\/wp\/v2\/posts"}],"about":[{"href":"https:\/\/www.koncevisiontv.cl\/web\/wp-json\/wp\/v2\/types\/post"}],"author":[{"embeddable":true,"href":"https:\/\/www.koncevisiontv.cl\/web\/wp-json\/wp\/v2\/users\/5"}],"replies":[{"embeddable":true,"href":"https:\/\/www.koncevisiontv.cl\/web\/wp-json\/wp\/v2\/comments?post=5042"}],"version-history":[{"count":3,"href":"https:\/\/www.koncevisiontv.cl\/web\/wp-json\/wp\/v2\/posts\/5042\/revisions"}],"predecessor-version":[{"id":5049,"href":"https:\/\/www.koncevisiontv.cl\/web\/wp-json\/wp\/v2\/posts\/5042\/revisions\/5049"}],"wp:featuredmedia":[{"embeddable":true,"href":"https:\/\/www.koncevisiontv.cl\/web\/wp-json\/wp\/v2\/media\/5043"}],"wp:attachment":[{"href":"https:\/\/www.koncevisiontv.cl\/web\/wp-json\/wp\/v2\/media?parent=5042"}],"wp:term":[{"taxonomy":"category","embeddable":true,"href":"https:\/\/www.koncevisiontv.cl\/web\/wp-json\/wp\/v2\/categories?post=5042"},{"taxonomy":"post_tag","embeddable":true,"href":"https:\/\/www.koncevisiontv.cl\/web\/wp-json\/wp\/v2\/tags?post=5042"}],"curies":[{"name":"wp","href":"https:\/\/api.w.org\/{rel}","templated":true}]}}