{"id":5054,"date":"2025-01-17T12:09:27","date_gmt":"2025-01-17T15:09:27","guid":{"rendered":"https:\/\/www.koncevisiontv.cl\/web\/?p=5054"},"modified":"2025-01-17T12:09:30","modified_gmt":"2025-01-17T15:09:30","slug":"asesinato-en-concepcion","status":"publish","type":"post","link":"https:\/\/www.koncevisiontv.cl\/web\/asesinato-en-concepcion\/","title":{"rendered":"Asesinato en Concepci\u00f3n: Ampl\u00edan detenci\u00f3n de sujeto acusado de matar a su suegro"},"content":{"rendered":"\n<p class=\"wp-block-paragraph\">\ud83d\udccd <strong>Concepci\u00f3n, Chile<\/strong> \u2013 La justicia ampli\u00f3 hasta el domingo la detenci\u00f3n del joven acusado de cometer un brutal <strong>asesinato en Concepci\u00f3n<\/strong>, tras apu\u00f1alar a su suegro en plena v\u00eda p\u00fablica.<\/p>\n\n\n\n<p class=\"wp-block-paragraph\">El crimen ocurri\u00f3 el mi\u00e9rcoles en <strong>calle Teniente Merino<\/strong>, donde la v\u00edctima de 54 a\u00f1os fue atacada por la espalda con un cuchillo. El hecho qued\u00f3 registrado en una c\u00e1mara de seguridad, permitiendo a <strong>Carabineros<\/strong> identificar y capturar al presunto responsable.<\/p>\n\n\n\n<h3 class=\"wp-block-heading\"><strong>Detalles del asesinato en Concepci\u00f3n<\/strong><\/h3>\n\n\n\n<p class=\"wp-block-paragraph\">El ataque ocurri\u00f3 mientras la v\u00edctima transitaba por la v\u00eda p\u00fablica, cuando el agresor, un joven de 20 a\u00f1os identificado con las iniciales <strong>C.N.R.F.<\/strong>, lo atac\u00f3 con un arma blanca.<\/p>\n\n\n\n<p class=\"wp-block-paragraph\">Tras el ataque, la v\u00edctima fue trasladada en estado grave al <strong>Hospital Regional de Concepci\u00f3n<\/strong>, donde finalmente falleci\u00f3 debido a la gravedad de sus heridas.<\/p>\n\n\n\n<blockquote class=\"wp-block-quote is-layout-flow wp-block-quote-is-layout-flow\">\n<p class=\"wp-block-paragraph\">\u201cHab\u00eda diligencias pendientes, como el pre-informe de autopsia, y requerimientos de la defensa\u201d, explic\u00f3 la fiscal <strong>Roxana Torres<\/strong>, justificando la ampliaci\u00f3n de la detenci\u00f3n.<\/p>\n<\/blockquote>\n\n\n\n<h3 class=\"wp-block-heading\"><strong>Investigaci\u00f3n en curso<\/strong><\/h3>\n\n\n\n<p class=\"wp-block-paragraph\">Hasta el momento, las autoridades no han determinado el m\u00f3vil del crimen. Sin embargo, la fiscal\u00eda confirm\u00f3 que exist\u00eda una relaci\u00f3n entre el atacante y la v\u00edctima, pues se trataba de su <strong>yerno y suegro<\/strong>.<\/p>\n\n\n\n<p class=\"wp-block-paragraph\">El imputado ser\u00e1 formalizado este domingo a las 10:00 horas, cuando se espera que se entreguen m\u00e1s antecedentes sobre este nuevo <strong>asesinato en Concepci\u00f3n<\/strong>, que ha conmocionado a la comunidad.<\/p>\n","protected":false},"excerpt":{"rendered":"<p>\ud83d\udccd Concepci\u00f3n, Chile \u2013 La justicia ampli\u00f3 hasta el domingo la detenci\u00f3n del joven acusado de cometer un<\/p>\n","protected":false},"author":5,"featured_media":4975,"comment_status":"open","ping_status":"open","sticky":false,"template":"","format":"standard","meta":{"_crdt_document":"","_uag_custom_page_level_css":"","_sitemap_exclude":false,"_sitemap_priority":"","_sitemap_frequency":"","_joinchat":[],"footnotes":""},"categories":[14],"tags":[],"class_list":["post-5054","post","type-post","status-publish","format-standard","has-post-thumbnail","hentry","category-nacional"],"featured_image_urls":{"full":["https:\/\/www.koncevisiontv.cl\/web\/wp-content\/uploads\/2025\/01\/detienen-a-hermano-de-camilo-catrillanca.webp",820,620,false],"thumbnail":["https:\/\/www.koncevisiontv.cl\/web\/wp-content\/uploads\/2025\/01\/detienen-a-hermano-de-camilo-catrillanca-150x150.webp",150,150,true],"medium":["https:\/\/www.koncevisiontv.cl\/web\/wp-content\/uploads\/2025\/01\/detienen-a-hermano-de-camilo-catrillanca-300x227.webp",300,227,true],"medium_large":["https:\/\/www.koncevisiontv.cl\/web\/wp-content\/uploads\/2025\/01\/detienen-a-hermano-de-camilo-catrillanca-768x581.webp",640,484,true],"large":["https:\/\/www.koncevisiontv.cl\/web\/wp-content\/uploads\/2025\/01\/detienen-a-hermano-de-camilo-catrillanca.webp",640,484,false],"1536x1536":["https:\/\/www.koncevisiontv.cl\/web\/wp-content\/uploads\/2025\/01\/detienen-a-hermano-de-camilo-catrillanca.webp",820,620,false],"2048x2048":["https:\/\/www.koncevisiontv.cl\/web\/wp-content\/uploads\/2025\/01\/detienen-a-hermano-de-camilo-catrillanca.webp",820,620,false],"darknews-featured":["https:\/\/www.koncevisiontv.cl\/web\/wp-content\/uploads\/2025\/01\/detienen-a-hermano-de-camilo-catrillanca.webp",820,620,false],"darknews-large":["https:\/\/www.koncevisiontv.cl\/web\/wp-content\/uploads\/2025\/01\/detienen-a-hermano-de-camilo-catrillanca-820x575.webp",820,575,true],"darknews-medium":["https:\/\/www.koncevisiontv.cl\/web\/wp-content\/uploads\/2025\/01\/detienen-a-hermano-de-camilo-catrillanca-590x410.webp",590,410,true]},"author_info":{"info":["Web-Master"]},"category_info":"<a href=\"https:\/\/www.koncevisiontv.cl\/web\/category\/nacional\/\" rel=\"category tag\">Nacional<\/a>","tag_info":"Nacional","comment_count":"0","uagb_featured_image_src":{"full":["https:\/\/www.koncevisiontv.cl\/web\/wp-content\/uploads\/2025\/01\/detienen-a-hermano-de-camilo-catrillanca.webp",820,620,false],"thumbnail":["https:\/\/www.koncevisiontv.cl\/web\/wp-content\/uploads\/2025\/01\/detienen-a-hermano-de-camilo-catrillanca-150x150.webp",150,150,true],"medium":["https:\/\/www.koncevisiontv.cl\/web\/wp-content\/uploads\/2025\/01\/detienen-a-hermano-de-camilo-catrillanca-300x227.webp",300,227,true],"medium_large":["https:\/\/www.koncevisiontv.cl\/web\/wp-content\/uploads\/2025\/01\/detienen-a-hermano-de-camilo-catrillanca-768x581.webp",640,484,true],"large":["https:\/\/www.koncevisiontv.cl\/web\/wp-content\/uploads\/2025\/01\/detienen-a-hermano-de-camilo-catrillanca.webp",640,484,false],"1536x1536":["https:\/\/www.koncevisiontv.cl\/web\/wp-content\/uploads\/2025\/01\/detienen-a-hermano-de-camilo-catrillanca.webp",820,620,false],"2048x2048":["https:\/\/www.koncevisiontv.cl\/web\/wp-content\/uploads\/2025\/01\/detienen-a-hermano-de-camilo-catrillanca.webp",820,620,false],"darknews-featured":["https:\/\/www.koncevisiontv.cl\/web\/wp-content\/uploads\/2025\/01\/detienen-a-hermano-de-camilo-catrillanca.webp",820,620,false],"darknews-large":["https:\/\/www.koncevisiontv.cl\/web\/wp-content\/uploads\/2025\/01\/detienen-a-hermano-de-camilo-catrillanca-820x575.webp",820,575,true],"darknews-medium":["https:\/\/www.koncevisiontv.cl\/web\/wp-content\/uploads\/2025\/01\/detienen-a-hermano-de-camilo-catrillanca-590x410.webp",590,410,true]},"uagb_author_info":{"display_name":"Web-Master","author_link":"https:\/\/www.koncevisiontv.cl\/web\/author\/koncevision\/"},"uagb_comment_info":1,"uagb_excerpt":"\ud83d\udccd Concepci\u00f3n, Chile \u2013 La justicia ampli\u00f3 hasta el domingo la detenci\u00f3n del joven acusado de cometer un","_links":{"self":[{"href":"https:\/\/www.koncevisiontv.cl\/web\/wp-json\/wp\/v2\/posts\/5054","targetHints":{"allow":["GET"]}}],"collection":[{"href":"https:\/\/www.koncevisiontv.cl\/web\/wp-json\/wp\/v2\/posts"}],"about":[{"href":"https:\/\/www.koncevisiontv.cl\/web\/wp-json\/wp\/v2\/types\/post"}],"author":[{"embeddable":true,"href":"https:\/\/www.koncevisiontv.cl\/web\/wp-json\/wp\/v2\/users\/5"}],"replies":[{"embeddable":true,"href":"https:\/\/www.koncevisiontv.cl\/web\/wp-json\/wp\/v2\/comments?post=5054"}],"version-history":[{"count":1,"href":"https:\/\/www.koncevisiontv.cl\/web\/wp-json\/wp\/v2\/posts\/5054\/revisions"}],"predecessor-version":[{"id":5055,"href":"https:\/\/www.koncevisiontv.cl\/web\/wp-json\/wp\/v2\/posts\/5054\/revisions\/5055"}],"wp:featuredmedia":[{"embeddable":true,"href":"https:\/\/www.koncevisiontv.cl\/web\/wp-json\/wp\/v2\/media\/4975"}],"wp:attachment":[{"href":"https:\/\/www.koncevisiontv.cl\/web\/wp-json\/wp\/v2\/media?parent=5054"}],"wp:term":[{"taxonomy":"category","embeddable":true,"href":"https:\/\/www.koncevisiontv.cl\/web\/wp-json\/wp\/v2\/categories?post=5054"},{"taxonomy":"post_tag","embeddable":true,"href":"https:\/\/www.koncevisiontv.cl\/web\/wp-json\/wp\/v2\/tags?post=5054"}],"curies":[{"name":"wp","href":"https:\/\/api.w.org\/{rel}","templated":true}]}}