{"id":5079,"date":"2025-01-17T17:44:31","date_gmt":"2025-01-17T20:44:31","guid":{"rendered":"https:\/\/www.koncevisiontv.cl\/web\/?p=5079"},"modified":"2025-01-17T17:44:33","modified_gmt":"2025-01-17T20:44:33","slug":"investigacion-a-catalina-perez","status":"publish","type":"post","link":"https:\/\/www.koncevisiontv.cl\/web\/investigacion-a-catalina-perez\/","title":{"rendered":"Investigaci\u00f3n a Catalina P\u00e9rez: Fiscal\u00eda allana recinto m\u00e9dico tras detectar chats clave"},"content":{"rendered":"\n<p class=\"wp-block-paragraph\">Una nueva arista judicial complica a la diputada <strong>Catalina P\u00e9rez<\/strong>, quien ahora enfrenta una <strong>investigaci\u00f3n de la Fiscal\u00eda por presunto aborto ilegal<\/strong>.<\/p>\n\n\n\n<p class=\"wp-block-paragraph\">Seg\u00fan inform\u00f3 <strong>La Tercera<\/strong>, el Ministerio P\u00fablico habr\u00eda detectado este posible il\u00edcito tras analizar <strong>chats entre P\u00e9rez y su entonces pareja, Daniel Andrade<\/strong>, en los que se menciona una supuesta interrupci\u00f3n de embarazo fuera de las tres causales permitidas por la ley.<\/p>\n\n\n\n<h4 class=\"wp-block-heading\"><strong>La Fiscal\u00eda y el allanamiento en recinto m\u00e9dico<\/strong><\/h4>\n\n\n\n<p class=\"wp-block-paragraph\">Los mensajes en cuesti\u00f3n datan de <strong>diciembre de 2022<\/strong>, meses antes del esc\u00e1ndalo del <strong>Caso Democracia Viva<\/strong>. Ante estos antecedentes, el <strong>fiscal de Antofagasta, Cristi\u00e1n Aguilar<\/strong>, solicit\u00f3 autorizaci\u00f3n al <strong>Juzgado de Garant\u00eda<\/strong> para emplear los chats como prueba y realizar <strong>diligencias intrusivas<\/strong> en el marco de la <strong>investigaci\u00f3n a Catalina P\u00e9rez<\/strong>.<\/p>\n\n\n\n<p class=\"wp-block-paragraph\">Como parte de estas medidas, el pasado <strong>7 de enero<\/strong>, la Fiscal\u00eda <strong>allan\u00f3 un recinto m\u00e9dico<\/strong> en el sector oriente de la <strong>Regi\u00f3n Metropolitana<\/strong>, incautando documentos y la <strong>ficha cl\u00ednica de la diputada<\/strong>.<\/p>\n\n\n\n<h4 class=\"wp-block-heading\"><strong>Catalina P\u00e9rez en la mira de la justicia<\/strong><\/h4>\n\n\n\n<p class=\"wp-block-paragraph\">Hasta el momento, ni el equipo de <strong>Catalina P\u00e9rez<\/strong> ni la <strong>Fiscal\u00eda<\/strong> han emitido declaraciones sobre el caso. Sin embargo, esta <strong>investigaci\u00f3n a Catalina P\u00e9rez<\/strong> se suma a su ya compleja situaci\u00f3n judicial, pues se encuentra a la espera de que se resuelva la solicitud de <strong>desafuero para su formalizaci\u00f3n en el Caso Democracia Viva<\/strong>.<\/p>\n\n\n\n<p class=\"wp-block-paragraph\">La justicia sigue avanzando en este nuevo proceso, mientras el futuro pol\u00edtico y legal de <strong>Catalina P\u00e9rez<\/strong> permanece en la incertidumbre.<\/p>\n","protected":false},"excerpt":{"rendered":"<p>Una nueva arista judicial complica a la diputada Catalina P\u00e9rez, quien ahora enfrenta una investigaci\u00f3n de la Fiscal\u00eda<\/p>\n","protected":false},"author":5,"featured_media":5080,"comment_status":"open","ping_status":"open","sticky":false,"template":"","format":"standard","meta":{"_crdt_document":"","_uag_custom_page_level_css":"","_sitemap_exclude":false,"_sitemap_priority":"","_sitemap_frequency":"","_joinchat":[],"footnotes":""},"categories":[14],"tags":[],"class_list":["post-5079","post","type-post","status-publish","format-standard","has-post-thumbnail","hentry","category-nacional"],"featured_image_urls":{"full":["https:\/\/www.koncevisiontv.cl\/web\/wp-content\/uploads\/2025\/01\/La-Fiscalia-indaga-a-Catalina-Perez-por-presunto-aborto-ilegal.avif",1023,682,false],"thumbnail":["https:\/\/www.koncevisiontv.cl\/web\/wp-content\/uploads\/2025\/01\/La-Fiscalia-indaga-a-Catalina-Perez-por-presunto-aborto-ilegal-150x150.avif",150,150,true],"medium":["https:\/\/www.koncevisiontv.cl\/web\/wp-content\/uploads\/2025\/01\/La-Fiscalia-indaga-a-Catalina-Perez-por-presunto-aborto-ilegal-300x200.avif",300,200,true],"medium_large":["https:\/\/www.koncevisiontv.cl\/web\/wp-content\/uploads\/2025\/01\/La-Fiscalia-indaga-a-Catalina-Perez-por-presunto-aborto-ilegal-768x512.avif",640,427,true],"large":["https:\/\/www.koncevisiontv.cl\/web\/wp-content\/uploads\/2025\/01\/La-Fiscalia-indaga-a-Catalina-Perez-por-presunto-aborto-ilegal.avif",640,427,false],"1536x1536":["https:\/\/www.koncevisiontv.cl\/web\/wp-content\/uploads\/2025\/01\/La-Fiscalia-indaga-a-Catalina-Perez-por-presunto-aborto-ilegal.avif",1023,682,false],"2048x2048":["https:\/\/www.koncevisiontv.cl\/web\/wp-content\/uploads\/2025\/01\/La-Fiscalia-indaga-a-Catalina-Perez-por-presunto-aborto-ilegal.avif",1023,682,false],"darknews-featured":["https:\/\/www.koncevisiontv.cl\/web\/wp-content\/uploads\/2025\/01\/La-Fiscalia-indaga-a-Catalina-Perez-por-presunto-aborto-ilegal.avif",1023,682,false],"darknews-large":["https:\/\/www.koncevisiontv.cl\/web\/wp-content\/uploads\/2025\/01\/La-Fiscalia-indaga-a-Catalina-Perez-por-presunto-aborto-ilegal-825x575.avif",825,575,true],"darknews-medium":["https:\/\/www.koncevisiontv.cl\/web\/wp-content\/uploads\/2025\/01\/La-Fiscalia-indaga-a-Catalina-Perez-por-presunto-aborto-ilegal-590x410.avif",590,410,true]},"author_info":{"info":["Web-Master"]},"category_info":"<a href=\"https:\/\/www.koncevisiontv.cl\/web\/category\/nacional\/\" rel=\"category tag\">Nacional<\/a>","tag_info":"Nacional","comment_count":"0","uagb_featured_image_src":{"full":["https:\/\/www.koncevisiontv.cl\/web\/wp-content\/uploads\/2025\/01\/La-Fiscalia-indaga-a-Catalina-Perez-por-presunto-aborto-ilegal.avif",1023,682,false],"thumbnail":["https:\/\/www.koncevisiontv.cl\/web\/wp-content\/uploads\/2025\/01\/La-Fiscalia-indaga-a-Catalina-Perez-por-presunto-aborto-ilegal-150x150.avif",150,150,true],"medium":["https:\/\/www.koncevisiontv.cl\/web\/wp-content\/uploads\/2025\/01\/La-Fiscalia-indaga-a-Catalina-Perez-por-presunto-aborto-ilegal-300x200.avif",300,200,true],"medium_large":["https:\/\/www.koncevisiontv.cl\/web\/wp-content\/uploads\/2025\/01\/La-Fiscalia-indaga-a-Catalina-Perez-por-presunto-aborto-ilegal-768x512.avif",640,427,true],"large":["https:\/\/www.koncevisiontv.cl\/web\/wp-content\/uploads\/2025\/01\/La-Fiscalia-indaga-a-Catalina-Perez-por-presunto-aborto-ilegal.avif",640,427,false],"1536x1536":["https:\/\/www.koncevisiontv.cl\/web\/wp-content\/uploads\/2025\/01\/La-Fiscalia-indaga-a-Catalina-Perez-por-presunto-aborto-ilegal.avif",1023,682,false],"2048x2048":["https:\/\/www.koncevisiontv.cl\/web\/wp-content\/uploads\/2025\/01\/La-Fiscalia-indaga-a-Catalina-Perez-por-presunto-aborto-ilegal.avif",1023,682,false],"darknews-featured":["https:\/\/www.koncevisiontv.cl\/web\/wp-content\/uploads\/2025\/01\/La-Fiscalia-indaga-a-Catalina-Perez-por-presunto-aborto-ilegal.avif",1023,682,false],"darknews-large":["https:\/\/www.koncevisiontv.cl\/web\/wp-content\/uploads\/2025\/01\/La-Fiscalia-indaga-a-Catalina-Perez-por-presunto-aborto-ilegal-825x575.avif",825,575,true],"darknews-medium":["https:\/\/www.koncevisiontv.cl\/web\/wp-content\/uploads\/2025\/01\/La-Fiscalia-indaga-a-Catalina-Perez-por-presunto-aborto-ilegal-590x410.avif",590,410,true]},"uagb_author_info":{"display_name":"Web-Master","author_link":"https:\/\/www.koncevisiontv.cl\/web\/author\/koncevision\/"},"uagb_comment_info":2,"uagb_excerpt":"Una nueva arista judicial complica a la diputada Catalina P\u00e9rez, quien ahora enfrenta una investigaci\u00f3n de la Fiscal\u00eda","_links":{"self":[{"href":"https:\/\/www.koncevisiontv.cl\/web\/wp-json\/wp\/v2\/posts\/5079","targetHints":{"allow":["GET"]}}],"collection":[{"href":"https:\/\/www.koncevisiontv.cl\/web\/wp-json\/wp\/v2\/posts"}],"about":[{"href":"https:\/\/www.koncevisiontv.cl\/web\/wp-json\/wp\/v2\/types\/post"}],"author":[{"embeddable":true,"href":"https:\/\/www.koncevisiontv.cl\/web\/wp-json\/wp\/v2\/users\/5"}],"replies":[{"embeddable":true,"href":"https:\/\/www.koncevisiontv.cl\/web\/wp-json\/wp\/v2\/comments?post=5079"}],"version-history":[{"count":1,"href":"https:\/\/www.koncevisiontv.cl\/web\/wp-json\/wp\/v2\/posts\/5079\/revisions"}],"predecessor-version":[{"id":5081,"href":"https:\/\/www.koncevisiontv.cl\/web\/wp-json\/wp\/v2\/posts\/5079\/revisions\/5081"}],"wp:featuredmedia":[{"embeddable":true,"href":"https:\/\/www.koncevisiontv.cl\/web\/wp-json\/wp\/v2\/media\/5080"}],"wp:attachment":[{"href":"https:\/\/www.koncevisiontv.cl\/web\/wp-json\/wp\/v2\/media?parent=5079"}],"wp:term":[{"taxonomy":"category","embeddable":true,"href":"https:\/\/www.koncevisiontv.cl\/web\/wp-json\/wp\/v2\/categories?post=5079"},{"taxonomy":"post_tag","embeddable":true,"href":"https:\/\/www.koncevisiontv.cl\/web\/wp-json\/wp\/v2\/tags?post=5079"}],"curies":[{"name":"wp","href":"https:\/\/api.w.org\/{rel}","templated":true}]}}