{"id":5082,"date":"2025-01-17T18:12:18","date_gmt":"2025-01-17T21:12:18","guid":{"rendered":"https:\/\/www.koncevisiontv.cl\/web\/?p=5082"},"modified":"2025-01-17T18:16:16","modified_gmt":"2025-01-17T21:16:16","slug":"rescate-en-rueda-de-la-fortuna-de-vina-momentos-de-tension","status":"publish","type":"post","link":"https:\/\/www.koncevisiontv.cl\/web\/rescate-en-rueda-de-la-fortuna-de-vina-momentos-de-tension\/","title":{"rendered":"Rescate en Rueda de la Fortuna de Vi\u00f1a del Mar: tensi\u00f3n y acci\u00f3n en plena madrugada"},"content":{"rendered":"\n<p class=\"wp-block-paragraph\">Momentos de m\u00e1xima tensi\u00f3n se vivieron en <strong>Vi\u00f1a del Mar<\/strong> durante la madrugada de este viernes, cuando una <strong>falla mec\u00e1nica detuvo la Rueda de la Fortuna ubicada en la Avenida Per\u00fa<\/strong>, dejando atrapadas a decenas de personas.<\/p>\n\n\n\n<figure class=\"wp-block-video\"><video height=\"1280\" style=\"aspect-ratio: 720 \/ 1280;\" width=\"720\" controls src=\"https:\/\/www.koncevisiontv.cl\/web\/wp-content\/uploads\/2025\/01\/X2Twitter.com_Var9xCho5DWWv9t5_1280p.mp4\"><\/video><\/figure>\n\n\n\n<h4 class=\"wp-block-heading\"><strong>Bomberos en acci\u00f3n: rescate en Rueda de la Fortuna<\/strong><\/h4>\n\n\n\n<p class=\"wp-block-paragraph\">Ante la emergencia, <strong>Bomberos de Vi\u00f1a del Mar<\/strong> despleg\u00f3 un amplio operativo de <strong>rescate en la Rueda de la Fortuna<\/strong>, utilizando una <strong>escalera telesc\u00f3pica<\/strong> para evacuar a los afectados, algunos de los cuales se encontraban <strong>a m\u00e1s de 30 metros de altura<\/strong>.<\/p>\n\n\n\n<p class=\"wp-block-paragraph\">Afortunadamente, pese a la magnitud del incidente, <strong>no se reportaron personas lesionadas<\/strong>.<\/p>\n\n\n\n<h4 class=\"wp-block-heading\"><strong>La Rueda de la Fortuna de Vi\u00f1a del Mar: seguridad y verano<\/strong><\/h4>\n\n\n\n<p class=\"wp-block-paragraph\">Esta ic\u00f3nica <strong>Rueda de la Fortuna<\/strong> cuenta con <strong>24 cabinas cerradas<\/strong> con capacidad para <strong>seis personas cada una<\/strong>. Est\u00e1 programado que permanezca operativa en la <strong>Ciudad Jard\u00edn<\/strong> durante todo el verano.<\/p>\n\n\n\n<p class=\"wp-block-paragraph\">Las autoridades han iniciado una <strong>investigaci\u00f3n para esclarecer las causas exactas de la falla mec\u00e1nica<\/strong>, mientras que los visitantes esperan medidas adicionales para evitar nuevos incidentes.<\/p>\n","protected":false},"excerpt":{"rendered":"<p>Momentos de m\u00e1xima tensi\u00f3n se vivieron en Vi\u00f1a del Mar durante la madrugada de este viernes, cuando una<\/p>\n","protected":false},"author":5,"featured_media":5083,"comment_status":"open","ping_status":"open","sticky":false,"template":"","format":"standard","meta":{"_crdt_document":"","_uag_custom_page_level_css":"","_sitemap_exclude":false,"_sitemap_priority":"","_sitemap_frequency":"","_joinchat":[],"footnotes":""},"categories":[14],"tags":[],"class_list":["post-5082","post","type-post","status-publish","format-standard","has-post-thumbnail","hentry","category-nacional"],"featured_image_urls":{"full":["https:\/\/www.koncevisiontv.cl\/web\/wp-content\/uploads\/2025\/01\/rueda-de-la-fortuna-vina-del-mar.avif",690,502,false],"thumbnail":["https:\/\/www.koncevisiontv.cl\/web\/wp-content\/uploads\/2025\/01\/rueda-de-la-fortuna-vina-del-mar-150x150.avif",150,150,true],"medium":["https:\/\/www.koncevisiontv.cl\/web\/wp-content\/uploads\/2025\/01\/rueda-de-la-fortuna-vina-del-mar-300x218.avif",300,218,true],"medium_large":["https:\/\/www.koncevisiontv.cl\/web\/wp-content\/uploads\/2025\/01\/rueda-de-la-fortuna-vina-del-mar.avif",640,466,false],"large":["https:\/\/www.koncevisiontv.cl\/web\/wp-content\/uploads\/2025\/01\/rueda-de-la-fortuna-vina-del-mar.avif",640,466,false],"1536x1536":["https:\/\/www.koncevisiontv.cl\/web\/wp-content\/uploads\/2025\/01\/rueda-de-la-fortuna-vina-del-mar.avif",690,502,false],"2048x2048":["https:\/\/www.koncevisiontv.cl\/web\/wp-content\/uploads\/2025\/01\/rueda-de-la-fortuna-vina-del-mar.avif",690,502,false],"darknews-featured":["https:\/\/www.koncevisiontv.cl\/web\/wp-content\/uploads\/2025\/01\/rueda-de-la-fortuna-vina-del-mar.avif",690,502,false],"darknews-large":["https:\/\/www.koncevisiontv.cl\/web\/wp-content\/uploads\/2025\/01\/rueda-de-la-fortuna-vina-del-mar.avif",690,502,false],"darknews-medium":["https:\/\/www.koncevisiontv.cl\/web\/wp-content\/uploads\/2025\/01\/rueda-de-la-fortuna-vina-del-mar-590x410.avif",590,410,true]},"author_info":{"info":["Web-Master"]},"category_info":"<a href=\"https:\/\/www.koncevisiontv.cl\/web\/category\/nacional\/\" rel=\"category tag\">Nacional<\/a>","tag_info":"Nacional","comment_count":"0","uagb_featured_image_src":{"full":["https:\/\/www.koncevisiontv.cl\/web\/wp-content\/uploads\/2025\/01\/rueda-de-la-fortuna-vina-del-mar.avif",690,502,false],"thumbnail":["https:\/\/www.koncevisiontv.cl\/web\/wp-content\/uploads\/2025\/01\/rueda-de-la-fortuna-vina-del-mar-150x150.avif",150,150,true],"medium":["https:\/\/www.koncevisiontv.cl\/web\/wp-content\/uploads\/2025\/01\/rueda-de-la-fortuna-vina-del-mar-300x218.avif",300,218,true],"medium_large":["https:\/\/www.koncevisiontv.cl\/web\/wp-content\/uploads\/2025\/01\/rueda-de-la-fortuna-vina-del-mar.avif",640,466,false],"large":["https:\/\/www.koncevisiontv.cl\/web\/wp-content\/uploads\/2025\/01\/rueda-de-la-fortuna-vina-del-mar.avif",640,466,false],"1536x1536":["https:\/\/www.koncevisiontv.cl\/web\/wp-content\/uploads\/2025\/01\/rueda-de-la-fortuna-vina-del-mar.avif",690,502,false],"2048x2048":["https:\/\/www.koncevisiontv.cl\/web\/wp-content\/uploads\/2025\/01\/rueda-de-la-fortuna-vina-del-mar.avif",690,502,false],"darknews-featured":["https:\/\/www.koncevisiontv.cl\/web\/wp-content\/uploads\/2025\/01\/rueda-de-la-fortuna-vina-del-mar.avif",690,502,false],"darknews-large":["https:\/\/www.koncevisiontv.cl\/web\/wp-content\/uploads\/2025\/01\/rueda-de-la-fortuna-vina-del-mar.avif",690,502,false],"darknews-medium":["https:\/\/www.koncevisiontv.cl\/web\/wp-content\/uploads\/2025\/01\/rueda-de-la-fortuna-vina-del-mar-590x410.avif",590,410,true]},"uagb_author_info":{"display_name":"Web-Master","author_link":"https:\/\/www.koncevisiontv.cl\/web\/author\/koncevision\/"},"uagb_comment_info":0,"uagb_excerpt":"Momentos de m\u00e1xima tensi\u00f3n se vivieron en Vi\u00f1a del Mar durante la madrugada de este viernes, cuando una","_links":{"self":[{"href":"https:\/\/www.koncevisiontv.cl\/web\/wp-json\/wp\/v2\/posts\/5082","targetHints":{"allow":["GET"]}}],"collection":[{"href":"https:\/\/www.koncevisiontv.cl\/web\/wp-json\/wp\/v2\/posts"}],"about":[{"href":"https:\/\/www.koncevisiontv.cl\/web\/wp-json\/wp\/v2\/types\/post"}],"author":[{"embeddable":true,"href":"https:\/\/www.koncevisiontv.cl\/web\/wp-json\/wp\/v2\/users\/5"}],"replies":[{"embeddable":true,"href":"https:\/\/www.koncevisiontv.cl\/web\/wp-json\/wp\/v2\/comments?post=5082"}],"version-history":[{"count":2,"href":"https:\/\/www.koncevisiontv.cl\/web\/wp-json\/wp\/v2\/posts\/5082\/revisions"}],"predecessor-version":[{"id":5087,"href":"https:\/\/www.koncevisiontv.cl\/web\/wp-json\/wp\/v2\/posts\/5082\/revisions\/5087"}],"wp:featuredmedia":[{"embeddable":true,"href":"https:\/\/www.koncevisiontv.cl\/web\/wp-json\/wp\/v2\/media\/5083"}],"wp:attachment":[{"href":"https:\/\/www.koncevisiontv.cl\/web\/wp-json\/wp\/v2\/media?parent=5082"}],"wp:term":[{"taxonomy":"category","embeddable":true,"href":"https:\/\/www.koncevisiontv.cl\/web\/wp-json\/wp\/v2\/categories?post=5082"},{"taxonomy":"post_tag","embeddable":true,"href":"https:\/\/www.koncevisiontv.cl\/web\/wp-json\/wp\/v2\/tags?post=5082"}],"curies":[{"name":"wp","href":"https:\/\/api.w.org\/{rel}","templated":true}]}}