{"id":5088,"date":"2025-01-17T18:34:14","date_gmt":"2025-01-17T21:34:14","guid":{"rendered":"https:\/\/www.koncevisiontv.cl\/web\/?p=5088"},"modified":"2025-01-17T18:39:17","modified_gmt":"2025-01-17T21:39:17","slug":"desaparicion-de-maria-elcira-contreras-8-meses-sin-respuestas","status":"publish","type":"post","link":"https:\/\/www.koncevisiontv.cl\/web\/desaparicion-de-maria-elcira-contreras-8-meses-sin-respuestas\/","title":{"rendered":"Desaparici\u00f3n de Mar\u00eda Elcira Contreras: 8 meses sin respuestas y el clamor de su familia"},"content":{"rendered":"\n<p class=\"wp-block-paragraph\">El pasado 12 de enero se cumplieron <strong>ocho meses desde la desaparici\u00f3n de Mar\u00eda Elcira Contreras en Limache<\/strong>. La incertidumbre y el dolor siguen afectando a su familia, que no pierde la esperanza de encontrarla.<\/p>\n\n\n\n<h4 class=\"wp-block-heading\"><strong>El desgarrador mensaje de su hermana<\/strong><\/h4>\n\n\n\n<p class=\"wp-block-paragraph\">Marcela Contreras, hermana de Mar\u00eda Elcira, comparti\u00f3 un <strong>conmovedor mensaje<\/strong> en redes sociales:<\/p>\n\n\n\n<p class=\"wp-block-paragraph\"><em>&#8220;No s\u00e9 cu\u00e1ntos meses m\u00e1s debemos esperar para saber de ti. \u00bfD\u00f3nde est\u00e1s? \u00bfQui\u00e9n te separ\u00f3 de las personas que amabas?&#8221;<\/em><\/p>\n\n\n\n<p class=\"wp-block-paragraph\">En su mensaje, expresa la angustia de la familia, que a\u00fan no tiene respuestas.<\/p>\n\n\n\n<h4 class=\"wp-block-heading\"><strong>El pedido desesperado a la Fiscal\u00eda<\/strong><\/h4>\n\n\n\n<p class=\"wp-block-paragraph\">Marcela tambi\u00e9n <strong>hizo un llamado al fiscal<\/strong> encargado del caso:<\/p>\n\n\n\n<p class=\"wp-block-paragraph\"><em>&#8220;Se\u00f1or fiscal, por favor, p\u00f3ngase en nuestro lugar y piense en el sufrimiento de una familia que pierde a su madre, hermana o abuela. Seguiremos esperando y pidiendo respuestas.&#8221;<\/em><\/p>\n\n\n\n<p class=\"wp-block-paragraph\">La desaparici\u00f3n de Mar\u00eda Elcira Contreras ha dejado una profunda marca en su familia y en la comunidad de Limache, que a\u00fan espera saber <strong>qu\u00e9 pas\u00f3 con ella<\/strong>.<\/p>\n","protected":false},"excerpt":{"rendered":"<p>El pasado 12 de enero se cumplieron ocho meses desde la desaparici\u00f3n de Mar\u00eda Elcira Contreras en Limache.<\/p>\n","protected":false},"author":5,"featured_media":5089,"comment_status":"open","ping_status":"open","sticky":false,"template":"","format":"standard","meta":{"_crdt_document":"","_uag_custom_page_level_css":"","_sitemap_exclude":false,"_sitemap_priority":"","_sitemap_frequency":"","_joinchat":[],"footnotes":""},"categories":[14],"tags":[],"class_list":["post-5088","post","type-post","status-publish","format-standard","has-post-thumbnail","hentry","category-nacional"],"featured_image_urls":{"full":["https:\/\/www.koncevisiontv.cl\/web\/wp-content\/uploads\/2025\/01\/El-mensaje-de-Marcela-Contreras-al-fiscal-caso-maria-elcira.avif",1023,682,false],"thumbnail":["https:\/\/www.koncevisiontv.cl\/web\/wp-content\/uploads\/2025\/01\/El-mensaje-de-Marcela-Contreras-al-fiscal-caso-maria-elcira-150x150.avif",150,150,true],"medium":["https:\/\/www.koncevisiontv.cl\/web\/wp-content\/uploads\/2025\/01\/El-mensaje-de-Marcela-Contreras-al-fiscal-caso-maria-elcira-300x200.avif",300,200,true],"medium_large":["https:\/\/www.koncevisiontv.cl\/web\/wp-content\/uploads\/2025\/01\/El-mensaje-de-Marcela-Contreras-al-fiscal-caso-maria-elcira-768x512.avif",640,427,true],"large":["https:\/\/www.koncevisiontv.cl\/web\/wp-content\/uploads\/2025\/01\/El-mensaje-de-Marcela-Contreras-al-fiscal-caso-maria-elcira.avif",640,427,false],"1536x1536":["https:\/\/www.koncevisiontv.cl\/web\/wp-content\/uploads\/2025\/01\/El-mensaje-de-Marcela-Contreras-al-fiscal-caso-maria-elcira.avif",1023,682,false],"2048x2048":["https:\/\/www.koncevisiontv.cl\/web\/wp-content\/uploads\/2025\/01\/El-mensaje-de-Marcela-Contreras-al-fiscal-caso-maria-elcira.avif",1023,682,false],"darknews-featured":["https:\/\/www.koncevisiontv.cl\/web\/wp-content\/uploads\/2025\/01\/El-mensaje-de-Marcela-Contreras-al-fiscal-caso-maria-elcira.avif",1023,682,false],"darknews-large":["https:\/\/www.koncevisiontv.cl\/web\/wp-content\/uploads\/2025\/01\/El-mensaje-de-Marcela-Contreras-al-fiscal-caso-maria-elcira-825x575.avif",825,575,true],"darknews-medium":["https:\/\/www.koncevisiontv.cl\/web\/wp-content\/uploads\/2025\/01\/El-mensaje-de-Marcela-Contreras-al-fiscal-caso-maria-elcira-590x410.avif",590,410,true]},"author_info":{"info":["Web-Master"]},"category_info":"<a href=\"https:\/\/www.koncevisiontv.cl\/web\/category\/nacional\/\" rel=\"category tag\">Nacional<\/a>","tag_info":"Nacional","comment_count":"0","uagb_featured_image_src":{"full":["https:\/\/www.koncevisiontv.cl\/web\/wp-content\/uploads\/2025\/01\/El-mensaje-de-Marcela-Contreras-al-fiscal-caso-maria-elcira.avif",1023,682,false],"thumbnail":["https:\/\/www.koncevisiontv.cl\/web\/wp-content\/uploads\/2025\/01\/El-mensaje-de-Marcela-Contreras-al-fiscal-caso-maria-elcira-150x150.avif",150,150,true],"medium":["https:\/\/www.koncevisiontv.cl\/web\/wp-content\/uploads\/2025\/01\/El-mensaje-de-Marcela-Contreras-al-fiscal-caso-maria-elcira-300x200.avif",300,200,true],"medium_large":["https:\/\/www.koncevisiontv.cl\/web\/wp-content\/uploads\/2025\/01\/El-mensaje-de-Marcela-Contreras-al-fiscal-caso-maria-elcira-768x512.avif",640,427,true],"large":["https:\/\/www.koncevisiontv.cl\/web\/wp-content\/uploads\/2025\/01\/El-mensaje-de-Marcela-Contreras-al-fiscal-caso-maria-elcira.avif",640,427,false],"1536x1536":["https:\/\/www.koncevisiontv.cl\/web\/wp-content\/uploads\/2025\/01\/El-mensaje-de-Marcela-Contreras-al-fiscal-caso-maria-elcira.avif",1023,682,false],"2048x2048":["https:\/\/www.koncevisiontv.cl\/web\/wp-content\/uploads\/2025\/01\/El-mensaje-de-Marcela-Contreras-al-fiscal-caso-maria-elcira.avif",1023,682,false],"darknews-featured":["https:\/\/www.koncevisiontv.cl\/web\/wp-content\/uploads\/2025\/01\/El-mensaje-de-Marcela-Contreras-al-fiscal-caso-maria-elcira.avif",1023,682,false],"darknews-large":["https:\/\/www.koncevisiontv.cl\/web\/wp-content\/uploads\/2025\/01\/El-mensaje-de-Marcela-Contreras-al-fiscal-caso-maria-elcira-825x575.avif",825,575,true],"darknews-medium":["https:\/\/www.koncevisiontv.cl\/web\/wp-content\/uploads\/2025\/01\/El-mensaje-de-Marcela-Contreras-al-fiscal-caso-maria-elcira-590x410.avif",590,410,true]},"uagb_author_info":{"display_name":"Web-Master","author_link":"https:\/\/www.koncevisiontv.cl\/web\/author\/koncevision\/"},"uagb_comment_info":1,"uagb_excerpt":"El pasado 12 de enero se cumplieron ocho meses desde la desaparici\u00f3n de Mar\u00eda Elcira Contreras en Limache.","_links":{"self":[{"href":"https:\/\/www.koncevisiontv.cl\/web\/wp-json\/wp\/v2\/posts\/5088","targetHints":{"allow":["GET"]}}],"collection":[{"href":"https:\/\/www.koncevisiontv.cl\/web\/wp-json\/wp\/v2\/posts"}],"about":[{"href":"https:\/\/www.koncevisiontv.cl\/web\/wp-json\/wp\/v2\/types\/post"}],"author":[{"embeddable":true,"href":"https:\/\/www.koncevisiontv.cl\/web\/wp-json\/wp\/v2\/users\/5"}],"replies":[{"embeddable":true,"href":"https:\/\/www.koncevisiontv.cl\/web\/wp-json\/wp\/v2\/comments?post=5088"}],"version-history":[{"count":1,"href":"https:\/\/www.koncevisiontv.cl\/web\/wp-json\/wp\/v2\/posts\/5088\/revisions"}],"predecessor-version":[{"id":5090,"href":"https:\/\/www.koncevisiontv.cl\/web\/wp-json\/wp\/v2\/posts\/5088\/revisions\/5090"}],"wp:featuredmedia":[{"embeddable":true,"href":"https:\/\/www.koncevisiontv.cl\/web\/wp-json\/wp\/v2\/media\/5089"}],"wp:attachment":[{"href":"https:\/\/www.koncevisiontv.cl\/web\/wp-json\/wp\/v2\/media?parent=5088"}],"wp:term":[{"taxonomy":"category","embeddable":true,"href":"https:\/\/www.koncevisiontv.cl\/web\/wp-json\/wp\/v2\/categories?post=5088"},{"taxonomy":"post_tag","embeddable":true,"href":"https:\/\/www.koncevisiontv.cl\/web\/wp-json\/wp\/v2\/tags?post=5088"}],"curies":[{"name":"wp","href":"https:\/\/api.w.org\/{rel}","templated":true}]}}