{"id":5092,"date":"2025-01-17T20:17:57","date_gmt":"2025-01-17T23:17:57","guid":{"rendered":"https:\/\/www.koncevisiontv.cl\/web\/?p=5092"},"modified":"2025-01-17T20:18:00","modified_gmt":"2025-01-17T23:18:00","slug":"filtraciones-contra-catalina-perez-su-dura-reaccion-y-defensa","status":"publish","type":"post","link":"https:\/\/www.koncevisiontv.cl\/web\/filtraciones-contra-catalina-perez-su-dura-reaccion-y-defensa\/","title":{"rendered":"Filtraciones contra Catalina P\u00e9rez: su dura reacci\u00f3n y defensa"},"content":{"rendered":"\n<p class=\"wp-block-paragraph\"><strong>Filtraciones contra Catalina P\u00e9rez<\/strong> &#8211; La diputada <strong>Catalina P\u00e9rez<\/strong> rompi\u00f3 el silencio tras la difusi\u00f3n de <strong>filtraciones sobre dos investigaciones en su contra<\/strong>: una por el <strong>Caso Democracia Viva<\/strong> y otra por un <strong>presunto aborto clandestino<\/strong>.<\/p>\n\n\n\n<p class=\"wp-block-paragraph\">En un video publicado en sus redes sociales, la parlamentaria calific\u00f3 estas filtraciones como una estrategia para <strong>da\u00f1ar su imagen p\u00fablica<\/strong> y neg\u00f3 haber cometido delitos.<\/p>\n\n\n\n<h4 class=\"wp-block-heading\"><strong>La defensa de Catalina P\u00e9rez sobre Democracia Viva<\/strong><\/h4>\n\n\n\n<p class=\"wp-block-paragraph\">Respecto a los chats filtrados con su expareja <strong>Daniel Andrade<\/strong>, P\u00e9rez asegur\u00f3 que estos <strong>&#8220;corroboran&#8221;<\/strong> que nunca intervino en la firma de convenios.<\/p>\n\n\n\n<p class=\"wp-block-paragraph\"><em>&#8220;No hice nada para que estos convenios se concretaran, no recib\u00ed ni un peso y no conoc\u00eda los detalles financieros u operacionales&#8221;<\/em>, afirm\u00f3.<\/p>\n\n\n\n<p class=\"wp-block-paragraph\">Si bien reconoci\u00f3 que algunos mensajes filtrados pueden parecer <strong>&#8220;impudentes&#8221;<\/strong>, insisti\u00f3 en que estos <strong>no prueban fraude al fisco<\/strong>.<\/p>\n\n\n\n<h4 class=\"wp-block-heading\"><strong>Rechazo a la filtraci\u00f3n sobre una investigaci\u00f3n por aborto<\/strong><\/h4>\n\n\n\n<p class=\"wp-block-paragraph\">Otro de los puntos que la diputada conden\u00f3 fue la revelaci\u00f3n de una <strong>investigaci\u00f3n paralela<\/strong> relacionada con su informaci\u00f3n ginecol\u00f3gica.<\/p>\n\n\n\n<p class=\"wp-block-paragraph\"><em>&#8220;Me parece miserable. Como no hay pruebas de fraude al fisco, ahora buscan en mis fichas m\u00e9dicas un fundamento para culparme&#8221;<\/em>, se\u00f1al\u00f3.<\/p>\n\n\n\n<p class=\"wp-block-paragraph\">Finalmente, calific\u00f3 la filtraci\u00f3n como <strong>&#8220;un exceso que no tiene nombre&#8221;<\/strong>, acusando un intento de <strong>persecuci\u00f3n en su contra<\/strong>.<\/p>\n","protected":false},"excerpt":{"rendered":"<p>Filtraciones contra Catalina P\u00e9rez &#8211; La diputada Catalina P\u00e9rez rompi\u00f3 el silencio tras la difusi\u00f3n de filtraciones sobre<\/p>\n","protected":false},"author":5,"featured_media":5080,"comment_status":"open","ping_status":"open","sticky":false,"template":"","format":"standard","meta":{"_crdt_document":"","_uag_custom_page_level_css":"","_sitemap_exclude":false,"_sitemap_priority":"","_sitemap_frequency":"","_joinchat":[],"footnotes":""},"categories":[14],"tags":[],"class_list":["post-5092","post","type-post","status-publish","format-standard","has-post-thumbnail","hentry","category-nacional"],"featured_image_urls":{"full":["https:\/\/www.koncevisiontv.cl\/web\/wp-content\/uploads\/2025\/01\/La-Fiscalia-indaga-a-Catalina-Perez-por-presunto-aborto-ilegal.avif",1023,682,false],"thumbnail":["https:\/\/www.koncevisiontv.cl\/web\/wp-content\/uploads\/2025\/01\/La-Fiscalia-indaga-a-Catalina-Perez-por-presunto-aborto-ilegal-150x150.avif",150,150,true],"medium":["https:\/\/www.koncevisiontv.cl\/web\/wp-content\/uploads\/2025\/01\/La-Fiscalia-indaga-a-Catalina-Perez-por-presunto-aborto-ilegal-300x200.avif",300,200,true],"medium_large":["https:\/\/www.koncevisiontv.cl\/web\/wp-content\/uploads\/2025\/01\/La-Fiscalia-indaga-a-Catalina-Perez-por-presunto-aborto-ilegal-768x512.avif",640,427,true],"large":["https:\/\/www.koncevisiontv.cl\/web\/wp-content\/uploads\/2025\/01\/La-Fiscalia-indaga-a-Catalina-Perez-por-presunto-aborto-ilegal.avif",640,427,false],"1536x1536":["https:\/\/www.koncevisiontv.cl\/web\/wp-content\/uploads\/2025\/01\/La-Fiscalia-indaga-a-Catalina-Perez-por-presunto-aborto-ilegal.avif",1023,682,false],"2048x2048":["https:\/\/www.koncevisiontv.cl\/web\/wp-content\/uploads\/2025\/01\/La-Fiscalia-indaga-a-Catalina-Perez-por-presunto-aborto-ilegal.avif",1023,682,false],"darknews-featured":["https:\/\/www.koncevisiontv.cl\/web\/wp-content\/uploads\/2025\/01\/La-Fiscalia-indaga-a-Catalina-Perez-por-presunto-aborto-ilegal.avif",1023,682,false],"darknews-large":["https:\/\/www.koncevisiontv.cl\/web\/wp-content\/uploads\/2025\/01\/La-Fiscalia-indaga-a-Catalina-Perez-por-presunto-aborto-ilegal-825x575.avif",825,575,true],"darknews-medium":["https:\/\/www.koncevisiontv.cl\/web\/wp-content\/uploads\/2025\/01\/La-Fiscalia-indaga-a-Catalina-Perez-por-presunto-aborto-ilegal-590x410.avif",590,410,true]},"author_info":{"info":["Web-Master"]},"category_info":"<a href=\"https:\/\/www.koncevisiontv.cl\/web\/category\/nacional\/\" rel=\"category tag\">Nacional<\/a>","tag_info":"Nacional","comment_count":"0","uagb_featured_image_src":{"full":["https:\/\/www.koncevisiontv.cl\/web\/wp-content\/uploads\/2025\/01\/La-Fiscalia-indaga-a-Catalina-Perez-por-presunto-aborto-ilegal.avif",1023,682,false],"thumbnail":["https:\/\/www.koncevisiontv.cl\/web\/wp-content\/uploads\/2025\/01\/La-Fiscalia-indaga-a-Catalina-Perez-por-presunto-aborto-ilegal-150x150.avif",150,150,true],"medium":["https:\/\/www.koncevisiontv.cl\/web\/wp-content\/uploads\/2025\/01\/La-Fiscalia-indaga-a-Catalina-Perez-por-presunto-aborto-ilegal-300x200.avif",300,200,true],"medium_large":["https:\/\/www.koncevisiontv.cl\/web\/wp-content\/uploads\/2025\/01\/La-Fiscalia-indaga-a-Catalina-Perez-por-presunto-aborto-ilegal-768x512.avif",640,427,true],"large":["https:\/\/www.koncevisiontv.cl\/web\/wp-content\/uploads\/2025\/01\/La-Fiscalia-indaga-a-Catalina-Perez-por-presunto-aborto-ilegal.avif",640,427,false],"1536x1536":["https:\/\/www.koncevisiontv.cl\/web\/wp-content\/uploads\/2025\/01\/La-Fiscalia-indaga-a-Catalina-Perez-por-presunto-aborto-ilegal.avif",1023,682,false],"2048x2048":["https:\/\/www.koncevisiontv.cl\/web\/wp-content\/uploads\/2025\/01\/La-Fiscalia-indaga-a-Catalina-Perez-por-presunto-aborto-ilegal.avif",1023,682,false],"darknews-featured":["https:\/\/www.koncevisiontv.cl\/web\/wp-content\/uploads\/2025\/01\/La-Fiscalia-indaga-a-Catalina-Perez-por-presunto-aborto-ilegal.avif",1023,682,false],"darknews-large":["https:\/\/www.koncevisiontv.cl\/web\/wp-content\/uploads\/2025\/01\/La-Fiscalia-indaga-a-Catalina-Perez-por-presunto-aborto-ilegal-825x575.avif",825,575,true],"darknews-medium":["https:\/\/www.koncevisiontv.cl\/web\/wp-content\/uploads\/2025\/01\/La-Fiscalia-indaga-a-Catalina-Perez-por-presunto-aborto-ilegal-590x410.avif",590,410,true]},"uagb_author_info":{"display_name":"Web-Master","author_link":"https:\/\/www.koncevisiontv.cl\/web\/author\/koncevision\/"},"uagb_comment_info":1,"uagb_excerpt":"Filtraciones contra Catalina P\u00e9rez &#8211; La diputada Catalina P\u00e9rez rompi\u00f3 el silencio tras la difusi\u00f3n de filtraciones sobre","_links":{"self":[{"href":"https:\/\/www.koncevisiontv.cl\/web\/wp-json\/wp\/v2\/posts\/5092","targetHints":{"allow":["GET"]}}],"collection":[{"href":"https:\/\/www.koncevisiontv.cl\/web\/wp-json\/wp\/v2\/posts"}],"about":[{"href":"https:\/\/www.koncevisiontv.cl\/web\/wp-json\/wp\/v2\/types\/post"}],"author":[{"embeddable":true,"href":"https:\/\/www.koncevisiontv.cl\/web\/wp-json\/wp\/v2\/users\/5"}],"replies":[{"embeddable":true,"href":"https:\/\/www.koncevisiontv.cl\/web\/wp-json\/wp\/v2\/comments?post=5092"}],"version-history":[{"count":1,"href":"https:\/\/www.koncevisiontv.cl\/web\/wp-json\/wp\/v2\/posts\/5092\/revisions"}],"predecessor-version":[{"id":5093,"href":"https:\/\/www.koncevisiontv.cl\/web\/wp-json\/wp\/v2\/posts\/5092\/revisions\/5093"}],"wp:featuredmedia":[{"embeddable":true,"href":"https:\/\/www.koncevisiontv.cl\/web\/wp-json\/wp\/v2\/media\/5080"}],"wp:attachment":[{"href":"https:\/\/www.koncevisiontv.cl\/web\/wp-json\/wp\/v2\/media?parent=5092"}],"wp:term":[{"taxonomy":"category","embeddable":true,"href":"https:\/\/www.koncevisiontv.cl\/web\/wp-json\/wp\/v2\/categories?post=5092"},{"taxonomy":"post_tag","embeddable":true,"href":"https:\/\/www.koncevisiontv.cl\/web\/wp-json\/wp\/v2\/tags?post=5092"}],"curies":[{"name":"wp","href":"https:\/\/api.w.org\/{rel}","templated":true}]}}