{"id":5097,"date":"2025-01-18T23:06:14","date_gmt":"2025-01-19T02:06:14","guid":{"rendered":"https:\/\/www.koncevisiontv.cl\/web\/?p=5097"},"modified":"2025-01-18T23:06:18","modified_gmt":"2025-01-19T02:06:18","slug":"adolescente-muere-ahogado-en-saltos-del-laja","status":"publish","type":"post","link":"https:\/\/www.koncevisiontv.cl\/web\/adolescente-muere-ahogado-en-saltos-del-laja\/","title":{"rendered":"Adolescente muere ahogado en Saltos del Laja: tragedia en camping"},"content":{"rendered":"\n<p class=\"wp-block-paragraph\">Un lamentable suceso ocurri\u00f3 este s\u00e1bado en <strong>Saltos del Laja<\/strong>, donde un <strong>Adolescente muere ahogado en Saltos del Laja<\/strong> mientras se ba\u00f1aba en un camping del sector.<\/p>\n\n\n\n<p class=\"wp-block-paragraph\">Pese a los <strong>intentos de reanimaci\u00f3n<\/strong>, el menor falleci\u00f3 en el lugar, lo que gener\u00f3 conmoci\u00f3n entre los asistentes y su familia.<\/p>\n\n\n\n<h4 class=\"wp-block-heading\"><strong>Los detalles del tr\u00e1gico incidente<\/strong><\/h4>\n\n\n\n<p class=\"wp-block-paragraph\">De acuerdo con la informaci\u00f3n entregada por <strong>la Brigada de Homicidios de la PDI<\/strong>, el menor se encontraba nadando en un <strong>poz\u00f3n del r\u00edo Saltos del Laja<\/strong>, cuando repentinamente se sumergi\u00f3 y no logr\u00f3 salir a la superficie.<\/p>\n\n\n\n<p class=\"wp-block-paragraph\"><em>&#8220;Sus padres escucharon un grito antes de que desapareciera en el agua&#8221;<\/em>, relat\u00f3 el mayor <strong>Paul Rossel<\/strong>, comisario de la Quinta Comisar\u00eda de Yumbel.<\/p>\n\n\n\n<p class=\"wp-block-paragraph\">Minutos despu\u00e9s, equipos de emergencia llegaron al lugar, pero <strong>ya no hab\u00eda nada que hacer<\/strong>. El cuerpo fue trasladado al <strong>Servicio M\u00e9dico Legal de Los \u00c1ngeles<\/strong>, mientras la <strong>PDI investiga el caso<\/strong>.<\/p>\n\n\n\n<h4 class=\"wp-block-heading\"><strong>Autoridades hacen llamado al autocuidado<\/strong><\/h4>\n\n\n\n<p class=\"wp-block-paragraph\">Tras la tragedia, el mayor Rossel inst\u00f3 a la comunidad a <strong>tomar precauciones<\/strong> al visitar el sector, ya que las corrientes del r\u00edo pueden ser <strong>peligrosas<\/strong>.<\/p>\n\n\n\n<p class=\"wp-block-paragraph\"><em>&#8220;No dejen a los j\u00f3venes solos. Las corrientes en Saltos del Laja son fuertes, es fundamental el autocuidado&#8221;<\/em>, enfatiz\u00f3.<\/p>\n","protected":false},"excerpt":{"rendered":"<p>Un lamentable suceso ocurri\u00f3 este s\u00e1bado en Saltos del Laja, donde un Adolescente muere ahogado en Saltos del<\/p>\n","protected":false},"author":5,"featured_media":5098,"comment_status":"open","ping_status":"open","sticky":false,"template":"","format":"standard","meta":{"_crdt_document":"","_uag_custom_page_level_css":"","_sitemap_exclude":false,"_sitemap_priority":"","_sitemap_frequency":"","_joinchat":[],"footnotes":""},"categories":[14],"tags":[],"class_list":["post-5097","post","type-post","status-publish","format-standard","has-post-thumbnail","hentry","category-nacional"],"featured_image_urls":{"full":["https:\/\/www.koncevisiontv.cl\/web\/wp-content\/uploads\/2025\/01\/Adolescente-muere-ahogado-en-Saltos-del-Laja.jpg",800,554,false],"thumbnail":["https:\/\/www.koncevisiontv.cl\/web\/wp-content\/uploads\/2025\/01\/Adolescente-muere-ahogado-en-Saltos-del-Laja-150x150.jpg",150,150,true],"medium":["https:\/\/www.koncevisiontv.cl\/web\/wp-content\/uploads\/2025\/01\/Adolescente-muere-ahogado-en-Saltos-del-Laja-300x208.jpg",300,208,true],"medium_large":["https:\/\/www.koncevisiontv.cl\/web\/wp-content\/uploads\/2025\/01\/Adolescente-muere-ahogado-en-Saltos-del-Laja-768x532.jpg",640,443,true],"large":["https:\/\/www.koncevisiontv.cl\/web\/wp-content\/uploads\/2025\/01\/Adolescente-muere-ahogado-en-Saltos-del-Laja.jpg",640,443,false],"1536x1536":["https:\/\/www.koncevisiontv.cl\/web\/wp-content\/uploads\/2025\/01\/Adolescente-muere-ahogado-en-Saltos-del-Laja.jpg",800,554,false],"2048x2048":["https:\/\/www.koncevisiontv.cl\/web\/wp-content\/uploads\/2025\/01\/Adolescente-muere-ahogado-en-Saltos-del-Laja.jpg",800,554,false],"darknews-featured":["https:\/\/www.koncevisiontv.cl\/web\/wp-content\/uploads\/2025\/01\/Adolescente-muere-ahogado-en-Saltos-del-Laja.jpg",800,554,false],"darknews-large":["https:\/\/www.koncevisiontv.cl\/web\/wp-content\/uploads\/2025\/01\/Adolescente-muere-ahogado-en-Saltos-del-Laja.jpg",800,554,false],"darknews-medium":["https:\/\/www.koncevisiontv.cl\/web\/wp-content\/uploads\/2025\/01\/Adolescente-muere-ahogado-en-Saltos-del-Laja-590x410.jpg",590,410,true]},"author_info":{"info":["Web-Master"]},"category_info":"<a href=\"https:\/\/www.koncevisiontv.cl\/web\/category\/nacional\/\" rel=\"category tag\">Nacional<\/a>","tag_info":"Nacional","comment_count":"0","uagb_featured_image_src":{"full":["https:\/\/www.koncevisiontv.cl\/web\/wp-content\/uploads\/2025\/01\/Adolescente-muere-ahogado-en-Saltos-del-Laja.jpg",800,554,false],"thumbnail":["https:\/\/www.koncevisiontv.cl\/web\/wp-content\/uploads\/2025\/01\/Adolescente-muere-ahogado-en-Saltos-del-Laja-150x150.jpg",150,150,true],"medium":["https:\/\/www.koncevisiontv.cl\/web\/wp-content\/uploads\/2025\/01\/Adolescente-muere-ahogado-en-Saltos-del-Laja-300x208.jpg",300,208,true],"medium_large":["https:\/\/www.koncevisiontv.cl\/web\/wp-content\/uploads\/2025\/01\/Adolescente-muere-ahogado-en-Saltos-del-Laja-768x532.jpg",640,443,true],"large":["https:\/\/www.koncevisiontv.cl\/web\/wp-content\/uploads\/2025\/01\/Adolescente-muere-ahogado-en-Saltos-del-Laja.jpg",640,443,false],"1536x1536":["https:\/\/www.koncevisiontv.cl\/web\/wp-content\/uploads\/2025\/01\/Adolescente-muere-ahogado-en-Saltos-del-Laja.jpg",800,554,false],"2048x2048":["https:\/\/www.koncevisiontv.cl\/web\/wp-content\/uploads\/2025\/01\/Adolescente-muere-ahogado-en-Saltos-del-Laja.jpg",800,554,false],"darknews-featured":["https:\/\/www.koncevisiontv.cl\/web\/wp-content\/uploads\/2025\/01\/Adolescente-muere-ahogado-en-Saltos-del-Laja.jpg",800,554,false],"darknews-large":["https:\/\/www.koncevisiontv.cl\/web\/wp-content\/uploads\/2025\/01\/Adolescente-muere-ahogado-en-Saltos-del-Laja.jpg",800,554,false],"darknews-medium":["https:\/\/www.koncevisiontv.cl\/web\/wp-content\/uploads\/2025\/01\/Adolescente-muere-ahogado-en-Saltos-del-Laja-590x410.jpg",590,410,true]},"uagb_author_info":{"display_name":"Web-Master","author_link":"https:\/\/www.koncevisiontv.cl\/web\/author\/koncevision\/"},"uagb_comment_info":1,"uagb_excerpt":"Un lamentable suceso ocurri\u00f3 este s\u00e1bado en Saltos del Laja, donde un Adolescente muere ahogado en Saltos del","_links":{"self":[{"href":"https:\/\/www.koncevisiontv.cl\/web\/wp-json\/wp\/v2\/posts\/5097","targetHints":{"allow":["GET"]}}],"collection":[{"href":"https:\/\/www.koncevisiontv.cl\/web\/wp-json\/wp\/v2\/posts"}],"about":[{"href":"https:\/\/www.koncevisiontv.cl\/web\/wp-json\/wp\/v2\/types\/post"}],"author":[{"embeddable":true,"href":"https:\/\/www.koncevisiontv.cl\/web\/wp-json\/wp\/v2\/users\/5"}],"replies":[{"embeddable":true,"href":"https:\/\/www.koncevisiontv.cl\/web\/wp-json\/wp\/v2\/comments?post=5097"}],"version-history":[{"count":1,"href":"https:\/\/www.koncevisiontv.cl\/web\/wp-json\/wp\/v2\/posts\/5097\/revisions"}],"predecessor-version":[{"id":5099,"href":"https:\/\/www.koncevisiontv.cl\/web\/wp-json\/wp\/v2\/posts\/5097\/revisions\/5099"}],"wp:featuredmedia":[{"embeddable":true,"href":"https:\/\/www.koncevisiontv.cl\/web\/wp-json\/wp\/v2\/media\/5098"}],"wp:attachment":[{"href":"https:\/\/www.koncevisiontv.cl\/web\/wp-json\/wp\/v2\/media?parent=5097"}],"wp:term":[{"taxonomy":"category","embeddable":true,"href":"https:\/\/www.koncevisiontv.cl\/web\/wp-json\/wp\/v2\/categories?post=5097"},{"taxonomy":"post_tag","embeddable":true,"href":"https:\/\/www.koncevisiontv.cl\/web\/wp-json\/wp\/v2\/tags?post=5097"}],"curies":[{"name":"wp","href":"https:\/\/api.w.org\/{rel}","templated":true}]}}