{"id":5101,"date":"2025-01-18T23:23:24","date_gmt":"2025-01-19T02:23:24","guid":{"rendered":"https:\/\/www.koncevisiontv.cl\/web\/?p=5101"},"modified":"2025-01-18T23:23:26","modified_gmt":"2025-01-19T02:23:26","slug":"mujer-desconecta-oxigeno-y-mata-a-su-hijo-tetraplejico","status":"publish","type":"post","link":"https:\/\/www.koncevisiontv.cl\/web\/mujer-desconecta-oxigeno-y-mata-a-su-hijo-tetraplejico\/","title":{"rendered":"Mujer desconecta ox\u00edgeno y mata a su hijo tetrapl\u00e9jico en La Pintana"},"content":{"rendered":"\n<p class=\"wp-block-paragraph\">Una impactante tragedia sacudi\u00f3 La Pintana este viernes, cuando una mujer de <strong>51 a\u00f1os<\/strong> fue detenida tras ser acusada de <strong>parricidio<\/strong>, luego de <strong>desconectar el ox\u00edgeno<\/strong> que manten\u00eda con vida a su hijo <strong>tetrapl\u00e9jico<\/strong> de <strong>28 a\u00f1os<\/strong>.<\/p>\n\n\n\n<h4 class=\"wp-block-heading\"><strong>Las investigaciones revelaron el crimen<\/strong><\/h4>\n\n\n\n<p class=\"wp-block-paragraph\">Inicialmente, la muerte del joven fue reportada como <strong>natural<\/strong>, debido a su condici\u00f3n de <strong>electrodependiente<\/strong>. Sin embargo, la <strong>Brigada de Homicidios de la PDI<\/strong> detect\u00f3 <strong>inconsistencias en los testimonios<\/strong> de los familiares y en el an\u00e1lisis del cuerpo, lo que llev\u00f3 a una <strong>investigaci\u00f3n m\u00e1s profunda<\/strong>.<\/p>\n\n\n\n<p class=\"wp-block-paragraph\">El <strong>comisario \u00c1ngel Jaque<\/strong>, de la <strong>BH Sur<\/strong>, confirm\u00f3 que el fallecido hab\u00eda estado al cuidado de distintos familiares y que <strong>horas antes del crimen<\/strong> hab\u00eda sido trasladado al hogar de su madre.<\/p>\n\n\n\n<p class=\"wp-block-paragraph\"><em>&#8220;Se logr\u00f3 establecer que la madre fue la responsable de desconectar el ox\u00edgeno, lo que le caus\u00f3 la muerte&#8221;<\/em>, afirm\u00f3 el oficial.<\/p>\n\n\n\n<h4 class=\"wp-block-heading\"><strong>La madre expres\u00f3 abiertamente su intenci\u00f3n de matarlo<\/strong><\/h4>\n\n\n\n<p class=\"wp-block-paragraph\">Seg\u00fan los antecedentes recopilados por la <strong>Fiscal\u00eda Metropolitana Sur<\/strong>, la mujer <strong>hab\u00eda manifestado en varias ocasiones<\/strong> su intenci\u00f3n de desconectar el soporte vital de su hijo.<\/p>\n\n\n\n<p class=\"wp-block-paragraph\">Incluso, <strong>envi\u00f3 audios a familiares y vecinos<\/strong>, asegurando que lo har\u00eda y que luego <strong>se ir\u00eda del lugar<\/strong>.<\/p>\n\n\n\n<p class=\"wp-block-paragraph\">Tras llevar a cabo su amenaza, <strong>el joven estuvo sin ox\u00edgeno por al menos 30 minutos<\/strong> hasta que vecinos alertaron a los servicios de emergencia. A pesar de los intentos por reanimarlo, la v\u00edctima <strong>muri\u00f3 en el Hospital Padre Hurtado<\/strong>.<\/p>\n\n\n\n<h4 class=\"wp-block-heading\"><strong>La mujer ser\u00e1 formalizada por parricidio<\/strong><\/h4>\n\n\n\n<p class=\"wp-block-paragraph\">Luego de su detenci\u00f3n, la Fiscal\u00eda Metropolitana Sur confirm\u00f3 que la imputada ser\u00e1 <strong>formalizada este s\u00e1bado<\/strong> por el delito de <strong>parricidio<\/strong>.<\/p>\n\n\n\n<p class=\"wp-block-paragraph\">El fiscal <strong>Juan Cheuquiante<\/strong> llevar\u00e1 adelante la acusaci\u00f3n en su contra.<\/p>\n\n\n\n<p class=\"wp-block-paragraph\">Este caso ha causado conmoci\u00f3n en la comunidad, reabriendo el debate sobre la <strong>atenci\u00f3n y apoyo a cuidadores de personas con discapacidad severa<\/strong>.<\/p>\n","protected":false},"excerpt":{"rendered":"<p>Una impactante tragedia sacudi\u00f3 La Pintana este viernes, cuando una mujer de 51 a\u00f1os fue detenida tras ser<\/p>\n","protected":false},"author":5,"featured_media":4676,"comment_status":"open","ping_status":"open","sticky":false,"template":"","format":"standard","meta":{"_crdt_document":"","_uag_custom_page_level_css":"","_sitemap_exclude":false,"_sitemap_priority":"","_sitemap_frequency":"","_joinchat":[],"footnotes":""},"categories":[204,409],"tags":[],"class_list":["post-5101","post","type-post","status-publish","format-standard","has-post-thumbnail","hentry","category-rm","category-ultimo-minuto"],"featured_image_urls":{"full":["https:\/\/www.koncevisiontv.cl\/web\/wp-content\/uploads\/2025\/01\/Hallan-cuerpo-de-joven-desaparecido-desde-el-31-de-diciembre-en-Los-Angeles.webp",480,320,false],"thumbnail":["https:\/\/www.koncevisiontv.cl\/web\/wp-content\/uploads\/2025\/01\/Hallan-cuerpo-de-joven-desaparecido-desde-el-31-de-diciembre-en-Los-Angeles-150x150.webp",150,150,true],"medium":["https:\/\/www.koncevisiontv.cl\/web\/wp-content\/uploads\/2025\/01\/Hallan-cuerpo-de-joven-desaparecido-desde-el-31-de-diciembre-en-Los-Angeles-300x200.webp",300,200,true],"medium_large":["https:\/\/www.koncevisiontv.cl\/web\/wp-content\/uploads\/2025\/01\/Hallan-cuerpo-de-joven-desaparecido-desde-el-31-de-diciembre-en-Los-Angeles.webp",480,320,false],"large":["https:\/\/www.koncevisiontv.cl\/web\/wp-content\/uploads\/2025\/01\/Hallan-cuerpo-de-joven-desaparecido-desde-el-31-de-diciembre-en-Los-Angeles.webp",480,320,false],"1536x1536":["https:\/\/www.koncevisiontv.cl\/web\/wp-content\/uploads\/2025\/01\/Hallan-cuerpo-de-joven-desaparecido-desde-el-31-de-diciembre-en-Los-Angeles.webp",480,320,false],"2048x2048":["https:\/\/www.koncevisiontv.cl\/web\/wp-content\/uploads\/2025\/01\/Hallan-cuerpo-de-joven-desaparecido-desde-el-31-de-diciembre-en-Los-Angeles.webp",480,320,false],"darknews-featured":["https:\/\/www.koncevisiontv.cl\/web\/wp-content\/uploads\/2025\/01\/Hallan-cuerpo-de-joven-desaparecido-desde-el-31-de-diciembre-en-Los-Angeles.webp",480,320,false],"darknews-large":["https:\/\/www.koncevisiontv.cl\/web\/wp-content\/uploads\/2025\/01\/Hallan-cuerpo-de-joven-desaparecido-desde-el-31-de-diciembre-en-Los-Angeles.webp",480,320,false],"darknews-medium":["https:\/\/www.koncevisiontv.cl\/web\/wp-content\/uploads\/2025\/01\/Hallan-cuerpo-de-joven-desaparecido-desde-el-31-de-diciembre-en-Los-Angeles.webp",480,320,false]},"author_info":{"info":["Web-Master"]},"category_info":"<a href=\"https:\/\/www.koncevisiontv.cl\/web\/category\/rm\/\" rel=\"category tag\">RM<\/a> <a href=\"https:\/\/www.koncevisiontv.cl\/web\/category\/ultimo-minuto\/\" rel=\"category tag\">Ultimo MInuto<\/a>","tag_info":"Ultimo MInuto","comment_count":"0","uagb_featured_image_src":{"full":["https:\/\/www.koncevisiontv.cl\/web\/wp-content\/uploads\/2025\/01\/Hallan-cuerpo-de-joven-desaparecido-desde-el-31-de-diciembre-en-Los-Angeles.webp",480,320,false],"thumbnail":["https:\/\/www.koncevisiontv.cl\/web\/wp-content\/uploads\/2025\/01\/Hallan-cuerpo-de-joven-desaparecido-desde-el-31-de-diciembre-en-Los-Angeles-150x150.webp",150,150,true],"medium":["https:\/\/www.koncevisiontv.cl\/web\/wp-content\/uploads\/2025\/01\/Hallan-cuerpo-de-joven-desaparecido-desde-el-31-de-diciembre-en-Los-Angeles-300x200.webp",300,200,true],"medium_large":["https:\/\/www.koncevisiontv.cl\/web\/wp-content\/uploads\/2025\/01\/Hallan-cuerpo-de-joven-desaparecido-desde-el-31-de-diciembre-en-Los-Angeles.webp",480,320,false],"large":["https:\/\/www.koncevisiontv.cl\/web\/wp-content\/uploads\/2025\/01\/Hallan-cuerpo-de-joven-desaparecido-desde-el-31-de-diciembre-en-Los-Angeles.webp",480,320,false],"1536x1536":["https:\/\/www.koncevisiontv.cl\/web\/wp-content\/uploads\/2025\/01\/Hallan-cuerpo-de-joven-desaparecido-desde-el-31-de-diciembre-en-Los-Angeles.webp",480,320,false],"2048x2048":["https:\/\/www.koncevisiontv.cl\/web\/wp-content\/uploads\/2025\/01\/Hallan-cuerpo-de-joven-desaparecido-desde-el-31-de-diciembre-en-Los-Angeles.webp",480,320,false],"darknews-featured":["https:\/\/www.koncevisiontv.cl\/web\/wp-content\/uploads\/2025\/01\/Hallan-cuerpo-de-joven-desaparecido-desde-el-31-de-diciembre-en-Los-Angeles.webp",480,320,false],"darknews-large":["https:\/\/www.koncevisiontv.cl\/web\/wp-content\/uploads\/2025\/01\/Hallan-cuerpo-de-joven-desaparecido-desde-el-31-de-diciembre-en-Los-Angeles.webp",480,320,false],"darknews-medium":["https:\/\/www.koncevisiontv.cl\/web\/wp-content\/uploads\/2025\/01\/Hallan-cuerpo-de-joven-desaparecido-desde-el-31-de-diciembre-en-Los-Angeles.webp",480,320,false]},"uagb_author_info":{"display_name":"Web-Master","author_link":"https:\/\/www.koncevisiontv.cl\/web\/author\/koncevision\/"},"uagb_comment_info":1,"uagb_excerpt":"Una impactante tragedia sacudi\u00f3 La Pintana este viernes, cuando una mujer de 51 a\u00f1os fue detenida tras ser","_links":{"self":[{"href":"https:\/\/www.koncevisiontv.cl\/web\/wp-json\/wp\/v2\/posts\/5101","targetHints":{"allow":["GET"]}}],"collection":[{"href":"https:\/\/www.koncevisiontv.cl\/web\/wp-json\/wp\/v2\/posts"}],"about":[{"href":"https:\/\/www.koncevisiontv.cl\/web\/wp-json\/wp\/v2\/types\/post"}],"author":[{"embeddable":true,"href":"https:\/\/www.koncevisiontv.cl\/web\/wp-json\/wp\/v2\/users\/5"}],"replies":[{"embeddable":true,"href":"https:\/\/www.koncevisiontv.cl\/web\/wp-json\/wp\/v2\/comments?post=5101"}],"version-history":[{"count":1,"href":"https:\/\/www.koncevisiontv.cl\/web\/wp-json\/wp\/v2\/posts\/5101\/revisions"}],"predecessor-version":[{"id":5102,"href":"https:\/\/www.koncevisiontv.cl\/web\/wp-json\/wp\/v2\/posts\/5101\/revisions\/5102"}],"wp:featuredmedia":[{"embeddable":true,"href":"https:\/\/www.koncevisiontv.cl\/web\/wp-json\/wp\/v2\/media\/4676"}],"wp:attachment":[{"href":"https:\/\/www.koncevisiontv.cl\/web\/wp-json\/wp\/v2\/media?parent=5101"}],"wp:term":[{"taxonomy":"category","embeddable":true,"href":"https:\/\/www.koncevisiontv.cl\/web\/wp-json\/wp\/v2\/categories?post=5101"},{"taxonomy":"post_tag","embeddable":true,"href":"https:\/\/www.koncevisiontv.cl\/web\/wp-json\/wp\/v2\/tags?post=5101"}],"curies":[{"name":"wp","href":"https:\/\/api.w.org\/{rel}","templated":true}]}}