{"id":5105,"date":"2025-01-20T10:24:15","date_gmt":"2025-01-20T13:24:15","guid":{"rendered":"https:\/\/www.koncevisiontv.cl\/web\/?p=5105"},"modified":"2025-01-20T11:43:47","modified_gmt":"2025-01-20T14:43:47","slug":"hombre-extranjero-muere-tras-recibir-disparos-en-san-pedro-de-la-paz","status":"publish","type":"post","link":"https:\/\/www.koncevisiontv.cl\/web\/hombre-extranjero-muere-tras-recibir-disparos-en-san-pedro-de-la-paz\/","title":{"rendered":"Hombre extranjero muere tras recibir disparos en San Pedro de la Paz"},"content":{"rendered":"\n<p class=\"wp-block-paragraph\">Un joven venezolano de 19 a\u00f1os falleci\u00f3 tras recibir al menos <strong>nueve disparos<\/strong> en el sector de <strong>Boca Sur<\/strong>, en <strong>San Pedro de la Paz<\/strong>, regi\u00f3n del B\u00edo B\u00edo.<\/p>\n\n\n\n<h3 class=\"wp-block-heading\"><strong>Detalles del suceso<\/strong><\/h3>\n\n\n\n<p class=\"wp-block-paragraph\">De acuerdo con la informaci\u00f3n proporcionada por Carabineros, vecinos del sector alertaron sobre una serie de disparos en un pasaje de la zona. Al llegar al lugar, el personal policial encontr\u00f3 el cuerpo del joven con impactos de bala en el t\u00f3rax y la espalda.<\/p>\n\n\n\n<p class=\"wp-block-paragraph\">Las autoridades informaron que la <strong>Polic\u00eda de Investigaciones de Concepci\u00f3n (PDI)<\/strong> est\u00e1 realizando las diligencias correspondientes para esclarecer los hechos y dar con los responsables del ataque.<\/p>\n\n\n\n<h3 class=\"wp-block-heading\"><strong>Investigaci\u00f3n en curso<\/strong><\/h3>\n\n\n\n<p class=\"wp-block-paragraph\">La fiscal\u00eda ha instruido diversas pericias para determinar el m\u00f3vil del crimen y posibles vinculaciones con hechos delictuales en la zona. Adem\u00e1s, se espera el testimonio de testigos que puedan aportar datos clave para la investigaci\u00f3n.<\/p>\n","protected":false},"excerpt":{"rendered":"<p>Un joven venezolano de 19 a\u00f1os falleci\u00f3 tras recibir al menos nueve disparos en el sector de Boca<\/p>\n","protected":false},"author":5,"featured_media":5106,"comment_status":"open","ping_status":"open","sticky":false,"template":"","format":"standard","meta":{"_crdt_document":"","_uag_custom_page_level_css":"","_sitemap_exclude":false,"_sitemap_priority":"","_sitemap_frequency":"","_joinchat":[],"footnotes":""},"categories":[14],"tags":[],"class_list":["post-5105","post","type-post","status-publish","format-standard","has-post-thumbnail","hentry","category-nacional"],"featured_image_urls":{"full":["https:\/\/www.koncevisiontv.cl\/web\/wp-content\/uploads\/2025\/01\/asesisan-a-joven-venezolno-en-boca-sur-san-pedro-de-la-paz.jpg",258,195,false],"thumbnail":["https:\/\/www.koncevisiontv.cl\/web\/wp-content\/uploads\/2025\/01\/asesisan-a-joven-venezolno-en-boca-sur-san-pedro-de-la-paz-150x150.jpg",150,150,true],"medium":["https:\/\/www.koncevisiontv.cl\/web\/wp-content\/uploads\/2025\/01\/asesisan-a-joven-venezolno-en-boca-sur-san-pedro-de-la-paz.jpg",258,195,false],"medium_large":["https:\/\/www.koncevisiontv.cl\/web\/wp-content\/uploads\/2025\/01\/asesisan-a-joven-venezolno-en-boca-sur-san-pedro-de-la-paz.jpg",258,195,false],"large":["https:\/\/www.koncevisiontv.cl\/web\/wp-content\/uploads\/2025\/01\/asesisan-a-joven-venezolno-en-boca-sur-san-pedro-de-la-paz.jpg",258,195,false],"1536x1536":["https:\/\/www.koncevisiontv.cl\/web\/wp-content\/uploads\/2025\/01\/asesisan-a-joven-venezolno-en-boca-sur-san-pedro-de-la-paz.jpg",258,195,false],"2048x2048":["https:\/\/www.koncevisiontv.cl\/web\/wp-content\/uploads\/2025\/01\/asesisan-a-joven-venezolno-en-boca-sur-san-pedro-de-la-paz.jpg",258,195,false],"darknews-featured":["https:\/\/www.koncevisiontv.cl\/web\/wp-content\/uploads\/2025\/01\/asesisan-a-joven-venezolno-en-boca-sur-san-pedro-de-la-paz.jpg",258,195,false],"darknews-large":["https:\/\/www.koncevisiontv.cl\/web\/wp-content\/uploads\/2025\/01\/asesisan-a-joven-venezolno-en-boca-sur-san-pedro-de-la-paz.jpg",258,195,false],"darknews-medium":["https:\/\/www.koncevisiontv.cl\/web\/wp-content\/uploads\/2025\/01\/asesisan-a-joven-venezolno-en-boca-sur-san-pedro-de-la-paz.jpg",258,195,false]},"author_info":{"info":["Web-Master"]},"category_info":"<a href=\"https:\/\/www.koncevisiontv.cl\/web\/category\/nacional\/\" rel=\"category tag\">Nacional<\/a>","tag_info":"Nacional","comment_count":"0","uagb_featured_image_src":{"full":["https:\/\/www.koncevisiontv.cl\/web\/wp-content\/uploads\/2025\/01\/asesisan-a-joven-venezolno-en-boca-sur-san-pedro-de-la-paz.jpg",258,195,false],"thumbnail":["https:\/\/www.koncevisiontv.cl\/web\/wp-content\/uploads\/2025\/01\/asesisan-a-joven-venezolno-en-boca-sur-san-pedro-de-la-paz-150x150.jpg",150,150,true],"medium":["https:\/\/www.koncevisiontv.cl\/web\/wp-content\/uploads\/2025\/01\/asesisan-a-joven-venezolno-en-boca-sur-san-pedro-de-la-paz.jpg",258,195,false],"medium_large":["https:\/\/www.koncevisiontv.cl\/web\/wp-content\/uploads\/2025\/01\/asesisan-a-joven-venezolno-en-boca-sur-san-pedro-de-la-paz.jpg",258,195,false],"large":["https:\/\/www.koncevisiontv.cl\/web\/wp-content\/uploads\/2025\/01\/asesisan-a-joven-venezolno-en-boca-sur-san-pedro-de-la-paz.jpg",258,195,false],"1536x1536":["https:\/\/www.koncevisiontv.cl\/web\/wp-content\/uploads\/2025\/01\/asesisan-a-joven-venezolno-en-boca-sur-san-pedro-de-la-paz.jpg",258,195,false],"2048x2048":["https:\/\/www.koncevisiontv.cl\/web\/wp-content\/uploads\/2025\/01\/asesisan-a-joven-venezolno-en-boca-sur-san-pedro-de-la-paz.jpg",258,195,false],"darknews-featured":["https:\/\/www.koncevisiontv.cl\/web\/wp-content\/uploads\/2025\/01\/asesisan-a-joven-venezolno-en-boca-sur-san-pedro-de-la-paz.jpg",258,195,false],"darknews-large":["https:\/\/www.koncevisiontv.cl\/web\/wp-content\/uploads\/2025\/01\/asesisan-a-joven-venezolno-en-boca-sur-san-pedro-de-la-paz.jpg",258,195,false],"darknews-medium":["https:\/\/www.koncevisiontv.cl\/web\/wp-content\/uploads\/2025\/01\/asesisan-a-joven-venezolno-en-boca-sur-san-pedro-de-la-paz.jpg",258,195,false]},"uagb_author_info":{"display_name":"Web-Master","author_link":"https:\/\/www.koncevisiontv.cl\/web\/author\/koncevision\/"},"uagb_comment_info":0,"uagb_excerpt":"Un joven venezolano de 19 a\u00f1os falleci\u00f3 tras recibir al menos nueve disparos en el sector de Boca","_links":{"self":[{"href":"https:\/\/www.koncevisiontv.cl\/web\/wp-json\/wp\/v2\/posts\/5105","targetHints":{"allow":["GET"]}}],"collection":[{"href":"https:\/\/www.koncevisiontv.cl\/web\/wp-json\/wp\/v2\/posts"}],"about":[{"href":"https:\/\/www.koncevisiontv.cl\/web\/wp-json\/wp\/v2\/types\/post"}],"author":[{"embeddable":true,"href":"https:\/\/www.koncevisiontv.cl\/web\/wp-json\/wp\/v2\/users\/5"}],"replies":[{"embeddable":true,"href":"https:\/\/www.koncevisiontv.cl\/web\/wp-json\/wp\/v2\/comments?post=5105"}],"version-history":[{"count":1,"href":"https:\/\/www.koncevisiontv.cl\/web\/wp-json\/wp\/v2\/posts\/5105\/revisions"}],"predecessor-version":[{"id":5107,"href":"https:\/\/www.koncevisiontv.cl\/web\/wp-json\/wp\/v2\/posts\/5105\/revisions\/5107"}],"wp:featuredmedia":[{"embeddable":true,"href":"https:\/\/www.koncevisiontv.cl\/web\/wp-json\/wp\/v2\/media\/5106"}],"wp:attachment":[{"href":"https:\/\/www.koncevisiontv.cl\/web\/wp-json\/wp\/v2\/media?parent=5105"}],"wp:term":[{"taxonomy":"category","embeddable":true,"href":"https:\/\/www.koncevisiontv.cl\/web\/wp-json\/wp\/v2\/categories?post=5105"},{"taxonomy":"post_tag","embeddable":true,"href":"https:\/\/www.koncevisiontv.cl\/web\/wp-json\/wp\/v2\/tags?post=5105"}],"curies":[{"name":"wp","href":"https:\/\/api.w.org\/{rel}","templated":true}]}}