{"id":5108,"date":"2025-01-20T12:05:20","date_gmt":"2025-01-20T15:05:20","guid":{"rendered":"https:\/\/www.koncevisiontv.cl\/web\/?p=5108"},"modified":"2025-01-20T12:25:31","modified_gmt":"2025-01-20T15:25:31","slug":"indigente-ataca-a-hombre-con-cuchillo","status":"publish","type":"post","link":"https:\/\/www.koncevisiontv.cl\/web\/indigente-ataca-a-hombre-con-cuchillo\/","title":{"rendered":"Indigente colombiana atac\u00f3 a sujeto con cuchillo en plena v\u00eda p\u00fablica"},"content":{"rendered":"\n<h2 class=\"wp-block-heading\">El hecho ocurri\u00f3 en Puerto Varas y fue captado por c\u00e1maras de seguridad<\/h2>\n\n\n\n<p class=\"wp-block-paragraph\">Un impactante episodio de violencia callejera se registr\u00f3 en Puerto Varas el 17 de enero, cuando una indigente de nacionalidad colombiana atac\u00f3 a un hombre con un cuchillo cartonero, intentando cortarle el cuello.<\/p>\n\n\n\n<h3 class=\"wp-block-heading\"><strong>Captado en c\u00e1maras de seguridad<\/strong><\/h3>\n\n\n\n<figure class=\"wp-block-video\"><video height=\"640\" style=\"aspect-ratio: 356 \/ 640;\" width=\"356\" controls src=\"https:\/\/www.koncevisiontv.cl\/web\/wp-content\/uploads\/2025\/01\/videoplayback-3.mp4\"><\/video><\/figure>\n\n\n\n<p class=\"wp-block-paragraph\">El ataque ocurri\u00f3 en una de las zonas m\u00e1s transitadas de la ciudad y fue registrado por c\u00e1maras de seguridad. En las im\u00e1genes se observa a la agresora intercambiando palabras con la v\u00edctima antes de sacar el arma y amenazarlo con la frase: \u201cTe voy a cortar la cara, pastero\u201d.<\/p>\n\n\n\n<h3 class=\"wp-block-heading\"><strong>Historial delictivo de la agresora<\/strong><\/h3>\n\n\n\n<p class=\"wp-block-paragraph\">Seg\u00fan inform\u00f3 el medio <em>Heraldo Austral<\/em>, la mujer se dedica a la venta de pa\u00f1uelos desechables y cuenta con antecedentes de detenciones previas por agresiones y estado de ebriedad en la v\u00eda p\u00fablica.<\/p>\n\n\n\n<h3 class=\"wp-block-heading\"><strong>Acci\u00f3n de las autoridades<\/strong><\/h3>\n\n\n\n<p class=\"wp-block-paragraph\">Inspectores de seguridad identificaron a la agresora tras el ataque y dieron aviso a Carabineros, quienes la detuvieron. La mujer enfrentar\u00e1 cargos por homicidio frustrado.<\/p>\n\n\n\n<p class=\"wp-block-paragraph\"><\/p>\n","protected":false},"excerpt":{"rendered":"<p>El hecho ocurri\u00f3 en Puerto Varas y fue captado por c\u00e1maras de seguridad Un impactante episodio de violencia<\/p>\n","protected":false},"author":5,"featured_media":5109,"comment_status":"open","ping_status":"open","sticky":false,"template":"","format":"standard","meta":{"_crdt_document":"","_uag_custom_page_level_css":"","_sitemap_exclude":false,"_sitemap_priority":"","_sitemap_frequency":"","_joinchat":[],"footnotes":""},"categories":[14],"tags":[],"class_list":["post-5108","post","type-post","status-publish","format-standard","has-post-thumbnail","hentry","category-nacional"],"featured_image_urls":{"full":["https:\/\/www.koncevisiontv.cl\/web\/wp-content\/uploads\/2025\/01\/VHHHX7ZA7ZAULP25WN2WGTBAYM.avif",1023,682,false],"thumbnail":["https:\/\/www.koncevisiontv.cl\/web\/wp-content\/uploads\/2025\/01\/VHHHX7ZA7ZAULP25WN2WGTBAYM-150x150.avif",150,150,true],"medium":["https:\/\/www.koncevisiontv.cl\/web\/wp-content\/uploads\/2025\/01\/VHHHX7ZA7ZAULP25WN2WGTBAYM-300x200.avif",300,200,true],"medium_large":["https:\/\/www.koncevisiontv.cl\/web\/wp-content\/uploads\/2025\/01\/VHHHX7ZA7ZAULP25WN2WGTBAYM-768x512.avif",640,427,true],"large":["https:\/\/www.koncevisiontv.cl\/web\/wp-content\/uploads\/2025\/01\/VHHHX7ZA7ZAULP25WN2WGTBAYM.avif",640,427,false],"1536x1536":["https:\/\/www.koncevisiontv.cl\/web\/wp-content\/uploads\/2025\/01\/VHHHX7ZA7ZAULP25WN2WGTBAYM.avif",1023,682,false],"2048x2048":["https:\/\/www.koncevisiontv.cl\/web\/wp-content\/uploads\/2025\/01\/VHHHX7ZA7ZAULP25WN2WGTBAYM.avif",1023,682,false],"darknews-featured":["https:\/\/www.koncevisiontv.cl\/web\/wp-content\/uploads\/2025\/01\/VHHHX7ZA7ZAULP25WN2WGTBAYM.avif",1023,682,false],"darknews-large":["https:\/\/www.koncevisiontv.cl\/web\/wp-content\/uploads\/2025\/01\/VHHHX7ZA7ZAULP25WN2WGTBAYM-825x575.avif",825,575,true],"darknews-medium":["https:\/\/www.koncevisiontv.cl\/web\/wp-content\/uploads\/2025\/01\/VHHHX7ZA7ZAULP25WN2WGTBAYM-590x410.avif",590,410,true]},"author_info":{"info":["Web-Master"]},"category_info":"<a href=\"https:\/\/www.koncevisiontv.cl\/web\/category\/nacional\/\" rel=\"category tag\">Nacional<\/a>","tag_info":"Nacional","comment_count":"0","uagb_featured_image_src":{"full":["https:\/\/www.koncevisiontv.cl\/web\/wp-content\/uploads\/2025\/01\/VHHHX7ZA7ZAULP25WN2WGTBAYM.avif",1023,682,false],"thumbnail":["https:\/\/www.koncevisiontv.cl\/web\/wp-content\/uploads\/2025\/01\/VHHHX7ZA7ZAULP25WN2WGTBAYM-150x150.avif",150,150,true],"medium":["https:\/\/www.koncevisiontv.cl\/web\/wp-content\/uploads\/2025\/01\/VHHHX7ZA7ZAULP25WN2WGTBAYM-300x200.avif",300,200,true],"medium_large":["https:\/\/www.koncevisiontv.cl\/web\/wp-content\/uploads\/2025\/01\/VHHHX7ZA7ZAULP25WN2WGTBAYM-768x512.avif",640,427,true],"large":["https:\/\/www.koncevisiontv.cl\/web\/wp-content\/uploads\/2025\/01\/VHHHX7ZA7ZAULP25WN2WGTBAYM.avif",640,427,false],"1536x1536":["https:\/\/www.koncevisiontv.cl\/web\/wp-content\/uploads\/2025\/01\/VHHHX7ZA7ZAULP25WN2WGTBAYM.avif",1023,682,false],"2048x2048":["https:\/\/www.koncevisiontv.cl\/web\/wp-content\/uploads\/2025\/01\/VHHHX7ZA7ZAULP25WN2WGTBAYM.avif",1023,682,false],"darknews-featured":["https:\/\/www.koncevisiontv.cl\/web\/wp-content\/uploads\/2025\/01\/VHHHX7ZA7ZAULP25WN2WGTBAYM.avif",1023,682,false],"darknews-large":["https:\/\/www.koncevisiontv.cl\/web\/wp-content\/uploads\/2025\/01\/VHHHX7ZA7ZAULP25WN2WGTBAYM-825x575.avif",825,575,true],"darknews-medium":["https:\/\/www.koncevisiontv.cl\/web\/wp-content\/uploads\/2025\/01\/VHHHX7ZA7ZAULP25WN2WGTBAYM-590x410.avif",590,410,true]},"uagb_author_info":{"display_name":"Web-Master","author_link":"https:\/\/www.koncevisiontv.cl\/web\/author\/koncevision\/"},"uagb_comment_info":0,"uagb_excerpt":"El hecho ocurri\u00f3 en Puerto Varas y fue captado por c\u00e1maras de seguridad Un impactante episodio de violencia","_links":{"self":[{"href":"https:\/\/www.koncevisiontv.cl\/web\/wp-json\/wp\/v2\/posts\/5108","targetHints":{"allow":["GET"]}}],"collection":[{"href":"https:\/\/www.koncevisiontv.cl\/web\/wp-json\/wp\/v2\/posts"}],"about":[{"href":"https:\/\/www.koncevisiontv.cl\/web\/wp-json\/wp\/v2\/types\/post"}],"author":[{"embeddable":true,"href":"https:\/\/www.koncevisiontv.cl\/web\/wp-json\/wp\/v2\/users\/5"}],"replies":[{"embeddable":true,"href":"https:\/\/www.koncevisiontv.cl\/web\/wp-json\/wp\/v2\/comments?post=5108"}],"version-history":[{"count":2,"href":"https:\/\/www.koncevisiontv.cl\/web\/wp-json\/wp\/v2\/posts\/5108\/revisions"}],"predecessor-version":[{"id":5113,"href":"https:\/\/www.koncevisiontv.cl\/web\/wp-json\/wp\/v2\/posts\/5108\/revisions\/5113"}],"wp:featuredmedia":[{"embeddable":true,"href":"https:\/\/www.koncevisiontv.cl\/web\/wp-json\/wp\/v2\/media\/5109"}],"wp:attachment":[{"href":"https:\/\/www.koncevisiontv.cl\/web\/wp-json\/wp\/v2\/media?parent=5108"}],"wp:term":[{"taxonomy":"category","embeddable":true,"href":"https:\/\/www.koncevisiontv.cl\/web\/wp-json\/wp\/v2\/categories?post=5108"},{"taxonomy":"post_tag","embeddable":true,"href":"https:\/\/www.koncevisiontv.cl\/web\/wp-json\/wp\/v2\/tags?post=5108"}],"curies":[{"name":"wp","href":"https:\/\/api.w.org\/{rel}","templated":true}]}}