{"id":5115,"date":"2025-01-20T13:46:23","date_gmt":"2025-01-20T16:46:23","guid":{"rendered":"https:\/\/www.koncevisiontv.cl\/web\/?p=5115"},"modified":"2025-01-20T13:46:26","modified_gmt":"2025-01-20T16:46:26","slug":"bebe-con-signos-de-abandono","status":"publish","type":"post","link":"https:\/\/www.koncevisiontv.cl\/web\/bebe-con-signos-de-abandono\/","title":{"rendered":"Seis horas sin asistencia y mensajes borrados: Caso de beb\u00e9 con signos de abandono y abuso sexual en Alto Hospicio"},"content":{"rendered":"\n<p class=\"wp-block-paragraph\">El Juzgado de Garant\u00eda de Alto Hospicio dict\u00f3 prisi\u00f3n preventiva para los padres y la cuidadora de una lactante de seis meses que fue ingresada al Hospital de Iquique en condiciones cr\u00edticas, con signos de desnutrici\u00f3n severa, abuso sexual e indicios de abandono. Este desgarrador caso ha causado conmoci\u00f3n nacional y plantea nuevamente la urgencia de proteger a los menores en situaciones vulnerables.<\/p>\n\n\n\n<h3 class=\"wp-block-heading\"><strong>Detalles del caso<\/strong><\/h3>\n\n\n\n<p class=\"wp-block-paragraph\">La Fiscal\u00eda de Tarapac\u00e1 revel\u00f3 que entre el 9 y 10 de enero, los padres de la beb\u00e9 dejaron a la ni\u00f1a bajo el cuidado de Y.Q.M., quien, seg\u00fan la acusaci\u00f3n, abus\u00f3 sexualmente de la menor y le provoc\u00f3 lesiones graves. Entre ellas, se identific\u00f3 el s\u00edndrome del \u201cni\u00f1o sacudido\u201d, una grave consecuencia de la violencia ejercida sobre la menor.<\/p>\n\n\n\n<p class=\"wp-block-paragraph\">Lo m\u00e1s alarmante es que, pese al evidente da\u00f1o causado a la lactante, los padres decidieron no llevarla al hospital durante al menos seis horas. Fue cerca de las 23:00 horas cuando el padre, en estado de ebriedad, traslad\u00f3 a la ni\u00f1a al hospital de Iquique. A su llegada, el personal m\u00e9dico encontr\u00f3 a la beb\u00e9 en un estado de deshidrataci\u00f3n severa que le caus\u00f3 un shock hipovol\u00e9mico, adem\u00e1s de lesiones visibles. Fue ingresada de urgencia a la UCI pedi\u00e1trica, donde se encuentra internada.<\/p>\n\n\n\n<h3 class=\"wp-block-heading\"><strong>Intentos de encubrimiento<\/strong><\/h3>\n\n\n\n<p class=\"wp-block-paragraph\">Seg\u00fan los antecedentes expuestos por el Ministerio P\u00fablico, tanto los padres como la cuidadora acordaron ocultar evidencia sobre el caso. Adem\u00e1s, habr\u00edan eliminado mensajes de texto que podr\u00edan incriminarlos. A esto se suma que los imputados huyeron del hospital tras ser consultados sobre la identidad y el estado de la menor.<\/p>\n\n\n\n<p class=\"wp-block-paragraph\">Otro hecho relevante es que la madre de la beb\u00e9 no acudi\u00f3 al hospital en primera instancia, ya que tambi\u00e9n se encontraba en estado de ebriedad. Fue al d\u00eda siguiente, cerca de las 11:00 horas, cuando finalmente se present\u00f3 en el centro asistencial.<\/p>\n\n\n\n<h3 class=\"wp-block-heading\"><strong>Formalizaci\u00f3n y medidas cautelares<\/strong><\/h3>\n\n\n\n<p class=\"wp-block-paragraph\">La Fiscal\u00eda calific\u00f3 los hechos como un \u201cgrave caso de abandono\u201d, destacando que la ni\u00f1a viv\u00eda en condiciones de desnutrici\u00f3n, falta de higiene y enfermedades recurrentes. Por ello, los padres fueron formalizados por el delito de abandono causando lesiones graves y parricidio frustrado, mientras que la cuidadora enfrentar\u00e1 cargos por homicidio frustrado y abuso sexual.<\/p>\n\n\n\n<p class=\"wp-block-paragraph\">El tribunal acogi\u00f3 la solicitud de prisi\u00f3n preventiva para los tres imputados, considerando el riesgo para la v\u00edctima y el peligro de fuga. Adem\u00e1s, se fij\u00f3 un plazo de 120 d\u00edas para llevar a cabo la investigaci\u00f3n.<\/p>\n\n\n\n<h3 class=\"wp-block-heading\"><strong>Declaraciones de la Fiscal\u00eda<\/strong><\/h3>\n\n\n\n<p class=\"wp-block-paragraph\">La fiscal regional de Tarapac\u00e1, Trinidad Steinert, se\u00f1al\u00f3: \u201cEste grave caso de abandono en el que los padres mantuvieron a la ni\u00f1a en un permanente estado de desnutrici\u00f3n y enfermedades fue prioridad de investigaci\u00f3n para nosotros desde el ingreso de la denuncia\u201d.<\/p>\n\n\n\n<p class=\"wp-block-paragraph\">La investigaci\u00f3n continuar\u00e1 para esclarecer los detalles del caso y determinar todas las responsabilidades penales de los imputados.<\/p>\n\n\n\n<p class=\"wp-block-paragraph\"><\/p>\n","protected":false},"excerpt":{"rendered":"<p>El Juzgado de Garant\u00eda de Alto Hospicio dict\u00f3 prisi\u00f3n preventiva para los padres y la cuidadora de una<\/p>\n","protected":false},"author":5,"featured_media":5117,"comment_status":"open","ping_status":"open","sticky":false,"template":"","format":"standard","meta":{"_crdt_document":"","_uag_custom_page_level_css":"","_sitemap_exclude":false,"_sitemap_priority":"","_sitemap_frequency":"","_joinchat":[],"footnotes":""},"categories":[14],"tags":[],"class_list":["post-5115","post","type-post","status-publish","format-standard","has-post-thumbnail","hentry","category-nacional"],"featured_image_urls":{"full":["https:\/\/www.koncevisiontv.cl\/web\/wp-content\/uploads\/2025\/01\/LQR3AOUZYJCUHHTI2S7WVIG734.avif",1023,682,false],"thumbnail":["https:\/\/www.koncevisiontv.cl\/web\/wp-content\/uploads\/2025\/01\/LQR3AOUZYJCUHHTI2S7WVIG734-150x150.avif",150,150,true],"medium":["https:\/\/www.koncevisiontv.cl\/web\/wp-content\/uploads\/2025\/01\/LQR3AOUZYJCUHHTI2S7WVIG734-300x200.avif",300,200,true],"medium_large":["https:\/\/www.koncevisiontv.cl\/web\/wp-content\/uploads\/2025\/01\/LQR3AOUZYJCUHHTI2S7WVIG734-768x512.avif",640,427,true],"large":["https:\/\/www.koncevisiontv.cl\/web\/wp-content\/uploads\/2025\/01\/LQR3AOUZYJCUHHTI2S7WVIG734.avif",640,427,false],"1536x1536":["https:\/\/www.koncevisiontv.cl\/web\/wp-content\/uploads\/2025\/01\/LQR3AOUZYJCUHHTI2S7WVIG734.avif",1023,682,false],"2048x2048":["https:\/\/www.koncevisiontv.cl\/web\/wp-content\/uploads\/2025\/01\/LQR3AOUZYJCUHHTI2S7WVIG734.avif",1023,682,false],"darknews-featured":["https:\/\/www.koncevisiontv.cl\/web\/wp-content\/uploads\/2025\/01\/LQR3AOUZYJCUHHTI2S7WVIG734.avif",1023,682,false],"darknews-large":["https:\/\/www.koncevisiontv.cl\/web\/wp-content\/uploads\/2025\/01\/LQR3AOUZYJCUHHTI2S7WVIG734-825x575.avif",825,575,true],"darknews-medium":["https:\/\/www.koncevisiontv.cl\/web\/wp-content\/uploads\/2025\/01\/LQR3AOUZYJCUHHTI2S7WVIG734-590x410.avif",590,410,true]},"author_info":{"info":["Web-Master"]},"category_info":"<a href=\"https:\/\/www.koncevisiontv.cl\/web\/category\/nacional\/\" rel=\"category tag\">Nacional<\/a>","tag_info":"Nacional","comment_count":"0","uagb_featured_image_src":{"full":["https:\/\/www.koncevisiontv.cl\/web\/wp-content\/uploads\/2025\/01\/LQR3AOUZYJCUHHTI2S7WVIG734.avif",1023,682,false],"thumbnail":["https:\/\/www.koncevisiontv.cl\/web\/wp-content\/uploads\/2025\/01\/LQR3AOUZYJCUHHTI2S7WVIG734-150x150.avif",150,150,true],"medium":["https:\/\/www.koncevisiontv.cl\/web\/wp-content\/uploads\/2025\/01\/LQR3AOUZYJCUHHTI2S7WVIG734-300x200.avif",300,200,true],"medium_large":["https:\/\/www.koncevisiontv.cl\/web\/wp-content\/uploads\/2025\/01\/LQR3AOUZYJCUHHTI2S7WVIG734-768x512.avif",640,427,true],"large":["https:\/\/www.koncevisiontv.cl\/web\/wp-content\/uploads\/2025\/01\/LQR3AOUZYJCUHHTI2S7WVIG734.avif",640,427,false],"1536x1536":["https:\/\/www.koncevisiontv.cl\/web\/wp-content\/uploads\/2025\/01\/LQR3AOUZYJCUHHTI2S7WVIG734.avif",1023,682,false],"2048x2048":["https:\/\/www.koncevisiontv.cl\/web\/wp-content\/uploads\/2025\/01\/LQR3AOUZYJCUHHTI2S7WVIG734.avif",1023,682,false],"darknews-featured":["https:\/\/www.koncevisiontv.cl\/web\/wp-content\/uploads\/2025\/01\/LQR3AOUZYJCUHHTI2S7WVIG734.avif",1023,682,false],"darknews-large":["https:\/\/www.koncevisiontv.cl\/web\/wp-content\/uploads\/2025\/01\/LQR3AOUZYJCUHHTI2S7WVIG734-825x575.avif",825,575,true],"darknews-medium":["https:\/\/www.koncevisiontv.cl\/web\/wp-content\/uploads\/2025\/01\/LQR3AOUZYJCUHHTI2S7WVIG734-590x410.avif",590,410,true]},"uagb_author_info":{"display_name":"Web-Master","author_link":"https:\/\/www.koncevisiontv.cl\/web\/author\/koncevision\/"},"uagb_comment_info":1,"uagb_excerpt":"El Juzgado de Garant\u00eda de Alto Hospicio dict\u00f3 prisi\u00f3n preventiva para los padres y la cuidadora de una","_links":{"self":[{"href":"https:\/\/www.koncevisiontv.cl\/web\/wp-json\/wp\/v2\/posts\/5115","targetHints":{"allow":["GET"]}}],"collection":[{"href":"https:\/\/www.koncevisiontv.cl\/web\/wp-json\/wp\/v2\/posts"}],"about":[{"href":"https:\/\/www.koncevisiontv.cl\/web\/wp-json\/wp\/v2\/types\/post"}],"author":[{"embeddable":true,"href":"https:\/\/www.koncevisiontv.cl\/web\/wp-json\/wp\/v2\/users\/5"}],"replies":[{"embeddable":true,"href":"https:\/\/www.koncevisiontv.cl\/web\/wp-json\/wp\/v2\/comments?post=5115"}],"version-history":[{"count":1,"href":"https:\/\/www.koncevisiontv.cl\/web\/wp-json\/wp\/v2\/posts\/5115\/revisions"}],"predecessor-version":[{"id":5118,"href":"https:\/\/www.koncevisiontv.cl\/web\/wp-json\/wp\/v2\/posts\/5115\/revisions\/5118"}],"wp:featuredmedia":[{"embeddable":true,"href":"https:\/\/www.koncevisiontv.cl\/web\/wp-json\/wp\/v2\/media\/5117"}],"wp:attachment":[{"href":"https:\/\/www.koncevisiontv.cl\/web\/wp-json\/wp\/v2\/media?parent=5115"}],"wp:term":[{"taxonomy":"category","embeddable":true,"href":"https:\/\/www.koncevisiontv.cl\/web\/wp-json\/wp\/v2\/categories?post=5115"},{"taxonomy":"post_tag","embeddable":true,"href":"https:\/\/www.koncevisiontv.cl\/web\/wp-json\/wp\/v2\/tags?post=5115"}],"curies":[{"name":"wp","href":"https:\/\/api.w.org\/{rel}","templated":true}]}}