{"id":5125,"date":"2025-01-20T16:54:36","date_gmt":"2025-01-20T19:54:36","guid":{"rendered":"https:\/\/www.koncevisiontv.cl\/web\/?p=5125"},"modified":"2025-01-20T16:54:39","modified_gmt":"2025-01-20T19:54:39","slug":"desde-el-hospital-de-florida","status":"publish","type":"post","link":"https:\/\/www.koncevisiontv.cl\/web\/desde-el-hospital-de-florida\/","title":{"rendered":"Desde El Hospital del Florida"},"content":{"rendered":"\n<p class=\"wp-block-paragraph\">EXCLUSIVO DESDE EL HOSPITAL DE FLORIDA<\/p>\n\n\n\n<figure class=\"wp-block-video\"><video height=\"478\" style=\"aspect-ratio: 848 \/ 478;\" width=\"848\" controls src=\"https:\/\/www.koncevisiontv.cl\/web\/wp-content\/uploads\/2025\/01\/WhatsApp-Video-2025-01-20-at-16.05.43.mp4\"><\/video><\/figure>\n\n\n\n<p class=\"wp-block-paragraph\">AMPLIACI\u00d3N DEL ESTADO DE SALUD DEL EX INTENDENTE JORGE ULLOA.<\/p>\n\n\n\n<p class=\"wp-block-paragraph\">KoncevisionTV lleg\u00f3 hasta el Hospital De Florida &#8211; Servicio de urgencias, donde fue atentido el ex intentente ulloa a raiz despues del accidente. Conversamos con la Doctora y nos informo que ulloa tiene contusiones y golpes, procupa un golpe que tiene en la cabeza por el cu\u00e1l debe ser visto por especialistas. Desde KoncevisionTV le deseamos un r\u00e1pida y pronta recuperaci\u00f3n.<\/p>\n","protected":false},"excerpt":{"rendered":"<p>EXCLUSIVO DESDE EL HOSPITAL DE FLORIDA AMPLIACI\u00d3N DEL ESTADO DE SALUD DEL EX INTENDENTE JORGE ULLOA. KoncevisionTV lleg\u00f3<\/p>\n","protected":false},"author":5,"featured_media":2322,"comment_status":"open","ping_status":"open","sticky":false,"template":"","format":"standard","meta":{"_crdt_document":"","_uag_custom_page_level_css":"","_sitemap_exclude":false,"_sitemap_priority":"","_sitemap_frequency":"","_joinchat":[],"footnotes":""},"categories":[14],"tags":[],"class_list":["post-5125","post","type-post","status-publish","format-standard","has-post-thumbnail","hentry","category-nacional"],"featured_image_urls":{"full":["https:\/\/www.koncevisiontv.cl\/web\/wp-content\/uploads\/2024\/10\/WhatsApp-Image-2024-08-13-at-08.45.22.jpeg",960,502,false],"thumbnail":["https:\/\/www.koncevisiontv.cl\/web\/wp-content\/uploads\/2024\/10\/WhatsApp-Image-2024-08-13-at-08.45.22-150x150.jpeg",150,150,true],"medium":["https:\/\/www.koncevisiontv.cl\/web\/wp-content\/uploads\/2024\/10\/WhatsApp-Image-2024-08-13-at-08.45.22-300x157.jpeg",300,157,true],"medium_large":["https:\/\/www.koncevisiontv.cl\/web\/wp-content\/uploads\/2024\/10\/WhatsApp-Image-2024-08-13-at-08.45.22-768x402.jpeg",640,335,true],"large":["https:\/\/www.koncevisiontv.cl\/web\/wp-content\/uploads\/2024\/10\/WhatsApp-Image-2024-08-13-at-08.45.22.jpeg",640,335,false],"1536x1536":["https:\/\/www.koncevisiontv.cl\/web\/wp-content\/uploads\/2024\/10\/WhatsApp-Image-2024-08-13-at-08.45.22.jpeg",960,502,false],"2048x2048":["https:\/\/www.koncevisiontv.cl\/web\/wp-content\/uploads\/2024\/10\/WhatsApp-Image-2024-08-13-at-08.45.22.jpeg",960,502,false],"darknews-featured":["https:\/\/www.koncevisiontv.cl\/web\/wp-content\/uploads\/2024\/10\/WhatsApp-Image-2024-08-13-at-08.45.22.jpeg",960,502,false],"darknews-large":["https:\/\/www.koncevisiontv.cl\/web\/wp-content\/uploads\/2024\/10\/WhatsApp-Image-2024-08-13-at-08.45.22-825x502.jpeg",825,502,true],"darknews-medium":["https:\/\/www.koncevisiontv.cl\/web\/wp-content\/uploads\/2024\/10\/WhatsApp-Image-2024-08-13-at-08.45.22-590x410.jpeg",590,410,true]},"author_info":{"info":["Web-Master"]},"category_info":"<a href=\"https:\/\/www.koncevisiontv.cl\/web\/category\/nacional\/\" rel=\"category tag\">Nacional<\/a>","tag_info":"Nacional","comment_count":"0","uagb_featured_image_src":{"full":["https:\/\/www.koncevisiontv.cl\/web\/wp-content\/uploads\/2024\/10\/WhatsApp-Image-2024-08-13-at-08.45.22.jpeg",960,502,false],"thumbnail":["https:\/\/www.koncevisiontv.cl\/web\/wp-content\/uploads\/2024\/10\/WhatsApp-Image-2024-08-13-at-08.45.22-150x150.jpeg",150,150,true],"medium":["https:\/\/www.koncevisiontv.cl\/web\/wp-content\/uploads\/2024\/10\/WhatsApp-Image-2024-08-13-at-08.45.22-300x157.jpeg",300,157,true],"medium_large":["https:\/\/www.koncevisiontv.cl\/web\/wp-content\/uploads\/2024\/10\/WhatsApp-Image-2024-08-13-at-08.45.22-768x402.jpeg",640,335,true],"large":["https:\/\/www.koncevisiontv.cl\/web\/wp-content\/uploads\/2024\/10\/WhatsApp-Image-2024-08-13-at-08.45.22.jpeg",640,335,false],"1536x1536":["https:\/\/www.koncevisiontv.cl\/web\/wp-content\/uploads\/2024\/10\/WhatsApp-Image-2024-08-13-at-08.45.22.jpeg",960,502,false],"2048x2048":["https:\/\/www.koncevisiontv.cl\/web\/wp-content\/uploads\/2024\/10\/WhatsApp-Image-2024-08-13-at-08.45.22.jpeg",960,502,false],"darknews-featured":["https:\/\/www.koncevisiontv.cl\/web\/wp-content\/uploads\/2024\/10\/WhatsApp-Image-2024-08-13-at-08.45.22.jpeg",960,502,false],"darknews-large":["https:\/\/www.koncevisiontv.cl\/web\/wp-content\/uploads\/2024\/10\/WhatsApp-Image-2024-08-13-at-08.45.22-825x502.jpeg",825,502,true],"darknews-medium":["https:\/\/www.koncevisiontv.cl\/web\/wp-content\/uploads\/2024\/10\/WhatsApp-Image-2024-08-13-at-08.45.22-590x410.jpeg",590,410,true]},"uagb_author_info":{"display_name":"Web-Master","author_link":"https:\/\/www.koncevisiontv.cl\/web\/author\/koncevision\/"},"uagb_comment_info":1,"uagb_excerpt":"EXCLUSIVO DESDE EL HOSPITAL DE FLORIDA AMPLIACI\u00d3N DEL ESTADO DE SALUD DEL EX INTENDENTE JORGE ULLOA. KoncevisionTV lleg\u00f3","_links":{"self":[{"href":"https:\/\/www.koncevisiontv.cl\/web\/wp-json\/wp\/v2\/posts\/5125","targetHints":{"allow":["GET"]}}],"collection":[{"href":"https:\/\/www.koncevisiontv.cl\/web\/wp-json\/wp\/v2\/posts"}],"about":[{"href":"https:\/\/www.koncevisiontv.cl\/web\/wp-json\/wp\/v2\/types\/post"}],"author":[{"embeddable":true,"href":"https:\/\/www.koncevisiontv.cl\/web\/wp-json\/wp\/v2\/users\/5"}],"replies":[{"embeddable":true,"href":"https:\/\/www.koncevisiontv.cl\/web\/wp-json\/wp\/v2\/comments?post=5125"}],"version-history":[{"count":1,"href":"https:\/\/www.koncevisiontv.cl\/web\/wp-json\/wp\/v2\/posts\/5125\/revisions"}],"predecessor-version":[{"id":5127,"href":"https:\/\/www.koncevisiontv.cl\/web\/wp-json\/wp\/v2\/posts\/5125\/revisions\/5127"}],"wp:featuredmedia":[{"embeddable":true,"href":"https:\/\/www.koncevisiontv.cl\/web\/wp-json\/wp\/v2\/media\/2322"}],"wp:attachment":[{"href":"https:\/\/www.koncevisiontv.cl\/web\/wp-json\/wp\/v2\/media?parent=5125"}],"wp:term":[{"taxonomy":"category","embeddable":true,"href":"https:\/\/www.koncevisiontv.cl\/web\/wp-json\/wp\/v2\/categories?post=5125"},{"taxonomy":"post_tag","embeddable":true,"href":"https:\/\/www.koncevisiontv.cl\/web\/wp-json\/wp\/v2\/tags?post=5125"}],"curies":[{"name":"wp","href":"https:\/\/api.w.org\/{rel}","templated":true}]}}