{"id":5128,"date":"2025-01-21T13:34:40","date_gmt":"2025-01-21T16:34:40","guid":{"rendered":"https:\/\/www.koncevisiontv.cl\/web\/?p=5128"},"modified":"2025-01-21T13:34:43","modified_gmt":"2025-01-21T16:34:43","slug":"laguna-chica-de-san-pedro-de-la-paz-reapertura-con-aforo","status":"publish","type":"post","link":"https:\/\/www.koncevisiontv.cl\/web\/laguna-chica-de-san-pedro-de-la-paz-reapertura-con-aforo\/","title":{"rendered":"Laguna Chica de San Pedro de la Paz reabre con aforo reducido y previa inscripci\u00f3n"},"content":{"rendered":"\n<p class=\"wp-block-paragraph\">El lunes 20 de enero, la <strong>Laguna Chica de San Pedro de la Paz<\/strong> volvi\u00f3 a recibir a visitantes tras abrir sus puertas con un acceso controlado y aforo limitado. Este emblem\u00e1tico balneario de la regi\u00f3n del B\u00edo B\u00edo es el principal punto de recreaci\u00f3n para los vecinos de la comuna, pero debido a trabajos de modernizaci\u00f3n que se est\u00e1n realizando en el lugar, se ha implementado un sistema de inscripci\u00f3n previa.<\/p>\n\n\n\n<p class=\"wp-block-paragraph\">La reapertura ha generado opiniones encontradas. Por un lado, los vecinos est\u00e1n agradecidos de poder disfrutar nuevamente del balneario en plena temporada estival. Sin embargo, deportistas locales han expresado su preocupaci\u00f3n por la falta de instalaciones adecuadas para entrenar, como una piscina ol\u00edmpica, la cual consideran esencial para representar a la regi\u00f3n.<\/p>\n\n\n\n<hr class=\"wp-block-separator has-alpha-channel-opacity\"\/>\n\n\n\n<h3 class=\"wp-block-heading\"><strong>Acceso controlado y medidas implementadas<\/strong><\/h3>\n\n\n\n<p class=\"wp-block-paragraph\">El alcalde de San Pedro de la Paz, Juan Pablo Spoerer, explic\u00f3 que el aforo m\u00e1ximo ser\u00e1 de 300 personas al d\u00eda. Los interesados en visitar la laguna deber\u00e1n inscribirse previamente, ya sea en la Biblioteca Municipal o a trav\u00e9s de sus juntas de vecinos. Seg\u00fan las autoridades, esta medida permitir\u00e1 garantizar la seguridad de los asistentes y la conservaci\u00f3n del espacio natural.<\/p>\n\n\n\n<p class=\"wp-block-paragraph\">El horario de funcionamiento ser\u00e1 de lunes a domingo, entre las 10:30 y las 18:30 horas, hasta el 2 de marzo. Aunque se da prioridad a los residentes de San Pedro de la Paz, personas de otras comunas tambi\u00e9n podr\u00e1n acceder al recinto, siempre que realicen el proceso de inscripci\u00f3n.<\/p>\n\n\n\n<p class=\"wp-block-paragraph\">Para registrarse, solo es necesario presentar la c\u00e9dula de identidad. Las instalaciones cuentan con salvavidas, camarines, ba\u00f1os adaptados y una estaci\u00f3n de enfermer\u00eda para atender cualquier emergencia. Sin embargo, no se permitir\u00e1 el ingreso de mascotas, carpas ni parlantes.<\/p>\n\n\n\n<hr class=\"wp-block-separator has-alpha-channel-opacity\"\/>\n\n\n\n<h3 class=\"wp-block-heading\"><strong>Deportistas piden mejores instalaciones<\/strong><\/h3>\n\n\n\n<p class=\"wp-block-paragraph\">Aunque la reapertura ha sido bien recibida, algunos deportistas han cuestionado la falta de espacios para entrenar. Mane Seguel, entrenadora de la academia MaxKids de Concepci\u00f3n, se\u00f1al\u00f3 que han tenido que adaptarse a las nuevas condiciones del balneario, lo que ha dificultado sus entrenamientos.<\/p>\n\n\n\n<p class=\"wp-block-paragraph\">Por su parte, Julieta Manzano, destacada nadadora local, expres\u00f3 su frustraci\u00f3n por la ausencia de una piscina ol\u00edmpica en la regi\u00f3n, calific\u00e1ndolo como un problema que lleva a\u00f1os sin soluci\u00f3n. &#8220;Es algo que necesitamos para seguir representando a la regi\u00f3n en competencias importantes&#8221;, coment\u00f3.<\/p>\n\n\n\n<hr class=\"wp-block-separator has-alpha-channel-opacity\"\/>\n\n\n\n<h3 class=\"wp-block-heading\"><strong>Modernizaci\u00f3n de la Laguna Chica<\/strong><\/h3>\n\n\n\n<p class=\"wp-block-paragraph\">La reapertura se enmarca dentro de un proyecto de modernizaci\u00f3n que contempla una inversi\u00f3n cercana a los 3 mil millones de pesos, financiados por el Fondo Nacional de Desarrollo Regional (FNDR). Las obras incluyen 15 nuevos m\u00f3dulos con vestuarios, cafeter\u00eda, ba\u00f1os y zonas de seguridad. Debido a los trabajos, el \u00e1rea disponible del balneario se redujo temporalmente de 8.000 a 1.200 metros cuadrados.<\/p>\n\n\n\n<p class=\"wp-block-paragraph\">Adem\u00e1s, a partir de este martes, el municipio comenzar\u00e1 a impartir talleres de nataci\u00f3n dirigidos a los residentes de la comuna. Estos cursos buscan promover la actividad f\u00edsica y fomentar el uso responsable del balneario.<\/p>\n\n\n\n<hr class=\"wp-block-separator has-alpha-channel-opacity\"\/>\n\n\n\n<h3 class=\"wp-block-heading\"><strong>Un verano diferente en San Pedro de la Paz<\/strong><\/h3>\n\n\n\n<p class=\"wp-block-paragraph\">Con las obras programadas para finalizar a fines de 2025, la Laguna Chica de San Pedro de la Paz vive un verano diferente, marcado por el acceso controlado y los trabajos de mejora. Sin embargo, este emblem\u00e1tico lugar sigue siendo un punto de encuentro para vecinos y deportistas, quienes disfrutan de la belleza natural del balneario mientras esperan que las mejoras prometidas se concreten.<\/p>\n","protected":false},"excerpt":{"rendered":"<p>El lunes 20 de enero, la Laguna Chica de San Pedro de la Paz volvi\u00f3 a recibir a<\/p>\n","protected":false},"author":5,"featured_media":5129,"comment_status":"open","ping_status":"open","sticky":false,"template":"","format":"standard","meta":{"_crdt_document":"","_uag_custom_page_level_css":"","_sitemap_exclude":false,"_sitemap_priority":"","_sitemap_frequency":"","_joinchat":[],"footnotes":""},"categories":[14],"tags":[],"class_list":["post-5128","post","type-post","status-publish","format-standard","has-post-thumbnail","hentry","category-nacional"],"featured_image_urls":{"full":["https:\/\/www.koncevisiontv.cl\/web\/wp-content\/uploads\/2025\/01\/laguna-chica-en-san-pedro-de-la-paz-abre-y-con-previa-inscripocion.jpeg",850,400,false],"thumbnail":["https:\/\/www.koncevisiontv.cl\/web\/wp-content\/uploads\/2025\/01\/laguna-chica-en-san-pedro-de-la-paz-abre-y-con-previa-inscripocion-150x150.jpeg",150,150,true],"medium":["https:\/\/www.koncevisiontv.cl\/web\/wp-content\/uploads\/2025\/01\/laguna-chica-en-san-pedro-de-la-paz-abre-y-con-previa-inscripocion-300x141.jpeg",300,141,true],"medium_large":["https:\/\/www.koncevisiontv.cl\/web\/wp-content\/uploads\/2025\/01\/laguna-chica-en-san-pedro-de-la-paz-abre-y-con-previa-inscripocion-768x361.jpeg",640,301,true],"large":["https:\/\/www.koncevisiontv.cl\/web\/wp-content\/uploads\/2025\/01\/laguna-chica-en-san-pedro-de-la-paz-abre-y-con-previa-inscripocion.jpeg",640,301,false],"1536x1536":["https:\/\/www.koncevisiontv.cl\/web\/wp-content\/uploads\/2025\/01\/laguna-chica-en-san-pedro-de-la-paz-abre-y-con-previa-inscripocion.jpeg",850,400,false],"2048x2048":["https:\/\/www.koncevisiontv.cl\/web\/wp-content\/uploads\/2025\/01\/laguna-chica-en-san-pedro-de-la-paz-abre-y-con-previa-inscripocion.jpeg",850,400,false],"darknews-featured":["https:\/\/www.koncevisiontv.cl\/web\/wp-content\/uploads\/2025\/01\/laguna-chica-en-san-pedro-de-la-paz-abre-y-con-previa-inscripocion.jpeg",850,400,false],"darknews-large":["https:\/\/www.koncevisiontv.cl\/web\/wp-content\/uploads\/2025\/01\/laguna-chica-en-san-pedro-de-la-paz-abre-y-con-previa-inscripocion-825x400.jpeg",825,400,true],"darknews-medium":["https:\/\/www.koncevisiontv.cl\/web\/wp-content\/uploads\/2025\/01\/laguna-chica-en-san-pedro-de-la-paz-abre-y-con-previa-inscripocion-590x400.jpeg",590,400,true]},"author_info":{"info":["Web-Master"]},"category_info":"<a href=\"https:\/\/www.koncevisiontv.cl\/web\/category\/nacional\/\" rel=\"category tag\">Nacional<\/a>","tag_info":"Nacional","comment_count":"0","uagb_featured_image_src":{"full":["https:\/\/www.koncevisiontv.cl\/web\/wp-content\/uploads\/2025\/01\/laguna-chica-en-san-pedro-de-la-paz-abre-y-con-previa-inscripocion.jpeg",850,400,false],"thumbnail":["https:\/\/www.koncevisiontv.cl\/web\/wp-content\/uploads\/2025\/01\/laguna-chica-en-san-pedro-de-la-paz-abre-y-con-previa-inscripocion-150x150.jpeg",150,150,true],"medium":["https:\/\/www.koncevisiontv.cl\/web\/wp-content\/uploads\/2025\/01\/laguna-chica-en-san-pedro-de-la-paz-abre-y-con-previa-inscripocion-300x141.jpeg",300,141,true],"medium_large":["https:\/\/www.koncevisiontv.cl\/web\/wp-content\/uploads\/2025\/01\/laguna-chica-en-san-pedro-de-la-paz-abre-y-con-previa-inscripocion-768x361.jpeg",640,301,true],"large":["https:\/\/www.koncevisiontv.cl\/web\/wp-content\/uploads\/2025\/01\/laguna-chica-en-san-pedro-de-la-paz-abre-y-con-previa-inscripocion.jpeg",640,301,false],"1536x1536":["https:\/\/www.koncevisiontv.cl\/web\/wp-content\/uploads\/2025\/01\/laguna-chica-en-san-pedro-de-la-paz-abre-y-con-previa-inscripocion.jpeg",850,400,false],"2048x2048":["https:\/\/www.koncevisiontv.cl\/web\/wp-content\/uploads\/2025\/01\/laguna-chica-en-san-pedro-de-la-paz-abre-y-con-previa-inscripocion.jpeg",850,400,false],"darknews-featured":["https:\/\/www.koncevisiontv.cl\/web\/wp-content\/uploads\/2025\/01\/laguna-chica-en-san-pedro-de-la-paz-abre-y-con-previa-inscripocion.jpeg",850,400,false],"darknews-large":["https:\/\/www.koncevisiontv.cl\/web\/wp-content\/uploads\/2025\/01\/laguna-chica-en-san-pedro-de-la-paz-abre-y-con-previa-inscripocion-825x400.jpeg",825,400,true],"darknews-medium":["https:\/\/www.koncevisiontv.cl\/web\/wp-content\/uploads\/2025\/01\/laguna-chica-en-san-pedro-de-la-paz-abre-y-con-previa-inscripocion-590x400.jpeg",590,400,true]},"uagb_author_info":{"display_name":"Web-Master","author_link":"https:\/\/www.koncevisiontv.cl\/web\/author\/koncevision\/"},"uagb_comment_info":0,"uagb_excerpt":"El lunes 20 de enero, la Laguna Chica de San Pedro de la Paz volvi\u00f3 a recibir a","_links":{"self":[{"href":"https:\/\/www.koncevisiontv.cl\/web\/wp-json\/wp\/v2\/posts\/5128","targetHints":{"allow":["GET"]}}],"collection":[{"href":"https:\/\/www.koncevisiontv.cl\/web\/wp-json\/wp\/v2\/posts"}],"about":[{"href":"https:\/\/www.koncevisiontv.cl\/web\/wp-json\/wp\/v2\/types\/post"}],"author":[{"embeddable":true,"href":"https:\/\/www.koncevisiontv.cl\/web\/wp-json\/wp\/v2\/users\/5"}],"replies":[{"embeddable":true,"href":"https:\/\/www.koncevisiontv.cl\/web\/wp-json\/wp\/v2\/comments?post=5128"}],"version-history":[{"count":1,"href":"https:\/\/www.koncevisiontv.cl\/web\/wp-json\/wp\/v2\/posts\/5128\/revisions"}],"predecessor-version":[{"id":5130,"href":"https:\/\/www.koncevisiontv.cl\/web\/wp-json\/wp\/v2\/posts\/5128\/revisions\/5130"}],"wp:featuredmedia":[{"embeddable":true,"href":"https:\/\/www.koncevisiontv.cl\/web\/wp-json\/wp\/v2\/media\/5129"}],"wp:attachment":[{"href":"https:\/\/www.koncevisiontv.cl\/web\/wp-json\/wp\/v2\/media?parent=5128"}],"wp:term":[{"taxonomy":"category","embeddable":true,"href":"https:\/\/www.koncevisiontv.cl\/web\/wp-json\/wp\/v2\/categories?post=5128"},{"taxonomy":"post_tag","embeddable":true,"href":"https:\/\/www.koncevisiontv.cl\/web\/wp-json\/wp\/v2\/tags?post=5128"}],"curies":[{"name":"wp","href":"https:\/\/api.w.org\/{rel}","templated":true}]}}