{"id":5131,"date":"2025-01-21T15:45:37","date_gmt":"2025-01-21T18:45:37","guid":{"rendered":"https:\/\/www.koncevisiontv.cl\/web\/?p=5131"},"modified":"2025-01-21T16:06:10","modified_gmt":"2025-01-21T19:06:10","slug":"ley-de-inteligencia","status":"publish","type":"post","link":"https:\/\/www.koncevisiontv.cl\/web\/ley-de-inteligencia\/","title":{"rendered":"Ley de Inteligencia: Comisi\u00f3n de Defensa aprueba proyecto tras 7 a\u00f1os de tramitaci\u00f3n"},"content":{"rendered":"\n<h1 class=\"wp-block-heading\">Ley de Inteligencia<\/h1>\n\n\n\n<p class=\"wp-block-paragraph\">La Comisi\u00f3n de Defensa de la C\u00e1mara de Diputadas y Diputados dio un paso hist\u00f3rico al aprobar el proyecto que crear\u00e1 el nuevo <em>Sistema Nacional de Inteligencia del Estado<\/em>. Despu\u00e9s de siete a\u00f1os de ardua tramitaci\u00f3n legislativa, este avance busca fortalecer la seguridad nacional con la implementaci\u00f3n de la <strong>Agencia Nacional de Inteligencia Civil (ANIC)<\/strong>, que reemplazar\u00e1 a la cuestionada Agencia Nacional de Inteligencia (ANI).<\/p>\n\n\n\n<p class=\"wp-block-paragraph\"><em>&#8220;Estamos entreg\u00e1ndole al pa\u00eds un sistema que permitir\u00e1 al Presidente de la Rep\u00fablica tomar decisiones estrat\u00e9gicas basadas en informaci\u00f3n confiable, protegiendo la inteligencia de las Fuerzas Armadas, de Carabineros y fortaleciendo la nueva ANIC,&#8221;<\/em> se\u00f1al\u00f3 Camila Flores (RN), presidenta de la Comisi\u00f3n de Defensa, visiblemente satisfecha tras la aprobaci\u00f3n del proyecto.<\/p>\n\n\n\n<div class=\"wp-block-columns is-layout-flex wp-container-core-columns-is-layout-8f761849 wp-block-columns-is-layout-flex\">\n<div class=\"wp-block-column is-layout-flow wp-block-column-is-layout-flow\" style=\"flex-basis:30%\"><!-- Error, Advert is not available at this time due to schedule\/geolocation restrictions! --><\/div>\n\n\n\n<div class=\"wp-block-column is-layout-flow wp-block-column-is-layout-flow\">\n<p class=\"wp-block-paragraph\">El trabajo intenso permiti\u00f3 que la iniciativa avanzara a la Comisi\u00f3n de Hacienda antes del receso legislativo, cumpliendo as\u00ed con el compromiso adquirido. Este proyecto ha sido ampliamente valorado por los parlamentarios, quienes consideran que modernizar\u00e1 y potenciar\u00e1 las capacidades del Estado en un contexto de crecientes desaf\u00edos en materia de seguridad.<\/p>\n<\/div>\n<\/div>\n\n\n\n<p class=\"wp-block-paragraph\"><\/p>\n\n\n\n<blockquote class=\"wp-block-quote is-layout-flow wp-block-quote-is-layout-flow\">\n<p class=\"wp-block-paragraph\"><em>&#8220;Es una ley mucho mejor que la que tenemos actualmente. Si bien cedimos en algunos puntos, logramos acuerdos importantes que fortalecen esta normativa,&#8221;<\/em> afirm\u00f3 el diputado Miguel \u00c1ngel Becker, destacando la relevancia del consenso alcanzado.<\/p>\n<\/blockquote>\n\n\n\n<h3 class=\"wp-block-heading\">Un nuevo enfoque para enfrentar los desaf\u00edos de la seguridad<\/h3>\n\n\n\n<p class=\"wp-block-paragraph\">El proyecto de Ley de Inteligencia se propone resolver problemas hist\u00f3ricos de coordinaci\u00f3n entre los organismos de inteligencia, un tema que ha estado en el centro del debate p\u00fablico durante los \u00faltimos a\u00f1os. Adem\u00e1s, busca enfrentar desaf\u00edos actuales como el <strong>crimen organizado y el terrorismo<\/strong>, temas que preocupan tanto a las autoridades como a la ciudadan\u00eda.<\/p>\n\n\n\n<p class=\"wp-block-paragraph\">Uno de los puntos m\u00e1s destacados de esta propuesta es la creaci\u00f3n de la <strong>Agencia Nacional de Inteligencia Civil (ANIC)<\/strong>, que tendr\u00e1 un enfoque moderno y m\u00e1s eficiente en la gesti\u00f3n de informaci\u00f3n sensible. Esto incluye garantizar una supervisi\u00f3n m\u00e1s estricta en el uso de herramientas de inteligencia, respetando siempre los derechos fundamentales.<\/p>\n\n\n\n<p class=\"wp-block-paragraph\"><em>&#8220;Lo importante de esta nueva ley es que no solo se trata de recolectar informaci\u00f3n, sino de coordinar los esfuerzos de todas las instituciones involucradas en la seguridad del pa\u00eds. Es un paso crucial para enfrentar las amenazas del siglo XXI,&#8221;<\/em> agreg\u00f3 Camila Flores en sus declaraciones a la prensa.<\/p>\n\n\n\n<p class=\"wp-block-paragraph\">Los parlamentarios tambi\u00e9n subrayaron que la nueva ANIC trabajar\u00e1 en estrecha colaboraci\u00f3n con las Fuerzas Armadas y Carabineros, asegurando un enfoque integral y eficiente en la gesti\u00f3n de la inteligencia estatal.<\/p>\n\n\n\n<h3 class=\"wp-block-heading\">Innovaciones clave del proyecto<\/h3>\n\n\n\n<ul class=\"wp-block-list\">\n<li><strong>Coordinaci\u00f3n efectiva:<\/strong> La nueva ley busca resolver las falencias hist\u00f3ricas en la comunicaci\u00f3n y colaboraci\u00f3n entre las diferentes instituciones de inteligencia.<\/li>\n\n\n\n<li><strong>Supervisi\u00f3n rigurosa:<\/strong> Se implementar\u00e1n controles m\u00e1s estrictos en el uso de herramientas de inteligencia para evitar abusos y proteger los derechos ciudadanos.<\/li>\n\n\n\n<li><strong>Fortalecimiento institucional:<\/strong> La ANIC tendr\u00e1 facultades claras y espec\u00edficas, lo que permitir\u00e1 una mejor integraci\u00f3n con las fuerzas de seguridad nacionales.<\/li>\n<\/ul>\n\n\n\n<p class=\"wp-block-paragraph\">El proyecto no solo representa una actualizaci\u00f3n del sistema, sino que tambi\u00e9n responde a las demandas de un pa\u00eds que exige soluciones r\u00e1pidas y eficaces frente a problemas como el narcotr\u00e1fico y la inseguridad.<\/p>\n\n\n\n<h3 class=\"wp-block-heading\">Un compromiso con la seguridad del pa\u00eds<\/h3>\n\n\n\n<p class=\"wp-block-paragraph\">La presidenta de la Comisi\u00f3n de Defensa enfatiz\u00f3 la importancia de avanzar en la tramitaci\u00f3n de esta ley, destacando que su implementaci\u00f3n beneficiar\u00e1 directamente a la seguridad de los chilenos.<\/p>\n\n\n\n<p class=\"wp-block-paragraph\"><em>&#8220;Estamos dotando al Estado de una herramienta moderna y responsable que permitir\u00e1 proteger a la ciudadan\u00eda frente a las amenazas actuales, siempre respetando los derechos fundamentales,&#8221;<\/em> asegur\u00f3 Camila Flores.<\/p>\n\n\n\n<p class=\"wp-block-paragraph\">Por su parte, el diputado Becker se\u00f1al\u00f3 que, aunque el proyecto a\u00fan debe pasar por la Comisi\u00f3n de Hacienda, se espera que sea promulgado durante el primer semestre de este a\u00f1o.<\/p>\n\n\n\n<blockquote class=\"wp-block-quote is-layout-flow wp-block-quote-is-layout-flow\">\n<p class=\"wp-block-paragraph\"><em>&#8220;Esta ley es una muestra de que, cuando hay voluntad pol\u00edtica, se pueden alcanzar acuerdos importantes que beneficien a todo el pa\u00eds,&#8221;<\/em> concluy\u00f3 Becker.<\/p>\n<\/blockquote>\n\n\n\n<h3 class=\"wp-block-heading\">Modernizaci\u00f3n necesaria<\/h3>\n\n\n\n<p class=\"wp-block-paragraph\">El debate sobre la actualizaci\u00f3n de las herramientas de inteligencia del Estado lleva a\u00f1os en la palestra p\u00fablica. Con esta nueva normativa, se busca no solo mejorar la capacidad operativa de los organismos de seguridad, sino tambi\u00e9n reforzar la confianza de la ciudadan\u00eda en estas instituciones.<\/p>\n\n\n\n<p class=\"wp-block-paragraph\">La nueva Agencia Nacional de Inteligencia Civil promete ser una herramienta crucial para enfrentar los desaf\u00edos actuales, ofreciendo al pa\u00eds un sistema m\u00e1s eficiente, moderno y transparente.<\/p>\n\n\n\n<p class=\"wp-block-paragraph\"><em>&#8220;La seguridad de las personas es prioritaria. Este avance es una muestra de que estamos trabajando para proteger a las familias chilenas y responder a los desaf\u00edos del presente y el futuro,&#8221;<\/em> concluy\u00f3 Flores, reafirmando el compromiso de la Comisi\u00f3n de Defensa con la seguridad nacional.<\/p>\n\n\n\n<p class=\"wp-block-paragraph\">La Ley de Inteligencia podr\u00eda marcar un antes y un despu\u00e9s en la historia legislativa del pa\u00eds, modernizando la forma en que se enfrenta la criminalidad y protegiendo a los ciudadanos en un mundo cada vez m\u00e1s complejo.<\/p>\n","protected":false},"excerpt":{"rendered":"<p>Ley de Inteligencia La Comisi\u00f3n de Defensa de la C\u00e1mara de Diputadas y Diputados dio un paso hist\u00f3rico<\/p>\n","protected":false},"author":5,"featured_media":5133,"comment_status":"open","ping_status":"open","sticky":false,"template":"","format":"standard","meta":{"_crdt_document":"","_uag_custom_page_level_css":"","_sitemap_exclude":false,"_sitemap_priority":"","_sitemap_frequency":"","_joinchat":[],"footnotes":""},"categories":[14],"tags":[],"class_list":["post-5131","post","type-post","status-publish","format-standard","has-post-thumbnail","hentry","category-nacional"],"featured_image_urls":{"full":["https:\/\/www.koncevisiontv.cl\/web\/wp-content\/uploads\/2025\/01\/agencia-nacional-de-inteligencia.jpg",900,600,false],"thumbnail":["https:\/\/www.koncevisiontv.cl\/web\/wp-content\/uploads\/2025\/01\/agencia-nacional-de-inteligencia-150x150.jpg",150,150,true],"medium":["https:\/\/www.koncevisiontv.cl\/web\/wp-content\/uploads\/2025\/01\/agencia-nacional-de-inteligencia-300x200.jpg",300,200,true],"medium_large":["https:\/\/www.koncevisiontv.cl\/web\/wp-content\/uploads\/2025\/01\/agencia-nacional-de-inteligencia-768x512.jpg",640,427,true],"large":["https:\/\/www.koncevisiontv.cl\/web\/wp-content\/uploads\/2025\/01\/agencia-nacional-de-inteligencia.jpg",640,427,false],"1536x1536":["https:\/\/www.koncevisiontv.cl\/web\/wp-content\/uploads\/2025\/01\/agencia-nacional-de-inteligencia.jpg",900,600,false],"2048x2048":["https:\/\/www.koncevisiontv.cl\/web\/wp-content\/uploads\/2025\/01\/agencia-nacional-de-inteligencia.jpg",900,600,false],"darknews-featured":["https:\/\/www.koncevisiontv.cl\/web\/wp-content\/uploads\/2025\/01\/agencia-nacional-de-inteligencia.jpg",900,600,false],"darknews-large":["https:\/\/www.koncevisiontv.cl\/web\/wp-content\/uploads\/2025\/01\/agencia-nacional-de-inteligencia-825x575.jpg",825,575,true],"darknews-medium":["https:\/\/www.koncevisiontv.cl\/web\/wp-content\/uploads\/2025\/01\/agencia-nacional-de-inteligencia-590x410.jpg",590,410,true]},"author_info":{"info":["Web-Master"]},"category_info":"<a href=\"https:\/\/www.koncevisiontv.cl\/web\/category\/nacional\/\" rel=\"category tag\">Nacional<\/a>","tag_info":"Nacional","comment_count":"0","uagb_featured_image_src":{"full":["https:\/\/www.koncevisiontv.cl\/web\/wp-content\/uploads\/2025\/01\/agencia-nacional-de-inteligencia.jpg",900,600,false],"thumbnail":["https:\/\/www.koncevisiontv.cl\/web\/wp-content\/uploads\/2025\/01\/agencia-nacional-de-inteligencia-150x150.jpg",150,150,true],"medium":["https:\/\/www.koncevisiontv.cl\/web\/wp-content\/uploads\/2025\/01\/agencia-nacional-de-inteligencia-300x200.jpg",300,200,true],"medium_large":["https:\/\/www.koncevisiontv.cl\/web\/wp-content\/uploads\/2025\/01\/agencia-nacional-de-inteligencia-768x512.jpg",640,427,true],"large":["https:\/\/www.koncevisiontv.cl\/web\/wp-content\/uploads\/2025\/01\/agencia-nacional-de-inteligencia.jpg",640,427,false],"1536x1536":["https:\/\/www.koncevisiontv.cl\/web\/wp-content\/uploads\/2025\/01\/agencia-nacional-de-inteligencia.jpg",900,600,false],"2048x2048":["https:\/\/www.koncevisiontv.cl\/web\/wp-content\/uploads\/2025\/01\/agencia-nacional-de-inteligencia.jpg",900,600,false],"darknews-featured":["https:\/\/www.koncevisiontv.cl\/web\/wp-content\/uploads\/2025\/01\/agencia-nacional-de-inteligencia.jpg",900,600,false],"darknews-large":["https:\/\/www.koncevisiontv.cl\/web\/wp-content\/uploads\/2025\/01\/agencia-nacional-de-inteligencia-825x575.jpg",825,575,true],"darknews-medium":["https:\/\/www.koncevisiontv.cl\/web\/wp-content\/uploads\/2025\/01\/agencia-nacional-de-inteligencia-590x410.jpg",590,410,true]},"uagb_author_info":{"display_name":"Web-Master","author_link":"https:\/\/www.koncevisiontv.cl\/web\/author\/koncevision\/"},"uagb_comment_info":1,"uagb_excerpt":"Ley de Inteligencia La Comisi\u00f3n de Defensa de la C\u00e1mara de Diputadas y Diputados dio un paso hist\u00f3rico","_links":{"self":[{"href":"https:\/\/www.koncevisiontv.cl\/web\/wp-json\/wp\/v2\/posts\/5131","targetHints":{"allow":["GET"]}}],"collection":[{"href":"https:\/\/www.koncevisiontv.cl\/web\/wp-json\/wp\/v2\/posts"}],"about":[{"href":"https:\/\/www.koncevisiontv.cl\/web\/wp-json\/wp\/v2\/types\/post"}],"author":[{"embeddable":true,"href":"https:\/\/www.koncevisiontv.cl\/web\/wp-json\/wp\/v2\/users\/5"}],"replies":[{"embeddable":true,"href":"https:\/\/www.koncevisiontv.cl\/web\/wp-json\/wp\/v2\/comments?post=5131"}],"version-history":[{"count":4,"href":"https:\/\/www.koncevisiontv.cl\/web\/wp-json\/wp\/v2\/posts\/5131\/revisions"}],"predecessor-version":[{"id":5140,"href":"https:\/\/www.koncevisiontv.cl\/web\/wp-json\/wp\/v2\/posts\/5131\/revisions\/5140"}],"wp:featuredmedia":[{"embeddable":true,"href":"https:\/\/www.koncevisiontv.cl\/web\/wp-json\/wp\/v2\/media\/5133"}],"wp:attachment":[{"href":"https:\/\/www.koncevisiontv.cl\/web\/wp-json\/wp\/v2\/media?parent=5131"}],"wp:term":[{"taxonomy":"category","embeddable":true,"href":"https:\/\/www.koncevisiontv.cl\/web\/wp-json\/wp\/v2\/categories?post=5131"},{"taxonomy":"post_tag","embeddable":true,"href":"https:\/\/www.koncevisiontv.cl\/web\/wp-json\/wp\/v2\/tags?post=5131"}],"curies":[{"name":"wp","href":"https:\/\/api.w.org\/{rel}","templated":true}]}}