{"id":5141,"date":"2025-01-21T16:17:59","date_gmt":"2025-01-21T19:17:59","guid":{"rendered":"https:\/\/www.koncevisiontv.cl\/web\/?p=5141"},"modified":"2025-01-21T16:18:02","modified_gmt":"2025-01-21T19:18:02","slug":"reforma-de-pensiones-e-impuesto-a-pymes","status":"publish","type":"post","link":"https:\/\/www.koncevisiontv.cl\/web\/reforma-de-pensiones-e-impuesto-a-pymes\/","title":{"rendered":"Reforma de pensiones: Gobierno eval\u00faa mantener la tasa del impuesto a pymes ante presi\u00f3n del sector empresarial"},"content":{"rendered":"\n<p class=\"wp-block-paragraph\"> Gobierno eval\u00faa mantener mantener tasa del impuesto a pymes  <\/p>\n\n\n\n<p class=\"wp-block-paragraph\">El Gobierno, a trav\u00e9s del ministro de Hacienda, Mario Marcel, indic\u00f3 en la Comisi\u00f3n de Trabajo del Senado que se est\u00e1 evaluando mantener la tasa de impuesto a las pymes en 12,5%, cifra que ha estado vigente desde la pandemia. Esta solicitud responde a la creciente preocupaci\u00f3n del sector por el impacto financiero que la reforma de pensiones y otras pol\u00edticas p\u00fablicas estar\u00edan generando en los peque\u00f1os empresarios.<\/p>\n\n\n\n<p class=\"wp-block-paragraph\">El sector empresarial advierte que los costos adicionales derivados de la cotizaci\u00f3n adicional contenida en la reforma de pensiones, sumados a las medidas adoptadas en 2024, podr\u00edan poner en riesgo la estabilidad financiera y la capacidad de generar empleo en las peque\u00f1as y medianas empresas.<\/p>\n\n\n\n<h3 class=\"wp-block-heading\"><strong>El llamado de las pymes y la preocupaci\u00f3n por el empleo<\/strong><\/h3>\n\n\n\n<p class=\"wp-block-paragraph\">Jos\u00e9 Pakomio, presidente de la C\u00e1mara Nacional de Comercio (CNC), destac\u00f3 la urgencia de <em>\u201cponer freno\u201d<\/em> a las nuevas cargas que afectan a las pymes. Seg\u00fan Pakomio, estas medidas podr\u00edan derivar en un aumento de los costos de producci\u00f3n, afectando directamente a las empresas m\u00e1s peque\u00f1as y, por ende, al empleo.<\/p>\n\n\n\n<p class=\"wp-block-paragraph\"><em>&#8220;Es importante considerar que las pymes ya est\u00e1n cargando con un peso significativo. La reforma de pensiones y otras pol\u00edticas del Ejecutivo no deben sobrecargar a un sector que es clave para la econom\u00eda chilena,&#8221;<\/em> advirti\u00f3 el l\u00edder gremial.<\/p>\n\n\n\n<h3 class=\"wp-block-heading\"><strong>Hacienda abre la puerta a ajustes en el impuesto a la renta<\/strong><\/h3>\n\n\n\n<p class=\"wp-block-paragraph\">En lo que respecta al impuesto de primera categor\u00eda, que afecta tanto a grandes como peque\u00f1as empresas, el Gobierno ha propuesto una baja de la tasa del 27% al 25%. Sin embargo, sectores como la Confederaci\u00f3n de la Producci\u00f3n y del Comercio (CPC) han se\u00f1alado que la reducci\u00f3n deber\u00eda ser a\u00fan mayor, situ\u00e1ndose en un 23% para incentivar la inversi\u00f3n y el desarrollo.<\/p>\n\n\n\n<p class=\"wp-block-paragraph\">El expresidente de la CPC, Juan Sutil, manifest\u00f3 su desacuerdo con medidas como el impuesto al desarrollo, argumentando que <em>\u201cno es necesario para la innovaci\u00f3n que Chile necesita\u201d<\/em>. Sutil tambi\u00e9n propuso volver al sistema de integraci\u00f3n tributaria previo a la Reforma Tributaria de 2014, implementada durante el gobierno de Michelle Bachelet.<\/p>\n\n\n\n<h3 class=\"wp-block-heading\"><strong>Expertos exigen medidas urgentes para reactivar la econom\u00eda<\/strong><\/h3>\n\n\n\n<p class=\"wp-block-paragraph\">Felipe Gormaz, experto tributario y Tax Manager de Smart CFO, subray\u00f3 la necesidad de una baja general en las tasas de impuestos para fomentar el crecimiento econ\u00f3mico. Seg\u00fan Gormaz, tanto las pymes como las grandes empresas requieren incentivos fiscales m\u00e1s agresivos.<\/p>\n\n\n\n<p class=\"wp-block-paragraph\"><em>&#8220;Bajar del 27% al 25% podr\u00eda ser atractivo, pero un 24% o incluso menos ser\u00eda mucho m\u00e1s efectivo para estimular la econom\u00eda. La reactivaci\u00f3n debe ser prioridad para que las empresas vuelvan a invertir y el crecimiento se refleje en el empleo y la producci\u00f3n,&#8221;<\/em> concluy\u00f3 el especialista.<\/p>\n\n\n\n<h3 class=\"wp-block-heading\"><strong>Un debate que contin\u00faa en el \u00e1mbito legislativo<\/strong><\/h3>\n\n\n\n<p class=\"wp-block-paragraph\">A pesar de las demandas del sector privado, el debate sobre la reforma del impuesto a la renta continuar\u00e1 en marzo, cuando se espera que la iniciativa sea presentada formalmente al Congreso. Mientras tanto, las pymes y otros actores empresariales seguir\u00e1n presionando al Gobierno para que ceda en ciertas \u00e1reas clave.<\/p>\n\n\n\n<p class=\"wp-block-paragraph\">El futuro de esta reforma determinar\u00e1 no solo el desempe\u00f1o de las pymes, sino tambi\u00e9n el panorama econ\u00f3mico general del pa\u00eds en un contexto de desaceleraci\u00f3n econ\u00f3mica y desaf\u00edos sociales.<\/p>\n","protected":false},"excerpt":{"rendered":"<p>Gobierno eval\u00faa mantener mantener tasa del impuesto a pymes El Gobierno, a trav\u00e9s del ministro de Hacienda, Mario<\/p>\n","protected":false},"author":5,"featured_media":4078,"comment_status":"open","ping_status":"open","sticky":false,"template":"","format":"standard","meta":{"_crdt_document":"","_uag_custom_page_level_css":"","_sitemap_exclude":false,"_sitemap_priority":"","_sitemap_frequency":"","_joinchat":[],"footnotes":""},"categories":[14],"tags":[],"class_list":["post-5141","post","type-post","status-publish","format-standard","has-post-thumbnail","hentry","category-nacional"],"featured_image_urls":{"full":["https:\/\/www.koncevisiontv.cl\/web\/wp-content\/uploads\/2024\/12\/Mario-Marcel-Ministro-de-Hacienda-Chileno.jpg",1280,720,false],"thumbnail":["https:\/\/www.koncevisiontv.cl\/web\/wp-content\/uploads\/2024\/12\/Mario-Marcel-Ministro-de-Hacienda-Chileno-150x150.jpg",150,150,true],"medium":["https:\/\/www.koncevisiontv.cl\/web\/wp-content\/uploads\/2024\/12\/Mario-Marcel-Ministro-de-Hacienda-Chileno-300x169.jpg",300,169,true],"medium_large":["https:\/\/www.koncevisiontv.cl\/web\/wp-content\/uploads\/2024\/12\/Mario-Marcel-Ministro-de-Hacienda-Chileno-768x432.jpg",640,360,true],"large":["https:\/\/www.koncevisiontv.cl\/web\/wp-content\/uploads\/2024\/12\/Mario-Marcel-Ministro-de-Hacienda-Chileno-1024x576.jpg",640,360,true],"1536x1536":["https:\/\/www.koncevisiontv.cl\/web\/wp-content\/uploads\/2024\/12\/Mario-Marcel-Ministro-de-Hacienda-Chileno.jpg",1280,720,false],"2048x2048":["https:\/\/www.koncevisiontv.cl\/web\/wp-content\/uploads\/2024\/12\/Mario-Marcel-Ministro-de-Hacienda-Chileno.jpg",1280,720,false],"darknews-featured":["https:\/\/www.koncevisiontv.cl\/web\/wp-content\/uploads\/2024\/12\/Mario-Marcel-Ministro-de-Hacienda-Chileno-1024x576.jpg",1024,576,true],"darknews-large":["https:\/\/www.koncevisiontv.cl\/web\/wp-content\/uploads\/2024\/12\/Mario-Marcel-Ministro-de-Hacienda-Chileno-825x575.jpg",825,575,true],"darknews-medium":["https:\/\/www.koncevisiontv.cl\/web\/wp-content\/uploads\/2024\/12\/Mario-Marcel-Ministro-de-Hacienda-Chileno-590x410.jpg",590,410,true]},"author_info":{"info":["Web-Master"]},"category_info":"<a href=\"https:\/\/www.koncevisiontv.cl\/web\/category\/nacional\/\" rel=\"category tag\">Nacional<\/a>","tag_info":"Nacional","comment_count":"0","uagb_featured_image_src":{"full":["https:\/\/www.koncevisiontv.cl\/web\/wp-content\/uploads\/2024\/12\/Mario-Marcel-Ministro-de-Hacienda-Chileno.jpg",1280,720,false],"thumbnail":["https:\/\/www.koncevisiontv.cl\/web\/wp-content\/uploads\/2024\/12\/Mario-Marcel-Ministro-de-Hacienda-Chileno-150x150.jpg",150,150,true],"medium":["https:\/\/www.koncevisiontv.cl\/web\/wp-content\/uploads\/2024\/12\/Mario-Marcel-Ministro-de-Hacienda-Chileno-300x169.jpg",300,169,true],"medium_large":["https:\/\/www.koncevisiontv.cl\/web\/wp-content\/uploads\/2024\/12\/Mario-Marcel-Ministro-de-Hacienda-Chileno-768x432.jpg",640,360,true],"large":["https:\/\/www.koncevisiontv.cl\/web\/wp-content\/uploads\/2024\/12\/Mario-Marcel-Ministro-de-Hacienda-Chileno-1024x576.jpg",640,360,true],"1536x1536":["https:\/\/www.koncevisiontv.cl\/web\/wp-content\/uploads\/2024\/12\/Mario-Marcel-Ministro-de-Hacienda-Chileno.jpg",1280,720,false],"2048x2048":["https:\/\/www.koncevisiontv.cl\/web\/wp-content\/uploads\/2024\/12\/Mario-Marcel-Ministro-de-Hacienda-Chileno.jpg",1280,720,false],"darknews-featured":["https:\/\/www.koncevisiontv.cl\/web\/wp-content\/uploads\/2024\/12\/Mario-Marcel-Ministro-de-Hacienda-Chileno-1024x576.jpg",1024,576,true],"darknews-large":["https:\/\/www.koncevisiontv.cl\/web\/wp-content\/uploads\/2024\/12\/Mario-Marcel-Ministro-de-Hacienda-Chileno-825x575.jpg",825,575,true],"darknews-medium":["https:\/\/www.koncevisiontv.cl\/web\/wp-content\/uploads\/2024\/12\/Mario-Marcel-Ministro-de-Hacienda-Chileno-590x410.jpg",590,410,true]},"uagb_author_info":{"display_name":"Web-Master","author_link":"https:\/\/www.koncevisiontv.cl\/web\/author\/koncevision\/"},"uagb_comment_info":0,"uagb_excerpt":"Gobierno eval\u00faa mantener mantener tasa del impuesto a pymes El Gobierno, a trav\u00e9s del ministro de Hacienda, Mario","_links":{"self":[{"href":"https:\/\/www.koncevisiontv.cl\/web\/wp-json\/wp\/v2\/posts\/5141","targetHints":{"allow":["GET"]}}],"collection":[{"href":"https:\/\/www.koncevisiontv.cl\/web\/wp-json\/wp\/v2\/posts"}],"about":[{"href":"https:\/\/www.koncevisiontv.cl\/web\/wp-json\/wp\/v2\/types\/post"}],"author":[{"embeddable":true,"href":"https:\/\/www.koncevisiontv.cl\/web\/wp-json\/wp\/v2\/users\/5"}],"replies":[{"embeddable":true,"href":"https:\/\/www.koncevisiontv.cl\/web\/wp-json\/wp\/v2\/comments?post=5141"}],"version-history":[{"count":1,"href":"https:\/\/www.koncevisiontv.cl\/web\/wp-json\/wp\/v2\/posts\/5141\/revisions"}],"predecessor-version":[{"id":5142,"href":"https:\/\/www.koncevisiontv.cl\/web\/wp-json\/wp\/v2\/posts\/5141\/revisions\/5142"}],"wp:featuredmedia":[{"embeddable":true,"href":"https:\/\/www.koncevisiontv.cl\/web\/wp-json\/wp\/v2\/media\/4078"}],"wp:attachment":[{"href":"https:\/\/www.koncevisiontv.cl\/web\/wp-json\/wp\/v2\/media?parent=5141"}],"wp:term":[{"taxonomy":"category","embeddable":true,"href":"https:\/\/www.koncevisiontv.cl\/web\/wp-json\/wp\/v2\/categories?post=5141"},{"taxonomy":"post_tag","embeddable":true,"href":"https:\/\/www.koncevisiontv.cl\/web\/wp-json\/wp\/v2\/tags?post=5141"}],"curies":[{"name":"wp","href":"https:\/\/api.w.org\/{rel}","templated":true}]}}