{"id":5150,"date":"2025-01-21T18:18:47","date_gmt":"2025-01-21T21:18:47","guid":{"rendered":"https:\/\/www.koncevisiontv.cl\/web\/?p=5150"},"modified":"2025-01-21T18:25:00","modified_gmt":"2025-01-21T21:25:00","slug":"funcionaria-que-denuncio-a-manuel-monsalve-firma-contrato-con-mejora-salarial-al-dia-siguiente","status":"publish","type":"post","link":"https:\/\/www.koncevisiontv.cl\/web\/funcionaria-que-denuncio-a-manuel-monsalve-firma-contrato-con-mejora-salarial-al-dia-siguiente\/","title":{"rendered":"Pol\u00e9mica en el caso Monsalve: Denunciante firm\u00f3 contrato con millonario aumento salarial al d\u00eda siguiente de acusarlo"},"content":{"rendered":"\n<p class=\"wp-block-paragraph\">La controversia en torno a la denuncia contra <strong>Manuel Monsalve<\/strong>, exsubsecretario del Interior, ha sumado un nuevo giro. Se ha revelado que la funcionaria que lo denunci\u00f3 por violaci\u00f3n <strong>firm\u00f3 un contrato al d\u00eda siguiente de su acusaci\u00f3n<\/strong>, el cual mejoraba significativamente sus condiciones laborales.<\/p>\n\n\n\n<h3 class=\"wp-block-heading\"><strong>El contexto de la denuncia<\/strong><\/h3>\n\n\n\n<p class=\"wp-block-paragraph\">El 14 de octubre de 2024, la funcionaria present\u00f3 una denuncia por violaci\u00f3n contra Monsalve ante la Fiscal\u00eda. Este hecho desencaden\u00f3 m\u00faltiples diligencias, entre ellas solicitudes de antecedentes al Ministerio del Interior. Sin embargo, lo que ha causado revuelo es que, <strong>al d\u00eda siguiente de la denuncia<\/strong>, la misma funcionaria firm\u00f3 un nuevo contrato que elevaba su sueldo de <strong>$2,5 millones a $3,2 millones brutos<\/strong>.<\/p>\n\n\n\n<h3 class=\"wp-block-heading\"><strong>Los documentos que destaparon el caso<\/strong><\/h3>\n\n\n\n<p class=\"wp-block-paragraph\">Seg\u00fan informaci\u00f3n obtenida por <strong>T13<\/strong>, el 14 de octubre, a las 10:48 de la ma\u00f1ana, horas antes de que la funcionaria formalizara su denuncia, el Departamento de Desarrollo y Gesti\u00f3n de Personal del Ministerio del Interior envi\u00f3 un correo electr\u00f3nico con un <strong>nuevo convenio de honorarios a suma alzada<\/strong> para mejorar sus condiciones laborales.<\/p>\n\n\n\n<p class=\"wp-block-paragraph\">El mensaje dec\u00eda:<\/p>\n\n\n\n<blockquote class=\"wp-block-quote is-layout-flow wp-block-quote-is-layout-flow\">\n<p class=\"wp-block-paragraph\"><em>&#8220;Se adjunta al presente Convenio de Honorarios a Suma Alzada por ajuste en condiciones de este (asesor\u00edas, entre otros). Lo anterior, para efectos de gestionar la respectiva firma.&#8221;<\/em><\/p>\n<\/blockquote>\n\n\n\n<p class=\"wp-block-paragraph\">La funcionaria respondi\u00f3 al correo al d\u00eda siguiente, el 15 de octubre a las 20:47 horas, confirmando que hab\u00eda firmado el contrato y enviar\u00eda los documentos restantes.<\/p>\n\n\n\n<h3 class=\"wp-block-heading\"><strong>\u00bfCasualidad o algo m\u00e1s?<\/strong><\/h3>\n\n\n\n<p class=\"wp-block-paragraph\">La informaci\u00f3n ha generado controversia, con interrogantes sobre si la mejora en las condiciones laborales estuvo relacionada con la denuncia. Este contrato aument\u00f3 las remuneraciones de la funcionaria en aproximadamente <strong>$700 mil mensuales<\/strong>.<\/p>\n\n\n\n<p class=\"wp-block-paragraph\">Hasta la fecha, <strong>la funcionaria contin\u00faa con licencia m\u00e9dica<\/strong>, asegurando que se encuentra bajo tratamiento m\u00e9dico debido a las circunstancias que rodean la denuncia.<\/p>\n\n\n\n<h3 class=\"wp-block-heading\"><strong>Reacciones y dudas sobre el caso<\/strong><\/h3>\n\n\n\n<p class=\"wp-block-paragraph\">Este giro ha despertado tanto cr\u00edticas como apoyo en distintos sectores pol\u00edticos y sociales. Algunos sostienen que el ajuste salarial podr\u00eda ser una coincidencia, mientras que otros lo ven como una maniobra estrat\u00e9gica en el contexto de la denuncia.<\/p>\n\n\n\n<p class=\"wp-block-paragraph\">La Fiscal\u00eda contin\u00faa investigando el caso y ha solicitado m\u00e1s antecedentes al Ministerio del Interior, mientras que el exsubsecretario Manuel Monsalve sigue enfrentando la acusaci\u00f3n.<\/p>\n\n\n\n<h3 class=\"wp-block-heading\"><strong>Un caso que sigue sin resolverse<\/strong><\/h3>\n\n\n\n<p class=\"wp-block-paragraph\">La conexi\u00f3n entre la mejora salarial y la denuncia ha dejado preguntas abiertas que a\u00fan no tienen respuesta. Mientras la investigaci\u00f3n avanza, la atenci\u00f3n sigue centrada en c\u00f3mo se desarrollar\u00e1n los acontecimientos y si habr\u00e1 nuevos detalles que puedan esclarecer la relaci\u00f3n entre estos dos hechos.<\/p>\n\n\n\n<p class=\"wp-block-paragraph\"><\/p>\n","protected":false},"excerpt":{"rendered":"<p>La controversia en torno a la denuncia contra Manuel Monsalve, exsubsecretario del Interior, ha sumado un nuevo giro.<\/p>\n","protected":false},"author":5,"featured_media":4812,"comment_status":"open","ping_status":"open","sticky":false,"template":"","format":"standard","meta":{"_crdt_document":"","_uag_custom_page_level_css":"","_sitemap_exclude":false,"_sitemap_priority":"","_sitemap_frequency":"","_joinchat":[],"footnotes":""},"categories":[412,409],"tags":[],"class_list":["post-5150","post","type-post","status-publish","format-standard","has-post-thumbnail","hentry","category-casomonsalve","category-ultimo-minuto"],"featured_image_urls":{"full":["https:\/\/www.koncevisiontv.cl\/web\/wp-content\/uploads\/2025\/01\/nuevo-antecedente-en-caso-monsalve.avif",1023,682,false],"thumbnail":["https:\/\/www.koncevisiontv.cl\/web\/wp-content\/uploads\/2025\/01\/nuevo-antecedente-en-caso-monsalve-150x150.avif",150,150,true],"medium":["https:\/\/www.koncevisiontv.cl\/web\/wp-content\/uploads\/2025\/01\/nuevo-antecedente-en-caso-monsalve-300x200.avif",300,200,true],"medium_large":["https:\/\/www.koncevisiontv.cl\/web\/wp-content\/uploads\/2025\/01\/nuevo-antecedente-en-caso-monsalve-768x512.avif",640,427,true],"large":["https:\/\/www.koncevisiontv.cl\/web\/wp-content\/uploads\/2025\/01\/nuevo-antecedente-en-caso-monsalve.avif",640,427,false],"1536x1536":["https:\/\/www.koncevisiontv.cl\/web\/wp-content\/uploads\/2025\/01\/nuevo-antecedente-en-caso-monsalve.avif",1023,682,false],"2048x2048":["https:\/\/www.koncevisiontv.cl\/web\/wp-content\/uploads\/2025\/01\/nuevo-antecedente-en-caso-monsalve.avif",1023,682,false],"darknews-featured":["https:\/\/www.koncevisiontv.cl\/web\/wp-content\/uploads\/2025\/01\/nuevo-antecedente-en-caso-monsalve.avif",1023,682,false],"darknews-large":["https:\/\/www.koncevisiontv.cl\/web\/wp-content\/uploads\/2025\/01\/nuevo-antecedente-en-caso-monsalve-825x575.avif",825,575,true],"darknews-medium":["https:\/\/www.koncevisiontv.cl\/web\/wp-content\/uploads\/2025\/01\/nuevo-antecedente-en-caso-monsalve-590x410.avif",590,410,true]},"author_info":{"info":["Web-Master"]},"category_info":"<a href=\"https:\/\/www.koncevisiontv.cl\/web\/category\/casomonsalve\/\" rel=\"category tag\">Caso Monsalve<\/a> <a href=\"https:\/\/www.koncevisiontv.cl\/web\/category\/ultimo-minuto\/\" rel=\"category tag\">Ultimo MInuto<\/a>","tag_info":"Ultimo MInuto","comment_count":"0","uagb_featured_image_src":{"full":["https:\/\/www.koncevisiontv.cl\/web\/wp-content\/uploads\/2025\/01\/nuevo-antecedente-en-caso-monsalve.avif",1023,682,false],"thumbnail":["https:\/\/www.koncevisiontv.cl\/web\/wp-content\/uploads\/2025\/01\/nuevo-antecedente-en-caso-monsalve-150x150.avif",150,150,true],"medium":["https:\/\/www.koncevisiontv.cl\/web\/wp-content\/uploads\/2025\/01\/nuevo-antecedente-en-caso-monsalve-300x200.avif",300,200,true],"medium_large":["https:\/\/www.koncevisiontv.cl\/web\/wp-content\/uploads\/2025\/01\/nuevo-antecedente-en-caso-monsalve-768x512.avif",640,427,true],"large":["https:\/\/www.koncevisiontv.cl\/web\/wp-content\/uploads\/2025\/01\/nuevo-antecedente-en-caso-monsalve.avif",640,427,false],"1536x1536":["https:\/\/www.koncevisiontv.cl\/web\/wp-content\/uploads\/2025\/01\/nuevo-antecedente-en-caso-monsalve.avif",1023,682,false],"2048x2048":["https:\/\/www.koncevisiontv.cl\/web\/wp-content\/uploads\/2025\/01\/nuevo-antecedente-en-caso-monsalve.avif",1023,682,false],"darknews-featured":["https:\/\/www.koncevisiontv.cl\/web\/wp-content\/uploads\/2025\/01\/nuevo-antecedente-en-caso-monsalve.avif",1023,682,false],"darknews-large":["https:\/\/www.koncevisiontv.cl\/web\/wp-content\/uploads\/2025\/01\/nuevo-antecedente-en-caso-monsalve-825x575.avif",825,575,true],"darknews-medium":["https:\/\/www.koncevisiontv.cl\/web\/wp-content\/uploads\/2025\/01\/nuevo-antecedente-en-caso-monsalve-590x410.avif",590,410,true]},"uagb_author_info":{"display_name":"Web-Master","author_link":"https:\/\/www.koncevisiontv.cl\/web\/author\/koncevision\/"},"uagb_comment_info":0,"uagb_excerpt":"La controversia en torno a la denuncia contra Manuel Monsalve, exsubsecretario del Interior, ha sumado un nuevo giro.","_links":{"self":[{"href":"https:\/\/www.koncevisiontv.cl\/web\/wp-json\/wp\/v2\/posts\/5150","targetHints":{"allow":["GET"]}}],"collection":[{"href":"https:\/\/www.koncevisiontv.cl\/web\/wp-json\/wp\/v2\/posts"}],"about":[{"href":"https:\/\/www.koncevisiontv.cl\/web\/wp-json\/wp\/v2\/types\/post"}],"author":[{"embeddable":true,"href":"https:\/\/www.koncevisiontv.cl\/web\/wp-json\/wp\/v2\/users\/5"}],"replies":[{"embeddable":true,"href":"https:\/\/www.koncevisiontv.cl\/web\/wp-json\/wp\/v2\/comments?post=5150"}],"version-history":[{"count":1,"href":"https:\/\/www.koncevisiontv.cl\/web\/wp-json\/wp\/v2\/posts\/5150\/revisions"}],"predecessor-version":[{"id":5151,"href":"https:\/\/www.koncevisiontv.cl\/web\/wp-json\/wp\/v2\/posts\/5150\/revisions\/5151"}],"wp:featuredmedia":[{"embeddable":true,"href":"https:\/\/www.koncevisiontv.cl\/web\/wp-json\/wp\/v2\/media\/4812"}],"wp:attachment":[{"href":"https:\/\/www.koncevisiontv.cl\/web\/wp-json\/wp\/v2\/media?parent=5150"}],"wp:term":[{"taxonomy":"category","embeddable":true,"href":"https:\/\/www.koncevisiontv.cl\/web\/wp-json\/wp\/v2\/categories?post=5150"},{"taxonomy":"post_tag","embeddable":true,"href":"https:\/\/www.koncevisiontv.cl\/web\/wp-json\/wp\/v2\/tags?post=5150"}],"curies":[{"name":"wp","href":"https:\/\/api.w.org\/{rel}","templated":true}]}}