{"id":5233,"date":"2025-01-24T17:44:46","date_gmt":"2025-01-24T20:44:46","guid":{"rendered":"https:\/\/www.koncevisiontv.cl\/web\/?p=5233"},"modified":"2025-01-24T17:44:49","modified_gmt":"2025-01-24T20:44:49","slug":"rebaja-en-cuentas-de-luz-en-hualpen","status":"publish","type":"post","link":"https:\/\/www.koncevisiontv.cl\/web\/rebaja-en-cuentas-de-luz-en-hualpen\/","title":{"rendered":"Vecinos de Hualp\u00e9n logran importante rebaja en cuentas de luz gracias a gesti\u00f3n municipal"},"content":{"rendered":"\n<h4 class=\"wp-block-heading\">Hualp\u00e9n consigue rebaja de hasta un 40% en cuentas de electricidad<\/h4>\n\n\n\n<p class=\"wp-block-paragraph\"><strong>Los habitantes de Hualp\u00e9n ahora disfrutan de una rebaja de hasta un 40% en sus boletas de luz<\/strong>, un beneficio que se concret\u00f3 gracias a la gesti\u00f3n del alcalde Miguel Rivera y a la presi\u00f3n ciudadana. Este descuento incluye un subsidio adicional para las familias que forman parte del Registro Social de Hogares.<\/p>\n\n\n\n<hr class=\"wp-block-separator has-alpha-channel-opacity\"\/>\n\n\n\n<h4 class=\"wp-block-heading\">Una demanda hist\u00f3rica: La lucha de Hualp\u00e9n por una compensaci\u00f3n energ\u00e9tica<\/h4>\n\n\n\n<p class=\"wp-block-paragraph\">El beneficio surge tras un per\u00edodo de movilizaciones durante el invierno pasado, donde <strong>los vecinos de Hualp\u00e9n exigieron al Gobierno una compensaci\u00f3n<\/strong> por la operaci\u00f3n de Petropower, una empresa generadora de electricidad ubicada en la comuna. Este esfuerzo culmin\u00f3 en un acuerdo que comenz\u00f3 a reflejarse en las cuentas de los vecinos, marcando un gran paso hacia la justicia energ\u00e9tica para la comuna.<\/p>\n\n\n\n<hr class=\"wp-block-separator has-alpha-channel-opacity\"\/>\n\n\n\n<h4 class=\"wp-block-heading\">Confirmaci\u00f3n oficial: Rebajas para todos los vecinos sin distinci\u00f3n<\/h4>\n\n\n\n<p class=\"wp-block-paragraph\">El propio alcalde Rivera confirm\u00f3 la implementaci\u00f3n de este beneficio:<\/p>\n\n\n\n<blockquote class=\"wp-block-quote is-layout-flow wp-block-quote-is-layout-flow\">\n<p class=\"wp-block-paragraph\">&#8220;Es una gran noticia para nuestra comuna. Esta rebaja es un reconocimiento a nuestra comunidad y al impacto que tiene la generaci\u00f3n el\u00e9ctrica que se produce en Hualp\u00e9n para el pa\u00eds&#8221;.<\/p>\n<\/blockquote>\n\n\n\n<p class=\"wp-block-paragraph\">Adem\u00e1s, destac\u00f3 que el descuento se aplica sin distinci\u00f3n a todos los habitantes de la comuna, lo que significa un alivio directo al bolsillo de las familias locales.<\/p>\n","protected":false},"excerpt":{"rendered":"<p>Hualp\u00e9n consigue rebaja de hasta un 40% en cuentas de electricidad Los habitantes de Hualp\u00e9n ahora disfrutan de<\/p>\n","protected":false},"author":5,"featured_media":5234,"comment_status":"open","ping_status":"open","sticky":false,"template":"","format":"standard","meta":{"_crdt_document":"","_uag_custom_page_level_css":"","_sitemap_exclude":false,"_sitemap_priority":"","_sitemap_frequency":"","_joinchat":[],"footnotes":""},"categories":[432,435],"tags":[],"class_list":["post-5233","post","type-post","status-publish","format-standard","has-post-thumbnail","hentry","category-hualpen","category-municipalidad-de-hualpen"],"featured_image_urls":{"full":["https:\/\/www.koncevisiontv.cl\/web\/wp-content\/uploads\/2025\/01\/rebaja-en-cuenta-de-luz-en-hualpen.jpeg",1200,685,false],"thumbnail":["https:\/\/www.koncevisiontv.cl\/web\/wp-content\/uploads\/2025\/01\/rebaja-en-cuenta-de-luz-en-hualpen-150x150.jpeg",150,150,true],"medium":["https:\/\/www.koncevisiontv.cl\/web\/wp-content\/uploads\/2025\/01\/rebaja-en-cuenta-de-luz-en-hualpen-300x171.jpeg",300,171,true],"medium_large":["https:\/\/www.koncevisiontv.cl\/web\/wp-content\/uploads\/2025\/01\/rebaja-en-cuenta-de-luz-en-hualpen-768x438.jpeg",640,365,true],"large":["https:\/\/www.koncevisiontv.cl\/web\/wp-content\/uploads\/2025\/01\/rebaja-en-cuenta-de-luz-en-hualpen-1024x585.jpeg",640,366,true],"1536x1536":["https:\/\/www.koncevisiontv.cl\/web\/wp-content\/uploads\/2025\/01\/rebaja-en-cuenta-de-luz-en-hualpen.jpeg",1200,685,false],"2048x2048":["https:\/\/www.koncevisiontv.cl\/web\/wp-content\/uploads\/2025\/01\/rebaja-en-cuenta-de-luz-en-hualpen.jpeg",1200,685,false],"darknews-featured":["https:\/\/www.koncevisiontv.cl\/web\/wp-content\/uploads\/2025\/01\/rebaja-en-cuenta-de-luz-en-hualpen-1024x585.jpeg",1024,585,true],"darknews-large":["https:\/\/www.koncevisiontv.cl\/web\/wp-content\/uploads\/2025\/01\/rebaja-en-cuenta-de-luz-en-hualpen-825x575.jpeg",825,575,true],"darknews-medium":["https:\/\/www.koncevisiontv.cl\/web\/wp-content\/uploads\/2025\/01\/rebaja-en-cuenta-de-luz-en-hualpen-590x410.jpeg",590,410,true]},"author_info":{"info":["Web-Master"]},"category_info":"<a href=\"https:\/\/www.koncevisiontv.cl\/web\/category\/hualpen\/\" rel=\"category tag\">Hualpen<\/a> <a href=\"https:\/\/www.koncevisiontv.cl\/web\/category\/municipalidad-de-hualpen\/\" rel=\"category tag\">Municipalidad de Hualp\u00e9n<\/a>","tag_info":"Municipalidad de Hualp\u00e9n","comment_count":"0","uagb_featured_image_src":{"full":["https:\/\/www.koncevisiontv.cl\/web\/wp-content\/uploads\/2025\/01\/rebaja-en-cuenta-de-luz-en-hualpen.jpeg",1200,685,false],"thumbnail":["https:\/\/www.koncevisiontv.cl\/web\/wp-content\/uploads\/2025\/01\/rebaja-en-cuenta-de-luz-en-hualpen-150x150.jpeg",150,150,true],"medium":["https:\/\/www.koncevisiontv.cl\/web\/wp-content\/uploads\/2025\/01\/rebaja-en-cuenta-de-luz-en-hualpen-300x171.jpeg",300,171,true],"medium_large":["https:\/\/www.koncevisiontv.cl\/web\/wp-content\/uploads\/2025\/01\/rebaja-en-cuenta-de-luz-en-hualpen-768x438.jpeg",640,365,true],"large":["https:\/\/www.koncevisiontv.cl\/web\/wp-content\/uploads\/2025\/01\/rebaja-en-cuenta-de-luz-en-hualpen-1024x585.jpeg",640,366,true],"1536x1536":["https:\/\/www.koncevisiontv.cl\/web\/wp-content\/uploads\/2025\/01\/rebaja-en-cuenta-de-luz-en-hualpen.jpeg",1200,685,false],"2048x2048":["https:\/\/www.koncevisiontv.cl\/web\/wp-content\/uploads\/2025\/01\/rebaja-en-cuenta-de-luz-en-hualpen.jpeg",1200,685,false],"darknews-featured":["https:\/\/www.koncevisiontv.cl\/web\/wp-content\/uploads\/2025\/01\/rebaja-en-cuenta-de-luz-en-hualpen-1024x585.jpeg",1024,585,true],"darknews-large":["https:\/\/www.koncevisiontv.cl\/web\/wp-content\/uploads\/2025\/01\/rebaja-en-cuenta-de-luz-en-hualpen-825x575.jpeg",825,575,true],"darknews-medium":["https:\/\/www.koncevisiontv.cl\/web\/wp-content\/uploads\/2025\/01\/rebaja-en-cuenta-de-luz-en-hualpen-590x410.jpeg",590,410,true]},"uagb_author_info":{"display_name":"Web-Master","author_link":"https:\/\/www.koncevisiontv.cl\/web\/author\/koncevision\/"},"uagb_comment_info":0,"uagb_excerpt":"Hualp\u00e9n consigue rebaja de hasta un 40% en cuentas de electricidad Los habitantes de Hualp\u00e9n ahora disfrutan de","_links":{"self":[{"href":"https:\/\/www.koncevisiontv.cl\/web\/wp-json\/wp\/v2\/posts\/5233","targetHints":{"allow":["GET"]}}],"collection":[{"href":"https:\/\/www.koncevisiontv.cl\/web\/wp-json\/wp\/v2\/posts"}],"about":[{"href":"https:\/\/www.koncevisiontv.cl\/web\/wp-json\/wp\/v2\/types\/post"}],"author":[{"embeddable":true,"href":"https:\/\/www.koncevisiontv.cl\/web\/wp-json\/wp\/v2\/users\/5"}],"replies":[{"embeddable":true,"href":"https:\/\/www.koncevisiontv.cl\/web\/wp-json\/wp\/v2\/comments?post=5233"}],"version-history":[{"count":1,"href":"https:\/\/www.koncevisiontv.cl\/web\/wp-json\/wp\/v2\/posts\/5233\/revisions"}],"predecessor-version":[{"id":5235,"href":"https:\/\/www.koncevisiontv.cl\/web\/wp-json\/wp\/v2\/posts\/5233\/revisions\/5235"}],"wp:featuredmedia":[{"embeddable":true,"href":"https:\/\/www.koncevisiontv.cl\/web\/wp-json\/wp\/v2\/media\/5234"}],"wp:attachment":[{"href":"https:\/\/www.koncevisiontv.cl\/web\/wp-json\/wp\/v2\/media?parent=5233"}],"wp:term":[{"taxonomy":"category","embeddable":true,"href":"https:\/\/www.koncevisiontv.cl\/web\/wp-json\/wp\/v2\/categories?post=5233"},{"taxonomy":"post_tag","embeddable":true,"href":"https:\/\/www.koncevisiontv.cl\/web\/wp-json\/wp\/v2\/tags?post=5233"}],"curies":[{"name":"wp","href":"https:\/\/api.w.org\/{rel}","templated":true}]}}