{"id":5261,"date":"2025-01-27T11:28:17","date_gmt":"2025-01-27T14:28:17","guid":{"rendered":"https:\/\/www.koncevisiontv.cl\/web\/?p=5261"},"modified":"2025-01-27T11:57:24","modified_gmt":"2025-01-27T14:57:24","slug":"sobreviviente-de-naufragio-en-los-lagos","status":"publish","type":"post","link":"https:\/\/www.koncevisiontv.cl\/web\/sobreviviente-de-naufragio-en-los-lagos\/","title":{"rendered":"&#8220;Voy a decir la verdad&#8221;: Sobreviviente de Naufragio en Los Lagos Relata la Tragedia"},"content":{"rendered":"\n<p class=\"wp-block-paragraph\"><\/p>\n\n\n\n<div class=\"wp-block-uagb-advanced-heading uagb-block-62272921\"><h2 class=\"uagb-heading-text\">Voy a decir la verdad<\/h2><\/div>\n\n\n\n<p class=\"wp-block-paragraph\">Un <strong>sobreviviente de naufragio en Los Lagos<\/strong> rompi\u00f3 el silencio tras la tragedia que dej\u00f3 4 fallecidos y 3 desaparecidas. En conversaci\u00f3n con Radio Sago, el afectado confirm\u00f3 que la embarcaci\u00f3n llevaba exceso de pasajeros y que el capit\u00e1n viajaba sin acompa\u00f1ante, lo que infring\u00eda la ley. Las autoridades detuvieron al &#8220;patr\u00f3n&#8221; de la lancha y reanudaron la b\u00fasqueda de las v\u00edctimas. El testimonio del sobreviviente es clave en la investigaci\u00f3n.<\/p>\n\n\n\n<p class=\"wp-block-paragraph\"><\/p>\n\n\n\n<div class=\"wp-block-uagb-advanced-heading uagb-block-7f7e719c\"><h2 class=\"uagb-heading-text\">VIDEO CON LAS DECLARACIONES<\/h2><\/div>\n\n\n\n<p class=\"wp-block-paragraph\"><a href=\"https:\/\/www.facebook.com\/watch\/live\/?ref=watch_permalink&amp;v=608434502141444&amp;t=337\" target=\"_blank\" rel=\"noopener\">https:\/\/www.facebook.com\/watch\/live\/?ref=watch_permalink&amp;v=608434502141444&amp;t=337<\/a><\/p>\n\n\n\n<p class=\"wp-block-paragraph\"><\/p>\n","protected":false},"excerpt":{"rendered":"<p>Voy a decir la verdad Un sobreviviente de naufragio en Los Lagos rompi\u00f3 el silencio tras la tragedia<\/p>\n","protected":false},"author":5,"featured_media":5263,"comment_status":"open","ping_status":"open","sticky":false,"template":"","format":"standard","meta":{"_crdt_document":"","_uag_custom_page_level_css":"","_sitemap_exclude":false,"_sitemap_priority":"","_sitemap_frequency":"","_joinchat":[],"footnotes":""},"categories":[436],"tags":[437],"class_list":["post-5261","post","type-post","status-publish","format-standard","has-post-thumbnail","hentry","category-region-de-los-lagos","tag-tragedia"],"featured_image_urls":{"full":["https:\/\/www.koncevisiontv.cl\/web\/wp-content\/uploads\/2025\/01\/Sobreviviente-de-naufragio-en-Los-Lagos-cuenta-la-tragedia.avif",1023,682,false],"thumbnail":["https:\/\/www.koncevisiontv.cl\/web\/wp-content\/uploads\/2025\/01\/Sobreviviente-de-naufragio-en-Los-Lagos-cuenta-la-tragedia-150x150.avif",150,150,true],"medium":["https:\/\/www.koncevisiontv.cl\/web\/wp-content\/uploads\/2025\/01\/Sobreviviente-de-naufragio-en-Los-Lagos-cuenta-la-tragedia-300x200.avif",300,200,true],"medium_large":["https:\/\/www.koncevisiontv.cl\/web\/wp-content\/uploads\/2025\/01\/Sobreviviente-de-naufragio-en-Los-Lagos-cuenta-la-tragedia-768x512.avif",640,427,true],"large":["https:\/\/www.koncevisiontv.cl\/web\/wp-content\/uploads\/2025\/01\/Sobreviviente-de-naufragio-en-Los-Lagos-cuenta-la-tragedia.avif",640,427,false],"1536x1536":["https:\/\/www.koncevisiontv.cl\/web\/wp-content\/uploads\/2025\/01\/Sobreviviente-de-naufragio-en-Los-Lagos-cuenta-la-tragedia.avif",1023,682,false],"2048x2048":["https:\/\/www.koncevisiontv.cl\/web\/wp-content\/uploads\/2025\/01\/Sobreviviente-de-naufragio-en-Los-Lagos-cuenta-la-tragedia.avif",1023,682,false],"darknews-featured":["https:\/\/www.koncevisiontv.cl\/web\/wp-content\/uploads\/2025\/01\/Sobreviviente-de-naufragio-en-Los-Lagos-cuenta-la-tragedia.avif",1023,682,false],"darknews-large":["https:\/\/www.koncevisiontv.cl\/web\/wp-content\/uploads\/2025\/01\/Sobreviviente-de-naufragio-en-Los-Lagos-cuenta-la-tragedia-825x575.avif",825,575,true],"darknews-medium":["https:\/\/www.koncevisiontv.cl\/web\/wp-content\/uploads\/2025\/01\/Sobreviviente-de-naufragio-en-Los-Lagos-cuenta-la-tragedia-590x410.avif",590,410,true]},"author_info":{"info":["Web-Master"]},"category_info":"<a href=\"https:\/\/www.koncevisiontv.cl\/web\/category\/region-de-los-lagos\/\" rel=\"category tag\">Regi\u00f3n De Los Lagos<\/a>","tag_info":"Regi\u00f3n De Los Lagos","comment_count":"0","uagb_featured_image_src":{"full":["https:\/\/www.koncevisiontv.cl\/web\/wp-content\/uploads\/2025\/01\/Sobreviviente-de-naufragio-en-Los-Lagos-cuenta-la-tragedia.avif",1023,682,false],"thumbnail":["https:\/\/www.koncevisiontv.cl\/web\/wp-content\/uploads\/2025\/01\/Sobreviviente-de-naufragio-en-Los-Lagos-cuenta-la-tragedia-150x150.avif",150,150,true],"medium":["https:\/\/www.koncevisiontv.cl\/web\/wp-content\/uploads\/2025\/01\/Sobreviviente-de-naufragio-en-Los-Lagos-cuenta-la-tragedia-300x200.avif",300,200,true],"medium_large":["https:\/\/www.koncevisiontv.cl\/web\/wp-content\/uploads\/2025\/01\/Sobreviviente-de-naufragio-en-Los-Lagos-cuenta-la-tragedia-768x512.avif",640,427,true],"large":["https:\/\/www.koncevisiontv.cl\/web\/wp-content\/uploads\/2025\/01\/Sobreviviente-de-naufragio-en-Los-Lagos-cuenta-la-tragedia.avif",640,427,false],"1536x1536":["https:\/\/www.koncevisiontv.cl\/web\/wp-content\/uploads\/2025\/01\/Sobreviviente-de-naufragio-en-Los-Lagos-cuenta-la-tragedia.avif",1023,682,false],"2048x2048":["https:\/\/www.koncevisiontv.cl\/web\/wp-content\/uploads\/2025\/01\/Sobreviviente-de-naufragio-en-Los-Lagos-cuenta-la-tragedia.avif",1023,682,false],"darknews-featured":["https:\/\/www.koncevisiontv.cl\/web\/wp-content\/uploads\/2025\/01\/Sobreviviente-de-naufragio-en-Los-Lagos-cuenta-la-tragedia.avif",1023,682,false],"darknews-large":["https:\/\/www.koncevisiontv.cl\/web\/wp-content\/uploads\/2025\/01\/Sobreviviente-de-naufragio-en-Los-Lagos-cuenta-la-tragedia-825x575.avif",825,575,true],"darknews-medium":["https:\/\/www.koncevisiontv.cl\/web\/wp-content\/uploads\/2025\/01\/Sobreviviente-de-naufragio-en-Los-Lagos-cuenta-la-tragedia-590x410.avif",590,410,true]},"uagb_author_info":{"display_name":"Web-Master","author_link":"https:\/\/www.koncevisiontv.cl\/web\/author\/koncevision\/"},"uagb_comment_info":1,"uagb_excerpt":"Voy a decir la verdad Un sobreviviente de naufragio en Los Lagos rompi\u00f3 el silencio tras la tragedia","_links":{"self":[{"href":"https:\/\/www.koncevisiontv.cl\/web\/wp-json\/wp\/v2\/posts\/5261","targetHints":{"allow":["GET"]}}],"collection":[{"href":"https:\/\/www.koncevisiontv.cl\/web\/wp-json\/wp\/v2\/posts"}],"about":[{"href":"https:\/\/www.koncevisiontv.cl\/web\/wp-json\/wp\/v2\/types\/post"}],"author":[{"embeddable":true,"href":"https:\/\/www.koncevisiontv.cl\/web\/wp-json\/wp\/v2\/users\/5"}],"replies":[{"embeddable":true,"href":"https:\/\/www.koncevisiontv.cl\/web\/wp-json\/wp\/v2\/comments?post=5261"}],"version-history":[{"count":3,"href":"https:\/\/www.koncevisiontv.cl\/web\/wp-json\/wp\/v2\/posts\/5261\/revisions"}],"predecessor-version":[{"id":5273,"href":"https:\/\/www.koncevisiontv.cl\/web\/wp-json\/wp\/v2\/posts\/5261\/revisions\/5273"}],"wp:featuredmedia":[{"embeddable":true,"href":"https:\/\/www.koncevisiontv.cl\/web\/wp-json\/wp\/v2\/media\/5263"}],"wp:attachment":[{"href":"https:\/\/www.koncevisiontv.cl\/web\/wp-json\/wp\/v2\/media?parent=5261"}],"wp:term":[{"taxonomy":"category","embeddable":true,"href":"https:\/\/www.koncevisiontv.cl\/web\/wp-json\/wp\/v2\/categories?post=5261"},{"taxonomy":"post_tag","embeddable":true,"href":"https:\/\/www.koncevisiontv.cl\/web\/wp-json\/wp\/v2\/tags?post=5261"}],"curies":[{"name":"wp","href":"https:\/\/api.w.org\/{rel}","templated":true}]}}