{"id":5517,"date":"2025-02-03T18:15:42","date_gmt":"2025-02-03T21:15:42","guid":{"rendered":"https:\/\/www.koncevisiontv.cl\/web\/?p=5517"},"modified":"2025-02-03T18:48:18","modified_gmt":"2025-02-03T21:48:18","slug":"corte-de-luz-en-hualpen-4-de-febrero","status":"publish","type":"post","link":"https:\/\/www.koncevisiontv.cl\/web\/corte-de-luz-en-hualpen-4-de-febrero\/","title":{"rendered":"Corte de luz en Hualp\u00e9n: Interrupci\u00f3n programada para el martes 4 de febrero"},"content":{"rendered":"\n<h2 class=\"wp-block-heading\"><strong>CGE anuncia corte de luz en Hualp\u00e9n para este martes 4 de febrero<\/strong><\/h2>\n\n\n\n<p class=\"wp-block-paragraph\">La Compa\u00f1\u00eda General de Electricidad (CGE) inform\u00f3 sobre un <em>corte de luz en Hualp\u00e9n<\/em> programado para el martes 4 de febrero de 2025. La interrupci\u00f3n del servicio el\u00e9ctrico durar\u00e1 m\u00e1s de 7 horas y afectar\u00e1 distintos sectores de la comuna.<\/p>\n\n\n\n<figure class=\"wp-block-embed is-type-rich is-provider-twitter wp-block-embed-twitter\"><div class=\"wp-block-embed__wrapper\">\n<blockquote class=\"twitter-tweet\" data-width=\"550\" data-dnt=\"true\"><p lang=\"es\" dir=\"ltr\">Para mejorar la calidad del suministro de nuestros clientes de <a href=\"https:\/\/twitter.com\/hashtag\/Hualp%C3%A9n?src=hash&amp;ref_src=twsrc%5Etfw\" target=\"_blank\" rel=\"noopener\">#Hualp\u00e9n<\/a>, este martes, entre 09:30 y 17:00 horas, se realizar\u00e1 una <a href=\"https:\/\/twitter.com\/hashtag\/Interrupci%C3%B3nProgramada?src=hash&amp;ref_src=twsrc%5Etfw\" target=\"_blank\" rel=\"noopener\">#Interrupci\u00f3nProgramada<\/a> (sectores en la imagen \ud83d\udc47) debido a trabajos de mejoras. Esto afectar\u00e1 a 16 clientes. Recuerda desconectar tus artefactos \ud83d\udd0c <a href=\"https:\/\/t.co\/rXAA7kXa4U\">pic.twitter.com\/rXAA7kXa4U<\/a><\/p>&mdash; CGE Clientes (@CGE_Clientes) <a href=\"https:\/\/twitter.com\/CGE_Clientes\/status\/1886149925597004012?ref_src=twsrc%5Etfw\" target=\"_blank\" rel=\"noopener\">February 2, 2025<\/a><\/blockquote><script async src=\"https:\/\/platform.twitter.com\/widgets.js\" charset=\"utf-8\"><\/script>\n<\/div><\/figure>\n\n\n\n<p class=\"wp-block-paragraph\">Seg\u00fan detall\u00f3 la empresa, el corte se realizar\u00e1 desde las <strong>09:30 hasta las 17:00 horas<\/strong> y afectar\u00e1 la <strong>Avenida Col\u00f3n<\/strong>, espec\u00edficamente entre <strong>Calle 120 y Patria Nueva<\/strong>.<\/p>\n\n\n\n<h2 class=\"wp-block-heading\"><strong>Motivo del corte de luz en Hualp\u00e9n<\/strong><\/h2>\n\n\n\n<p class=\"wp-block-paragraph\">CGE explic\u00f3 que la interrupci\u00f3n del suministro se debe a <strong>trabajos de mejoramiento en la red el\u00e9ctrica<\/strong>, con el objetivo de optimizar el servicio y garantizar su estabilidad a largo plazo.<\/p>\n\n\n\n<p class=\"wp-block-paragraph\">Desde la compa\u00f1\u00eda hicieron un llamado a los clientes afectados a <strong>desconectar sus artefactos el\u00e9ctricos<\/strong> para evitar posibles da\u00f1os cuando se restablezca la energ\u00eda.<\/p>\n\n\n\n<h2 class=\"wp-block-heading\"><strong>Canales de contacto para consultas<\/strong><\/h2>\n\n\n\n<p class=\"wp-block-paragraph\">Para resolver dudas o recibir informaci\u00f3n sobre la interrupci\u00f3n del servicio, CGE dispone de los siguientes canales de atenci\u00f3n:<\/p>\n\n\n\n<p class=\"wp-block-paragraph\">\ud83d\udcde <strong>Tel\u00e9fono:<\/strong> 800 800 767<br>\ud83d\udcf2 <strong>WhatsApp:<\/strong> +56 9 8956 8479<\/p>\n\n\n\n<p class=\"wp-block-paragraph\">Los usuarios tambi\u00e9n pueden obtener informaci\u00f3n en la p\u00e1gina web oficial de CGE o a trav\u00e9s de sus redes sociales.<\/p>\n\n\n\n<hr class=\"wp-block-separator has-alpha-channel-opacity\"\/>\n\n\n\n<h2 class=\"wp-block-heading\"><strong>Recomendaciones para el corte de luz en Hualp\u00e9n<\/strong><\/h2>\n\n\n\n<p class=\"wp-block-paragraph\">\ud83d\udd39 <strong>Desconectar artefactos el\u00e9ctricos:<\/strong> Esto evitar\u00e1 da\u00f1os por cambios de voltaje cuando vuelva el servicio.<br>\ud83d\udd39 <strong>Tener iluminaci\u00f3n alternativa:<\/strong> Se recomienda contar con linternas o velas en caso de que la luz no se restablezca a la hora indicada.<br>\ud83d\udd39 <strong>Cargar dispositivos electr\u00f3nicos:<\/strong> Asegurar que celulares, tablets y otros aparatos est\u00e9n con bater\u00eda suficiente.<br>\ud83d\udd39 <strong>Almacenar agua y alimentos no perecibles:<\/strong> En caso de que se requiera refrigeraci\u00f3n, tener opciones de emergencia.<\/p>\n\n\n\n<p class=\"wp-block-paragraph\"><\/p>\n","protected":false},"excerpt":{"rendered":"<p>CGE anuncia corte de luz en Hualp\u00e9n para este martes 4 de febrero La Compa\u00f1\u00eda General de Electricidad<\/p>\n","protected":false},"author":5,"featured_media":1111,"comment_status":"open","ping_status":"open","sticky":false,"template":"","format":"standard","meta":{"_crdt_document":"","_uag_custom_page_level_css":"","_sitemap_exclude":false,"_sitemap_priority":"","_sitemap_frequency":"","_joinchat":[],"footnotes":""},"categories":[421],"tags":[],"class_list":["post-5517","post","type-post","status-publish","format-standard","has-post-thumbnail","hentry","category-cortes-de-luz"],"featured_image_urls":{"full":["https:\/\/www.koncevisiontv.cl\/web\/wp-content\/uploads\/2024\/08\/cge.jpg",1280,720,false],"thumbnail":["https:\/\/www.koncevisiontv.cl\/web\/wp-content\/uploads\/2024\/08\/cge-150x150.jpg",150,150,true],"medium":["https:\/\/www.koncevisiontv.cl\/web\/wp-content\/uploads\/2024\/08\/cge-300x169.jpg",300,169,true],"medium_large":["https:\/\/www.koncevisiontv.cl\/web\/wp-content\/uploads\/2024\/08\/cge-768x432.jpg",640,360,true],"large":["https:\/\/www.koncevisiontv.cl\/web\/wp-content\/uploads\/2024\/08\/cge-1024x576.jpg",640,360,true],"1536x1536":["https:\/\/www.koncevisiontv.cl\/web\/wp-content\/uploads\/2024\/08\/cge.jpg",1280,720,false],"2048x2048":["https:\/\/www.koncevisiontv.cl\/web\/wp-content\/uploads\/2024\/08\/cge.jpg",1280,720,false],"darknews-featured":["https:\/\/www.koncevisiontv.cl\/web\/wp-content\/uploads\/2024\/08\/cge-1024x576.jpg",1024,576,true],"darknews-large":["https:\/\/www.koncevisiontv.cl\/web\/wp-content\/uploads\/2024\/08\/cge-825x575.jpg",825,575,true],"darknews-medium":["https:\/\/www.koncevisiontv.cl\/web\/wp-content\/uploads\/2024\/08\/cge-590x410.jpg",590,410,true]},"author_info":{"info":["Web-Master"]},"category_info":"<a href=\"https:\/\/www.koncevisiontv.cl\/web\/category\/cortes-de-luz\/\" rel=\"category tag\">Cortes De Luz<\/a>","tag_info":"Cortes De Luz","comment_count":"0","uagb_featured_image_src":{"full":["https:\/\/www.koncevisiontv.cl\/web\/wp-content\/uploads\/2024\/08\/cge.jpg",1280,720,false],"thumbnail":["https:\/\/www.koncevisiontv.cl\/web\/wp-content\/uploads\/2024\/08\/cge-150x150.jpg",150,150,true],"medium":["https:\/\/www.koncevisiontv.cl\/web\/wp-content\/uploads\/2024\/08\/cge-300x169.jpg",300,169,true],"medium_large":["https:\/\/www.koncevisiontv.cl\/web\/wp-content\/uploads\/2024\/08\/cge-768x432.jpg",640,360,true],"large":["https:\/\/www.koncevisiontv.cl\/web\/wp-content\/uploads\/2024\/08\/cge-1024x576.jpg",640,360,true],"1536x1536":["https:\/\/www.koncevisiontv.cl\/web\/wp-content\/uploads\/2024\/08\/cge.jpg",1280,720,false],"2048x2048":["https:\/\/www.koncevisiontv.cl\/web\/wp-content\/uploads\/2024\/08\/cge.jpg",1280,720,false],"darknews-featured":["https:\/\/www.koncevisiontv.cl\/web\/wp-content\/uploads\/2024\/08\/cge-1024x576.jpg",1024,576,true],"darknews-large":["https:\/\/www.koncevisiontv.cl\/web\/wp-content\/uploads\/2024\/08\/cge-825x575.jpg",825,575,true],"darknews-medium":["https:\/\/www.koncevisiontv.cl\/web\/wp-content\/uploads\/2024\/08\/cge-590x410.jpg",590,410,true]},"uagb_author_info":{"display_name":"Web-Master","author_link":"https:\/\/www.koncevisiontv.cl\/web\/author\/koncevision\/"},"uagb_comment_info":0,"uagb_excerpt":"CGE anuncia corte de luz en Hualp\u00e9n para este martes 4 de febrero La Compa\u00f1\u00eda General de Electricidad","_links":{"self":[{"href":"https:\/\/www.koncevisiontv.cl\/web\/wp-json\/wp\/v2\/posts\/5517","targetHints":{"allow":["GET"]}}],"collection":[{"href":"https:\/\/www.koncevisiontv.cl\/web\/wp-json\/wp\/v2\/posts"}],"about":[{"href":"https:\/\/www.koncevisiontv.cl\/web\/wp-json\/wp\/v2\/types\/post"}],"author":[{"embeddable":true,"href":"https:\/\/www.koncevisiontv.cl\/web\/wp-json\/wp\/v2\/users\/5"}],"replies":[{"embeddable":true,"href":"https:\/\/www.koncevisiontv.cl\/web\/wp-json\/wp\/v2\/comments?post=5517"}],"version-history":[{"count":2,"href":"https:\/\/www.koncevisiontv.cl\/web\/wp-json\/wp\/v2\/posts\/5517\/revisions"}],"predecessor-version":[{"id":5521,"href":"https:\/\/www.koncevisiontv.cl\/web\/wp-json\/wp\/v2\/posts\/5517\/revisions\/5521"}],"wp:featuredmedia":[{"embeddable":true,"href":"https:\/\/www.koncevisiontv.cl\/web\/wp-json\/wp\/v2\/media\/1111"}],"wp:attachment":[{"href":"https:\/\/www.koncevisiontv.cl\/web\/wp-json\/wp\/v2\/media?parent=5517"}],"wp:term":[{"taxonomy":"category","embeddable":true,"href":"https:\/\/www.koncevisiontv.cl\/web\/wp-json\/wp\/v2\/categories?post=5517"},{"taxonomy":"post_tag","embeddable":true,"href":"https:\/\/www.koncevisiontv.cl\/web\/wp-json\/wp\/v2\/tags?post=5517"}],"curies":[{"name":"wp","href":"https:\/\/api.w.org\/{rel}","templated":true}]}}