{"id":5574,"date":"2025-02-05T19:27:31","date_gmt":"2025-02-05T22:27:31","guid":{"rendered":"https:\/\/www.koncevisiontv.cl\/web\/?p=5574"},"modified":"2025-02-05T19:27:33","modified_gmt":"2025-02-05T22:27:33","slug":"cortes-de-luz-en-talcahuano-y-penco","status":"publish","type":"post","link":"https:\/\/www.koncevisiontv.cl\/web\/cortes-de-luz-en-talcahuano-y-penco\/","title":{"rendered":"Cortes de luz en Talcahuano y Penco: 6 horas de interrupci\u00f3n"},"content":{"rendered":"\n<p class=\"wp-block-paragraph\">La<a href=\"http:\/\/https;\/\/www.cge.cl\" data-type=\"link\" data-id=\"https;\/\/www.cge.cl\"> <strong>Compa\u00f1\u00eda General de Electricidad (CGE)<\/strong> <\/a>ha programado cortes de luz en Talcahuano y Penco para el jueves 6 de febrero de 2025. Estas interrupciones, que durar\u00e1n 6 horas, se suman a otras paradas programadas para el mismo periodo en el Gran Concepci\u00f3n, Regi\u00f3n del Biob\u00edo.<\/p>\n\n\n\n<h3 class=\"wp-block-heading\">Detalles del corte<\/h3>\n\n\n\n<p class=\"wp-block-paragraph\"><strong>TALCAHUANO<\/strong><\/p>\n\n\n\n<ul class=\"wp-block-list\">\n<li><strong>Horario:<\/strong> De 10:00 a 16:00 horas<\/li>\n\n\n\n<li><strong>Sectores afectados:<\/strong> Fuerte Borgo\u00f1o y Ruta Caleta Tumbes<\/li>\n<\/ul>\n\n\n\n<p class=\"wp-block-paragraph\"><strong>PENCO<\/strong><\/p>\n\n\n\n<ul class=\"wp-block-list\">\n<li><strong>Horario:<\/strong> De 9:00 a 15:00 horas<\/li>\n\n\n\n<li><strong>Sectores afectados:<\/strong> Ruta 152, Camino Forestal y Ruta del Itata<\/li>\n<\/ul>\n\n\n\n<p class=\"wp-block-paragraph\">La CGE explic\u00f3 que los <strong>cortes de luz en Talcahuano y Penco<\/strong> se deben a trabajos de mejoramiento en la red el\u00e9ctrica. Asimismo, se recuerda a los usuarios desconectar sus artefactos el\u00e9ctricos para evitar posibles da\u00f1os.<\/p>\n\n\n\n<p class=\"wp-block-paragraph\">Para consultas, los clientes pueden comunicarse con CGE a trav\u00e9s de sus canales de atenci\u00f3n:<\/p>\n\n\n\n<ul class=\"wp-block-list\">\n<li><strong>Tel\u00e9fono:<\/strong> 800 800 767<\/li>\n\n\n\n<li><strong>WhatsApp:<\/strong> +569 8956 8479<\/li>\n<\/ul>\n\n\n\n<h3 class=\"wp-block-heading\">Conclusi\u00f3n<\/h3>\n\n\n\n<p class=\"wp-block-paragraph\">Los <strong>cortes de luz en Talcahuano y Penco<\/strong> son parte de las medidas de modernizaci\u00f3n y mantenimiento de la red el\u00e9ctrica en el Gran Concepci\u00f3n. Se recomienda a la poblaci\u00f3n tomar las precauciones necesarias y estar atentos a los horarios anunciados.<\/p>\n","protected":false},"excerpt":{"rendered":"<p>La Compa\u00f1\u00eda General de Electricidad (CGE) ha programado cortes de luz en Talcahuano y Penco para el jueves<\/p>\n","protected":false},"author":5,"featured_media":2662,"comment_status":"open","ping_status":"open","sticky":false,"template":"","format":"standard","meta":{"_crdt_document":"","_uag_custom_page_level_css":"","_sitemap_exclude":false,"_sitemap_priority":"","_sitemap_frequency":"","_joinchat":[],"footnotes":""},"categories":[421],"tags":[],"class_list":["post-5574","post","type-post","status-publish","format-standard","has-post-thumbnail","hentry","category-cortes-de-luz"],"featured_image_urls":{"full":["https:\/\/www.koncevisiontv.cl\/web\/wp-content\/uploads\/2024\/10\/CGETRABAJANDO-scaled.jpg",2560,1656,false],"thumbnail":["https:\/\/www.koncevisiontv.cl\/web\/wp-content\/uploads\/2024\/10\/CGETRABAJANDO-150x150.jpg",150,150,true],"medium":["https:\/\/www.koncevisiontv.cl\/web\/wp-content\/uploads\/2024\/10\/CGETRABAJANDO-300x194.jpg",300,194,true],"medium_large":["https:\/\/www.koncevisiontv.cl\/web\/wp-content\/uploads\/2024\/10\/CGETRABAJANDO-768x497.jpg",640,414,true],"large":["https:\/\/www.koncevisiontv.cl\/web\/wp-content\/uploads\/2024\/10\/CGETRABAJANDO-1024x662.jpg",640,414,true],"1536x1536":["https:\/\/www.koncevisiontv.cl\/web\/wp-content\/uploads\/2024\/10\/CGETRABAJANDO-1536x994.jpg",1536,994,true],"2048x2048":["https:\/\/www.koncevisiontv.cl\/web\/wp-content\/uploads\/2024\/10\/CGETRABAJANDO-2048x1325.jpg",2048,1325,true],"darknews-featured":["https:\/\/www.koncevisiontv.cl\/web\/wp-content\/uploads\/2024\/10\/CGETRABAJANDO-1024x662.jpg",1024,662,true],"darknews-large":["https:\/\/www.koncevisiontv.cl\/web\/wp-content\/uploads\/2024\/10\/CGETRABAJANDO-825x575.jpg",825,575,true],"darknews-medium":["https:\/\/www.koncevisiontv.cl\/web\/wp-content\/uploads\/2024\/10\/CGETRABAJANDO-590x410.jpg",590,410,true]},"author_info":{"info":["Web-Master"]},"category_info":"<a href=\"https:\/\/www.koncevisiontv.cl\/web\/category\/cortes-de-luz\/\" rel=\"category tag\">Cortes De Luz<\/a>","tag_info":"Cortes De Luz","comment_count":"0","uagb_featured_image_src":{"full":["https:\/\/www.koncevisiontv.cl\/web\/wp-content\/uploads\/2024\/10\/CGETRABAJANDO-scaled.jpg",2560,1656,false],"thumbnail":["https:\/\/www.koncevisiontv.cl\/web\/wp-content\/uploads\/2024\/10\/CGETRABAJANDO-150x150.jpg",150,150,true],"medium":["https:\/\/www.koncevisiontv.cl\/web\/wp-content\/uploads\/2024\/10\/CGETRABAJANDO-300x194.jpg",300,194,true],"medium_large":["https:\/\/www.koncevisiontv.cl\/web\/wp-content\/uploads\/2024\/10\/CGETRABAJANDO-768x497.jpg",640,414,true],"large":["https:\/\/www.koncevisiontv.cl\/web\/wp-content\/uploads\/2024\/10\/CGETRABAJANDO-1024x662.jpg",640,414,true],"1536x1536":["https:\/\/www.koncevisiontv.cl\/web\/wp-content\/uploads\/2024\/10\/CGETRABAJANDO-1536x994.jpg",1536,994,true],"2048x2048":["https:\/\/www.koncevisiontv.cl\/web\/wp-content\/uploads\/2024\/10\/CGETRABAJANDO-2048x1325.jpg",2048,1325,true],"darknews-featured":["https:\/\/www.koncevisiontv.cl\/web\/wp-content\/uploads\/2024\/10\/CGETRABAJANDO-1024x662.jpg",1024,662,true],"darknews-large":["https:\/\/www.koncevisiontv.cl\/web\/wp-content\/uploads\/2024\/10\/CGETRABAJANDO-825x575.jpg",825,575,true],"darknews-medium":["https:\/\/www.koncevisiontv.cl\/web\/wp-content\/uploads\/2024\/10\/CGETRABAJANDO-590x410.jpg",590,410,true]},"uagb_author_info":{"display_name":"Web-Master","author_link":"https:\/\/www.koncevisiontv.cl\/web\/author\/koncevision\/"},"uagb_comment_info":0,"uagb_excerpt":"La Compa\u00f1\u00eda General de Electricidad (CGE) ha programado cortes de luz en Talcahuano y Penco para el jueves","_links":{"self":[{"href":"https:\/\/www.koncevisiontv.cl\/web\/wp-json\/wp\/v2\/posts\/5574","targetHints":{"allow":["GET"]}}],"collection":[{"href":"https:\/\/www.koncevisiontv.cl\/web\/wp-json\/wp\/v2\/posts"}],"about":[{"href":"https:\/\/www.koncevisiontv.cl\/web\/wp-json\/wp\/v2\/types\/post"}],"author":[{"embeddable":true,"href":"https:\/\/www.koncevisiontv.cl\/web\/wp-json\/wp\/v2\/users\/5"}],"replies":[{"embeddable":true,"href":"https:\/\/www.koncevisiontv.cl\/web\/wp-json\/wp\/v2\/comments?post=5574"}],"version-history":[{"count":1,"href":"https:\/\/www.koncevisiontv.cl\/web\/wp-json\/wp\/v2\/posts\/5574\/revisions"}],"predecessor-version":[{"id":5575,"href":"https:\/\/www.koncevisiontv.cl\/web\/wp-json\/wp\/v2\/posts\/5574\/revisions\/5575"}],"wp:featuredmedia":[{"embeddable":true,"href":"https:\/\/www.koncevisiontv.cl\/web\/wp-json\/wp\/v2\/media\/2662"}],"wp:attachment":[{"href":"https:\/\/www.koncevisiontv.cl\/web\/wp-json\/wp\/v2\/media?parent=5574"}],"wp:term":[{"taxonomy":"category","embeddable":true,"href":"https:\/\/www.koncevisiontv.cl\/web\/wp-json\/wp\/v2\/categories?post=5574"},{"taxonomy":"post_tag","embeddable":true,"href":"https:\/\/www.koncevisiontv.cl\/web\/wp-json\/wp\/v2\/tags?post=5574"}],"curies":[{"name":"wp","href":"https:\/\/api.w.org\/{rel}","templated":true}]}}