{"id":5737,"date":"2025-02-13T18:48:22","date_gmt":"2025-02-13T21:48:22","guid":{"rendered":"https:\/\/www.koncevisiontv.cl\/web\/?p=5737"},"modified":"2025-02-13T18:48:25","modified_gmt":"2025-02-13T21:48:25","slug":"gendarmes-en-alerta-en-complejo-penitenciario-bio-bio","status":"publish","type":"post","link":"https:\/\/www.koncevisiontv.cl\/web\/gendarmes-en-alerta-en-complejo-penitenciario-bio-bio\/","title":{"rendered":"&#8221; Gendarmes en Alerta por Traslado Masivo de Reos al Complejo Penitenciario B\u00edo B\u00edo"},"content":{"rendered":"\n<div class=\"wp-block-uagb-advanced-heading uagb-block-a29c5761\"><h2 class=\"uagb-heading-text\">Gendarmes en alerta en Complejo Penitenciario B\u00edo B\u00edo <\/h2><\/div>\n\n\n\n<div class=\"wp-block-uagb-advanced-heading uagb-block-3de082e9\"><h2 class=\"uagb-heading-text\">&#8220;Somos 1 por cada 50 Internos&#8221;<\/h2><\/div>\n\n\n\n<p class=\"wp-block-paragraph\">El <strong>Complejo Penitenciario B\u00edo B\u00edo <\/strong>, ubicado en la regi\u00f3n del mismo nombre, enfrenta una crisis inminente tras el anuncio del traslado masivo de <strong>285 reclusos de mediana y alta complejidad <\/strong>desde Santiago. Seg\u00fan informaci\u00f3n exclusiva obtenida por <em>Radio B\u00edo B\u00edo <\/em>, este proceso forma parte de un plan de densificaci\u00f3n carcelaria que busca redistribuir a los condenados en distintas regiones del pa\u00eds. Sin embargo, la medida ha generado preocupaci\u00f3n entre los funcionarios penitenciarios, quienes denuncian la falta de recursos y personal para hacer frente a esta situaci\u00f3n.<\/p>\n\n\n\n<div class=\"wp-block-columns is-layout-flex wp-container-core-columns-is-layout-8f761849 wp-block-columns-is-layout-flex\">\n<div class=\"wp-block-column is-layout-flow wp-block-column-is-layout-flow\"><div class=\"a-single a-13\"><a href=\"\"><img decoding=\"async\" src=\"https:\/\/www.koncevisiontv.cl\/web\/wp-content\/uploads\/2025\/02\/publicidad-2.png\" alt=\"\" title=\"\"><\/a><\/div><\/div>\n<\/div>\n\n\n\n<p class=\"wp-block-paragraph\"><strong>Preocupaci\u00f3n por la Sobrepoblaci\u00f3n Carcelaria<\/strong><\/p>\n\n\n\n<p class=\"wp-block-paragraph\">El presidente de la <strong>Asociaci\u00f3n de Funcionarios Penitenciarios Provincial Concepci\u00f3n <\/strong>, <strong>Marcelo Alarc\u00f3n <\/strong>, fue enf\u00e1tico al se\u00f1alar que el traslado de casi 300 reos podr\u00eda desbordar a\u00fan m\u00e1s las ya precarias condiciones del recinto. Actualmente, el penal cuenta con aproximadamente <strong>3.000 internos <\/strong>, distribuidos en dos alas principales: la <strong>ala norte <\/strong>y la <strong>ala sur <\/strong>, cada una con capacidad para albergar cerca de <strong>1.500 reclusos <\/strong>. Sin embargo, seg\u00fan Alarc\u00f3n, la sobrepoblaci\u00f3n ya supera el <strong>30% <\/strong>de su capacidad m\u00e1xima.<\/p>\n\n\n\n<blockquote class=\"wp-block-quote is-layout-flow wp-block-quote-is-layout-flow\">\n<p class=\"wp-block-paragraph\">&#8220;La c\u00e1rcel est\u00e1 sobrepasada en un 30%. Somos 1 por cada 40 o 50 internos. La llegada de estos nuevos reos solo empeorar\u00e1 la situaci\u00f3n&#8221;, explic\u00f3 Alarc\u00f3n durante una entrevista en <em>Podr\u00eda ser Otra Cosa <\/em>.<\/p>\n<\/blockquote>\n\n\n\n<p class=\"wp-block-paragraph\">El dirigente destac\u00f3 que, con el aumento progresivo de la poblaci\u00f3n penal y la presencia de crimen organizado dentro de los recintos, el sistema penitenciario se ha ido &#8220;desbordando un poquito&#8221; con el paso de los a\u00f1os.<\/p>\n\n\n\n<p class=\"wp-block-paragraph\"><strong>Falta de Personal y Recursos<\/strong><\/p>\n\n\n\n<p class=\"wp-block-paragraph\">Una de las principales preocupaciones de los gendarmes es la ausencia de un aumento en la dotaci\u00f3n de personal para hacer frente al incremento de internos. Seg\u00fan Alarc\u00f3n, actualmente hay <strong>4 funcionarios para 300 internos <\/strong>, una proporci\u00f3n que considera insuficiente para garantizar la seguridad tanto de los reclusos como del personal penitenciario.<\/p>\n\n\n\n<blockquote class=\"wp-block-quote is-layout-flow wp-block-quote-is-layout-flow\">\n<p class=\"wp-block-paragraph\">&#8220;Nos preocupa que no nos est\u00e9n enviando personal adicional dentro de estos oficios. No se indica nada para poder cuidar a estas personas que est\u00e1n privadas de libertad y que pudiesen llegar de otras regiones&#8221;, se\u00f1al\u00f3 Alarc\u00f3n.<\/p>\n<\/blockquote>\n\n\n\n<p class=\"wp-block-paragraph\">El dirigente tambi\u00e9n expres\u00f3 su sorpresa por la rapidez con la que se anunci\u00f3 el traslado, asegurando que cuando se les inform\u00f3 de la medida, no ten\u00edan contemplado que fuera &#8220;tan pronto&#8221;.<\/p>\n\n\n\n<blockquote class=\"wp-block-quote is-layout-flow wp-block-quote-is-layout-flow\">\n<p class=\"wp-block-paragraph\">&#8220;Nos tiene bastante preocupados porque no sabemos c\u00f3mo vamos a manejar esta situaci\u00f3n sin m\u00e1s apoyo. Lo que estamos pidiendo es que llegue m\u00e1s gente y elementos de seguridad para protegernos y evitar situaciones cr\u00edticas&#8221;, agreg\u00f3.<\/p>\n<\/blockquote>\n\n\n\n<p class=\"wp-block-paragraph\"><strong>Impacto del Crimen Organizado<\/strong><\/p>\n\n\n\n<p class=\"wp-block-paragraph\">Otro factor que complica la situaci\u00f3n es la presencia de <strong>crimen organizado <\/strong>dentro del Complejo Penitenciario B\u00edo B\u00edo. Seg\u00fan Alarc\u00f3n, los reclusos vinculados a bandas criminales han incrementado los niveles de violencia y tensi\u00f3n dentro del recinto, lo que pone en riesgo tanto a los internos como al personal penitenciario.<\/p>\n\n\n\n<blockquote class=\"wp-block-quote is-layout-flow wp-block-quote-is-layout-flow\">\n<p class=\"wp-block-paragraph\">&#8220;Lo que nos importa hoy en d\u00eda, trabajando directamente con la poblaci\u00f3n penal, es que lleguen m\u00e1s recursos para intervenir en alg\u00fan cr\u00edtico y evitar que se maten entre ellos&#8221;, coment\u00f3.<\/p>\n<\/blockquote>\n\n\n\n<p class=\"wp-block-paragraph\"><strong>Dudas sobre la Decisi\u00f3n del Traslado<\/strong><\/p>\n\n\n\n<p class=\"wp-block-paragraph\">Alarc\u00f3n admiti\u00f3 que desconoce las razones detr\u00e1s de la decisi\u00f3n de trasladar a los reclusos a Concepci\u00f3n. Durante la entrevista, reconoci\u00f3 que incluso otros oficiales del centro penal tampoco tienen una respuesta clara sobre este tema.<\/p>\n\n\n\n<blockquote class=\"wp-block-quote is-layout-flow wp-block-quote-is-layout-flow\">\n<p class=\"wp-block-paragraph\">&#8220;Yo, la verdad, me hago la misma pregunta. Cuando consult\u00e9 a otros oficiales, nadie ten\u00eda respuesta. O simplemente no la quieren dar o la desconocen. La verdad es que no sabr\u00eda darle la respuesta precisa porque no me lo dicen&#8221;, manifest\u00f3.<\/p>\n<\/blockquote>\n\n\n\n<p class=\"wp-block-paragraph\">El dirigente destac\u00f3 que la medida los tom\u00f3 por sorpresa, ya que no se les inform\u00f3 previamente sobre los detalles ni se les consult\u00f3 sobre la viabilidad de implementarla.<\/p>\n\n\n\n<p class=\"wp-block-paragraph\"><strong>Posibles Acciones Gremiales<\/strong><\/p>\n\n\n\n<p class=\"wp-block-paragraph\">Ante la falta de respuestas y el aumento de la preocupaci\u00f3n, Alarc\u00f3n no descart\u00f3 la posibilidad de realizar gestiones gremiales a nivel nacional para exigir una soluci\u00f3n urgente.<\/p>\n\n\n\n<blockquote class=\"wp-block-quote is-layout-flow wp-block-quote-is-layout-flow\">\n<p class=\"wp-block-paragraph\">&#8220;No descartamos proceder con una gesti\u00f3n gremial a trav\u00e9s de nuestros dirigentes nacionales para llegar a la autoridad m\u00e1xima y que tomen cartas en el asunto. Esto no puede seguir as\u00ed&#8221;, concluy\u00f3.<\/p>\n<\/blockquote>\n\n\n\n<p class=\"wp-block-paragraph\"><strong>Llamado a la Reflexi\u00f3n<\/strong><\/p>\n\n\n\n<p class=\"wp-block-paragraph\">Este caso subraya la necesidad de abordar la crisis carcelaria en Chile desde una perspectiva integral. La sobrepoblaci\u00f3n, la falta de personal y la presencia de crimen organizado son problemas estructurales que requieren soluciones urgentes para garantizar la seguridad de todos los involucrados.<\/p>\n\n\n\n<blockquote class=\"wp-block-quote is-layout-flow wp-block-quote-is-layout-flow\">\n<p class=\"wp-block-paragraph\">&#8220;Es fundamental que las autoridades escuchen nuestras demandas y tomen medidas concretas para mejorar las condiciones en los penales. No podemos seguir trabajando en estas condiciones&#8221;, declar\u00f3 un funcionario penitenciario consultado por <em>Radio B\u00edo B\u00edo <\/em>.<\/p>\n<\/blockquote>\n\n\n\n<p class=\"wp-block-paragraph\">Las autoridades han hecho un llamado a la comunidad a mantenerse informada sobre el desarrollo de esta situaci\u00f3n, mientras contin\u00faan las conversaciones entre los gremios y el gobierno para buscar soluciones.<\/p>\n","protected":false},"excerpt":{"rendered":"<p>Gendarmes en alerta en Complejo Penitenciario B\u00edo B\u00edo &#8220;Somos 1 por cada 50 Internos&#8221; El Complejo Penitenciario B\u00edo<\/p>\n","protected":false},"author":5,"featured_media":5738,"comment_status":"open","ping_status":"open","sticky":false,"template":"","format":"standard","meta":{"_crdt_document":"","_uag_custom_page_level_css":"","_sitemap_exclude":false,"_sitemap_priority":"","_sitemap_frequency":"","_joinchat":[],"footnotes":""},"categories":[1,443],"tags":[],"class_list":["post-5737","post","type-post","status-publish","format-standard","has-post-thumbnail","hentry","category-bio-bio","category-gendarmeria"],"featured_image_urls":{"full":["https:\/\/www.koncevisiontv.cl\/web\/wp-content\/uploads\/2025\/02\/gendarme-en-alerta-maxima-por-translado-de-reos-a-completo-penitenciario-biobio.jpg",275,183,false],"thumbnail":["https:\/\/www.koncevisiontv.cl\/web\/wp-content\/uploads\/2025\/02\/gendarme-en-alerta-maxima-por-translado-de-reos-a-completo-penitenciario-biobio-150x150.jpg",150,150,true],"medium":["https:\/\/www.koncevisiontv.cl\/web\/wp-content\/uploads\/2025\/02\/gendarme-en-alerta-maxima-por-translado-de-reos-a-completo-penitenciario-biobio.jpg",275,183,false],"medium_large":["https:\/\/www.koncevisiontv.cl\/web\/wp-content\/uploads\/2025\/02\/gendarme-en-alerta-maxima-por-translado-de-reos-a-completo-penitenciario-biobio.jpg",275,183,false],"large":["https:\/\/www.koncevisiontv.cl\/web\/wp-content\/uploads\/2025\/02\/gendarme-en-alerta-maxima-por-translado-de-reos-a-completo-penitenciario-biobio.jpg",275,183,false],"1536x1536":["https:\/\/www.koncevisiontv.cl\/web\/wp-content\/uploads\/2025\/02\/gendarme-en-alerta-maxima-por-translado-de-reos-a-completo-penitenciario-biobio.jpg",275,183,false],"2048x2048":["https:\/\/www.koncevisiontv.cl\/web\/wp-content\/uploads\/2025\/02\/gendarme-en-alerta-maxima-por-translado-de-reos-a-completo-penitenciario-biobio.jpg",275,183,false],"darknews-featured":["https:\/\/www.koncevisiontv.cl\/web\/wp-content\/uploads\/2025\/02\/gendarme-en-alerta-maxima-por-translado-de-reos-a-completo-penitenciario-biobio.jpg",275,183,false],"darknews-large":["https:\/\/www.koncevisiontv.cl\/web\/wp-content\/uploads\/2025\/02\/gendarme-en-alerta-maxima-por-translado-de-reos-a-completo-penitenciario-biobio.jpg",275,183,false],"darknews-medium":["https:\/\/www.koncevisiontv.cl\/web\/wp-content\/uploads\/2025\/02\/gendarme-en-alerta-maxima-por-translado-de-reos-a-completo-penitenciario-biobio.jpg",275,183,false]},"author_info":{"info":["Web-Master"]},"category_info":"<a href=\"https:\/\/www.koncevisiontv.cl\/web\/category\/bio-bio\/\" rel=\"category tag\">Bio-B\u00edo<\/a> <a href=\"https:\/\/www.koncevisiontv.cl\/web\/category\/gendarmeria\/\" rel=\"category tag\">gendarmer\u00eda<\/a>","tag_info":"gendarmer\u00eda","comment_count":"0","uagb_featured_image_src":{"full":["https:\/\/www.koncevisiontv.cl\/web\/wp-content\/uploads\/2025\/02\/gendarme-en-alerta-maxima-por-translado-de-reos-a-completo-penitenciario-biobio.jpg",275,183,false],"thumbnail":["https:\/\/www.koncevisiontv.cl\/web\/wp-content\/uploads\/2025\/02\/gendarme-en-alerta-maxima-por-translado-de-reos-a-completo-penitenciario-biobio-150x150.jpg",150,150,true],"medium":["https:\/\/www.koncevisiontv.cl\/web\/wp-content\/uploads\/2025\/02\/gendarme-en-alerta-maxima-por-translado-de-reos-a-completo-penitenciario-biobio.jpg",275,183,false],"medium_large":["https:\/\/www.koncevisiontv.cl\/web\/wp-content\/uploads\/2025\/02\/gendarme-en-alerta-maxima-por-translado-de-reos-a-completo-penitenciario-biobio.jpg",275,183,false],"large":["https:\/\/www.koncevisiontv.cl\/web\/wp-content\/uploads\/2025\/02\/gendarme-en-alerta-maxima-por-translado-de-reos-a-completo-penitenciario-biobio.jpg",275,183,false],"1536x1536":["https:\/\/www.koncevisiontv.cl\/web\/wp-content\/uploads\/2025\/02\/gendarme-en-alerta-maxima-por-translado-de-reos-a-completo-penitenciario-biobio.jpg",275,183,false],"2048x2048":["https:\/\/www.koncevisiontv.cl\/web\/wp-content\/uploads\/2025\/02\/gendarme-en-alerta-maxima-por-translado-de-reos-a-completo-penitenciario-biobio.jpg",275,183,false],"darknews-featured":["https:\/\/www.koncevisiontv.cl\/web\/wp-content\/uploads\/2025\/02\/gendarme-en-alerta-maxima-por-translado-de-reos-a-completo-penitenciario-biobio.jpg",275,183,false],"darknews-large":["https:\/\/www.koncevisiontv.cl\/web\/wp-content\/uploads\/2025\/02\/gendarme-en-alerta-maxima-por-translado-de-reos-a-completo-penitenciario-biobio.jpg",275,183,false],"darknews-medium":["https:\/\/www.koncevisiontv.cl\/web\/wp-content\/uploads\/2025\/02\/gendarme-en-alerta-maxima-por-translado-de-reos-a-completo-penitenciario-biobio.jpg",275,183,false]},"uagb_author_info":{"display_name":"Web-Master","author_link":"https:\/\/www.koncevisiontv.cl\/web\/author\/koncevision\/"},"uagb_comment_info":0,"uagb_excerpt":"Gendarmes en alerta en Complejo Penitenciario B\u00edo B\u00edo &#8220;Somos 1 por cada 50 Internos&#8221; El Complejo Penitenciario B\u00edo","_links":{"self":[{"href":"https:\/\/www.koncevisiontv.cl\/web\/wp-json\/wp\/v2\/posts\/5737","targetHints":{"allow":["GET"]}}],"collection":[{"href":"https:\/\/www.koncevisiontv.cl\/web\/wp-json\/wp\/v2\/posts"}],"about":[{"href":"https:\/\/www.koncevisiontv.cl\/web\/wp-json\/wp\/v2\/types\/post"}],"author":[{"embeddable":true,"href":"https:\/\/www.koncevisiontv.cl\/web\/wp-json\/wp\/v2\/users\/5"}],"replies":[{"embeddable":true,"href":"https:\/\/www.koncevisiontv.cl\/web\/wp-json\/wp\/v2\/comments?post=5737"}],"version-history":[{"count":1,"href":"https:\/\/www.koncevisiontv.cl\/web\/wp-json\/wp\/v2\/posts\/5737\/revisions"}],"predecessor-version":[{"id":5739,"href":"https:\/\/www.koncevisiontv.cl\/web\/wp-json\/wp\/v2\/posts\/5737\/revisions\/5739"}],"wp:featuredmedia":[{"embeddable":true,"href":"https:\/\/www.koncevisiontv.cl\/web\/wp-json\/wp\/v2\/media\/5738"}],"wp:attachment":[{"href":"https:\/\/www.koncevisiontv.cl\/web\/wp-json\/wp\/v2\/media?parent=5737"}],"wp:term":[{"taxonomy":"category","embeddable":true,"href":"https:\/\/www.koncevisiontv.cl\/web\/wp-json\/wp\/v2\/categories?post=5737"},{"taxonomy":"post_tag","embeddable":true,"href":"https:\/\/www.koncevisiontv.cl\/web\/wp-json\/wp\/v2\/tags?post=5737"}],"curies":[{"name":"wp","href":"https:\/\/api.w.org\/{rel}","templated":true}]}}