{"id":5764,"date":"2025-02-17T16:12:10","date_gmt":"2025-02-17T19:12:10","guid":{"rendered":"https:\/\/www.koncevisiontv.cl\/web\/?p=5764"},"modified":"2025-02-17T16:13:30","modified_gmt":"2025-02-17T19:13:30","slug":"cathy-barriga-sale-de-la-carcel","status":"publish","type":"post","link":"https:\/\/www.koncevisiontv.cl\/web\/cathy-barriga-sale-de-la-carcel\/","title":{"rendered":"Cathy Barriga Sale de la C\u00e1rcel y Vuelve a Arresto Domiciliario Total: Tribunal Revoca Prisi\u00f3n Preventiva"},"content":{"rendered":"\n<h4 class=\"wp-block-heading\">Cathy Barriga Sale de la C\u00e1rcel y Vuelve a Arresto Domiciliario Total<\/h4>\n\n\n\n<p class=\"wp-block-paragraph\">Este <strong>lunes 17 de febrero de 2025 <\/strong>, <strong>Cathy Barriga <\/strong>, exalcaldesa de Maip\u00fa y figura p\u00fablica conocida por su paso como bailarina en <em>Mekano <\/em>, logr\u00f3 un importante avance legal al ser liberada de la <strong>C\u00e1rcel Femenina de San Miguel <\/strong>. El <strong>9\u00b0 Juzgado de Garant\u00eda de Santiago <\/strong>acogi\u00f3 los argumentos presentados por su defensa y revoc\u00f3 su prisi\u00f3n preventiva, ordenando que cumpla <strong>arresto domiciliario total <\/strong>en su residencia.<\/p>\n\n\n\n<p class=\"wp-block-paragraph\">La decisi\u00f3n marca un punto de inflexi\u00f3n en el caso de Barriga, quien hab\u00eda estado recluida desde el pasado <strong>26 de diciembre de 2024 <\/strong>, cuando la <strong>Corte de Apelaciones <\/strong>revoc\u00f3 su anterior arresto domiciliario y orden\u00f3 su reingreso a prisi\u00f3n.<\/p>\n\n\n\n<p class=\"wp-block-paragraph\"><strong>El Cambio de Medidas Cautelares<\/strong><\/p>\n\n\n\n<p class=\"wp-block-paragraph\">La jueza <strong>Mar\u00eda In\u00e9s Bernadita Lausen Montt <\/strong>, quien ya hab\u00eda intervenido en favor de Barriga en diciembre pasado, volvi\u00f3 a emitir una resoluci\u00f3n favorable para la exalcaldesa. En su fallo, la magistrada se\u00f1al\u00f3 que no existen razones suficientes para mantenerla en prisi\u00f3n preventiva, destacando que -a su juicio- no hay <strong>peligro de fuga ni riesgo de reiteraci\u00f3n de delitos <\/strong>.<\/p>\n\n\n\n<blockquote class=\"wp-block-quote is-layout-flow wp-block-quote-is-layout-flow\">\n<p class=\"wp-block-paragraph\">&#8220;No se justifica la prisi\u00f3n preventiva&#8221;, afirm\u00f3 la jueza, reiterando su postura previa sobre el caso.<\/p>\n<\/blockquote>\n\n\n\n<p class=\"wp-block-paragraph\">Esta es la segunda vez que la misma jueza permite que Barriga abandone la c\u00e1rcel para cumplir arresto domiciliario. La primera ocasi\u00f3n ocurri\u00f3 el <strong>18 de diciembre de 2024 <\/strong>, tras un per\u00edodo inicial de <strong>36 d\u00edas tras las rejas <\/strong>. Sin embargo, esa medida fue revertida por la Corte de Apelaciones, lo que llev\u00f3 a Barriga de regreso a prisi\u00f3n.<\/p>\n\n\n\n<p class=\"wp-block-paragraph\"><strong>Los Delitos que Se Le Imputan<\/strong><\/p>\n\n\n\n<p class=\"wp-block-paragraph\">Cathy Barriga fue formalizada hace un a\u00f1o por la <strong>Fiscal\u00eda Oriente <\/strong>por presuntos delitos relacionados con <strong>fraude al fisco <\/strong>, <strong>apropiaci\u00f3n indebida <\/strong>y <strong>falsificaci\u00f3n o uso malicioso de documentos p\u00fablicos <\/strong>. Estas acusaciones est\u00e1n vinculadas a supuestas irregularidades durante su gesti\u00f3n como alcaldesa de Maip\u00fa, un cargo que ocup\u00f3 entre 2016 y 2021.<\/p>\n\n\n\n<p class=\"wp-block-paragraph\">A pesar de las graves imputaciones, su defensa ha sostenido que no existen elementos suficientes para justificar medidas cautelares tan estrictas como la prisi\u00f3n preventiva.<\/p>\n\n\n\n<p class=\"wp-block-paragraph\"><strong>Reacciones de la Defensa<\/strong><\/p>\n\n\n\n<p class=\"wp-block-paragraph\">El abogado defensor de Barriga, <strong>Crist\u00f3bal Bonacic <\/strong>, celebr\u00f3 la decisi\u00f3n del tribunal y declar\u00f3 al salir de la audiencia:<\/p>\n\n\n\n<blockquote class=\"wp-block-quote is-layout-flow wp-block-quote-is-layout-flow\">\n<p class=\"wp-block-paragraph\">\u201cSe volvi\u00f3 al estado natural de las cosas. Nunca debi\u00f3 estar do\u00f1a Cathy Barriga en prisi\u00f3n preventiva\u201d.<\/p>\n<\/blockquote>\n\n\n\n<p class=\"wp-block-paragraph\">Bonacic tambi\u00e9n destac\u00f3 que las medidas cautelares impuestas hasta ahora han sido desproporcionadas en relaci\u00f3n con las acusaciones en su contra. Seg\u00fan \u00e9l, el arresto domiciliario total es una medida m\u00e1s adecuada y menos restrictiva para garantizar su comparecencia en el proceso judicial.<\/p>\n\n\n\n<p class=\"wp-block-paragraph\"><strong>Impacto en la Opini\u00f3n P\u00fablica<\/strong><\/p>\n\n\n\n<p class=\"wp-block-paragraph\">El caso de Cathy Barriga ha generado una amplia discusi\u00f3n en la opini\u00f3n p\u00fablica chilena. Mientras algunos sectores aplauden la decisi\u00f3n del tribunal, argumentando que la prisi\u00f3n preventiva era innecesaria, otros critican lo que consideran un trato preferencial debido a su condici\u00f3n de figura p\u00fablica.<\/p>\n\n\n\n<p class=\"wp-block-paragraph\">En redes sociales, usuarios han expresado opiniones divididas. Algunos utilizan hashtags como <strong>#JusticiaParaTodos <\/strong>para exigir igualdad en el tratamiento legal, mientras que otros apoyan a Barriga bajo el argumento de que no existe evidencia concluyente que justifique su encarcelamiento.<\/p>\n\n\n\n<blockquote class=\"wp-block-quote is-layout-flow wp-block-quote-is-layout-flow\">\n<p class=\"wp-block-paragraph\">&#8220;Esperamos que esto no sea un caso de privilegio, sino una decisi\u00f3n basada en derecho&#8221;, coment\u00f3 un usuario en Twitter.<\/p>\n<\/blockquote>\n\n\n\n<p class=\"wp-block-paragraph\">Por otro lado, quienes respaldan a Barriga destacan que su encarcelamiento fue injusto desde el principio y que el arresto domiciliario es una soluci\u00f3n equilibrada.<\/p>\n\n\n\n<p class=\"wp-block-paragraph\"><strong>El Futuro del Caso<\/strong><\/p>\n\n\n\n<p class=\"wp-block-paragraph\">Con esta nueva medida cautelar, Cathy Barriga continuar\u00e1 enfrentando el proceso judicial desde su residencia. Durante este tiempo, deber\u00e1 cumplir estrictamente las condiciones impuestas por el tribunal, que incluyen permanecer en su hogar y no comunicarse con personas involucradas en el caso.<\/p>\n\n\n\n<p class=\"wp-block-paragraph\">El abogado Bonacic ha adelantado que seguir\u00e1n trabajando para demostrar la inocencia de su clienta y solicitar\u00e1n la absoluci\u00f3n en futuras instancias del proceso.<\/p>\n\n\n\n<blockquote class=\"wp-block-quote is-layout-flow wp-block-quote-is-layout-flow\">\n<p class=\"wp-block-paragraph\">&#8220;Confiamos plenamente en que se har\u00e1 justicia y que se demostrar\u00e1 que Cathy Barriga no cometi\u00f3 los delitos que se le imputan&#8221;, asegur\u00f3 Bonacic.<\/p>\n<\/blockquote>\n\n\n\n<p class=\"wp-block-paragraph\"><strong>Un Antecedente Preocupante<\/strong><\/p>\n\n\n\n<p class=\"wp-block-paragraph\">El caso de Cathy Barriga tambi\u00e9n ha generado debate sobre el uso de la prisi\u00f3n preventiva en Chile. Organizaciones de derechos humanos han criticado la tendencia a recurrir a esta medida de manera indiscriminada, argumentando que deber\u00eda reservarse solo para casos donde exista un riesgo claro para la sociedad o la investigaci\u00f3n.<\/p>\n\n\n\n<blockquote class=\"wp-block-quote is-layout-flow wp-block-quote-is-layout-flow\">\n<p class=\"wp-block-paragraph\">&#8220;La prisi\u00f3n preventiva debe ser la excepci\u00f3n, no la regla. Es fundamental garantizar que las medidas cautelares sean proporcionales y respeten los derechos de las personas&#8221;, declar\u00f3 un representante de una organizaci\u00f3n de derechos humanos.<\/p>\n<\/blockquote>\n\n\n\n<p class=\"wp-block-paragraph\">Las autoridades judiciales han hecho un llamado a la calma y a confiar en el sistema legal, destacando que cada caso se eval\u00faa de manera individual seg\u00fan las pruebas presentadas.<\/p>\n","protected":false},"excerpt":{"rendered":"<p>Cathy Barriga Sale de la C\u00e1rcel y Vuelve a Arresto Domiciliario Total Este lunes 17 de febrero de<\/p>\n","protected":false},"author":5,"featured_media":5766,"comment_status":"open","ping_status":"open","sticky":false,"template":"","format":"standard","meta":{"_crdt_document":"","_uag_custom_page_level_css":"","_sitemap_exclude":false,"_sitemap_priority":"","_sitemap_frequency":"","_joinchat":[],"footnotes":""},"categories":[425,409],"tags":[],"class_list":["post-5764","post","type-post","status-publish","format-standard","has-post-thumbnail","hentry","category-cathy-barriga","category-ultimo-minuto"],"featured_image_urls":{"full":["https:\/\/www.koncevisiontv.cl\/web\/wp-content\/uploads\/2025\/02\/Cathy-Barriga-sale-de-la-carcel.avif",1023,682,false],"thumbnail":["https:\/\/www.koncevisiontv.cl\/web\/wp-content\/uploads\/2025\/02\/Cathy-Barriga-sale-de-la-carcel-150x150.avif",150,150,true],"medium":["https:\/\/www.koncevisiontv.cl\/web\/wp-content\/uploads\/2025\/02\/Cathy-Barriga-sale-de-la-carcel-300x200.avif",300,200,true],"medium_large":["https:\/\/www.koncevisiontv.cl\/web\/wp-content\/uploads\/2025\/02\/Cathy-Barriga-sale-de-la-carcel-768x512.avif",640,427,true],"large":["https:\/\/www.koncevisiontv.cl\/web\/wp-content\/uploads\/2025\/02\/Cathy-Barriga-sale-de-la-carcel.avif",640,427,false],"1536x1536":["https:\/\/www.koncevisiontv.cl\/web\/wp-content\/uploads\/2025\/02\/Cathy-Barriga-sale-de-la-carcel.avif",1023,682,false],"2048x2048":["https:\/\/www.koncevisiontv.cl\/web\/wp-content\/uploads\/2025\/02\/Cathy-Barriga-sale-de-la-carcel.avif",1023,682,false],"darknews-featured":["https:\/\/www.koncevisiontv.cl\/web\/wp-content\/uploads\/2025\/02\/Cathy-Barriga-sale-de-la-carcel.avif",1023,682,false],"darknews-large":["https:\/\/www.koncevisiontv.cl\/web\/wp-content\/uploads\/2025\/02\/Cathy-Barriga-sale-de-la-carcel-825x575.avif",825,575,true],"darknews-medium":["https:\/\/www.koncevisiontv.cl\/web\/wp-content\/uploads\/2025\/02\/Cathy-Barriga-sale-de-la-carcel-590x410.avif",590,410,true]},"author_info":{"info":["Web-Master"]},"category_info":"<a href=\"https:\/\/www.koncevisiontv.cl\/web\/category\/cathy-barriga\/\" rel=\"category tag\">Cathy Barriga<\/a> <a href=\"https:\/\/www.koncevisiontv.cl\/web\/category\/ultimo-minuto\/\" rel=\"category tag\">Ultimo MInuto<\/a>","tag_info":"Ultimo MInuto","comment_count":"0","uagb_featured_image_src":{"full":["https:\/\/www.koncevisiontv.cl\/web\/wp-content\/uploads\/2025\/02\/Cathy-Barriga-sale-de-la-carcel.avif",1023,682,false],"thumbnail":["https:\/\/www.koncevisiontv.cl\/web\/wp-content\/uploads\/2025\/02\/Cathy-Barriga-sale-de-la-carcel-150x150.avif",150,150,true],"medium":["https:\/\/www.koncevisiontv.cl\/web\/wp-content\/uploads\/2025\/02\/Cathy-Barriga-sale-de-la-carcel-300x200.avif",300,200,true],"medium_large":["https:\/\/www.koncevisiontv.cl\/web\/wp-content\/uploads\/2025\/02\/Cathy-Barriga-sale-de-la-carcel-768x512.avif",640,427,true],"large":["https:\/\/www.koncevisiontv.cl\/web\/wp-content\/uploads\/2025\/02\/Cathy-Barriga-sale-de-la-carcel.avif",640,427,false],"1536x1536":["https:\/\/www.koncevisiontv.cl\/web\/wp-content\/uploads\/2025\/02\/Cathy-Barriga-sale-de-la-carcel.avif",1023,682,false],"2048x2048":["https:\/\/www.koncevisiontv.cl\/web\/wp-content\/uploads\/2025\/02\/Cathy-Barriga-sale-de-la-carcel.avif",1023,682,false],"darknews-featured":["https:\/\/www.koncevisiontv.cl\/web\/wp-content\/uploads\/2025\/02\/Cathy-Barriga-sale-de-la-carcel.avif",1023,682,false],"darknews-large":["https:\/\/www.koncevisiontv.cl\/web\/wp-content\/uploads\/2025\/02\/Cathy-Barriga-sale-de-la-carcel-825x575.avif",825,575,true],"darknews-medium":["https:\/\/www.koncevisiontv.cl\/web\/wp-content\/uploads\/2025\/02\/Cathy-Barriga-sale-de-la-carcel-590x410.avif",590,410,true]},"uagb_author_info":{"display_name":"Web-Master","author_link":"https:\/\/www.koncevisiontv.cl\/web\/author\/koncevision\/"},"uagb_comment_info":0,"uagb_excerpt":"Cathy Barriga Sale de la C\u00e1rcel y Vuelve a Arresto Domiciliario Total Este lunes 17 de febrero de","_links":{"self":[{"href":"https:\/\/www.koncevisiontv.cl\/web\/wp-json\/wp\/v2\/posts\/5764","targetHints":{"allow":["GET"]}}],"collection":[{"href":"https:\/\/www.koncevisiontv.cl\/web\/wp-json\/wp\/v2\/posts"}],"about":[{"href":"https:\/\/www.koncevisiontv.cl\/web\/wp-json\/wp\/v2\/types\/post"}],"author":[{"embeddable":true,"href":"https:\/\/www.koncevisiontv.cl\/web\/wp-json\/wp\/v2\/users\/5"}],"replies":[{"embeddable":true,"href":"https:\/\/www.koncevisiontv.cl\/web\/wp-json\/wp\/v2\/comments?post=5764"}],"version-history":[{"count":1,"href":"https:\/\/www.koncevisiontv.cl\/web\/wp-json\/wp\/v2\/posts\/5764\/revisions"}],"predecessor-version":[{"id":5765,"href":"https:\/\/www.koncevisiontv.cl\/web\/wp-json\/wp\/v2\/posts\/5764\/revisions\/5765"}],"wp:featuredmedia":[{"embeddable":true,"href":"https:\/\/www.koncevisiontv.cl\/web\/wp-json\/wp\/v2\/media\/5766"}],"wp:attachment":[{"href":"https:\/\/www.koncevisiontv.cl\/web\/wp-json\/wp\/v2\/media?parent=5764"}],"wp:term":[{"taxonomy":"category","embeddable":true,"href":"https:\/\/www.koncevisiontv.cl\/web\/wp-json\/wp\/v2\/categories?post=5764"},{"taxonomy":"post_tag","embeddable":true,"href":"https:\/\/www.koncevisiontv.cl\/web\/wp-json\/wp\/v2\/tags?post=5764"}],"curies":[{"name":"wp","href":"https:\/\/api.w.org\/{rel}","templated":true}]}}