{"id":5821,"date":"2025-02-18T19:55:36","date_gmt":"2025-02-18T22:55:36","guid":{"rendered":"https:\/\/www.koncevisiontv.cl\/web\/?p=5821"},"modified":"2025-02-18T19:55:38","modified_gmt":"2025-02-18T22:55:38","slug":"la-candidata-es-toha-y-no-hay-otra","status":"publish","type":"post","link":"https:\/\/www.koncevisiontv.cl\/web\/la-candidata-es-toha-y-no-hay-otra\/","title":{"rendered":"Saavedra (PS) Ante Eventual &#8216;No&#8217; de Bachelet: &#8216;Es Toh\u00e1 y No Hay Otra&#8217;"},"content":{"rendered":"\n<p class=\"wp-block-paragraph\">La <strong>candidatura presidencial centroizquierda Chile <\/strong>sigue siendo un tema central en la pol\u00edtica nacional. El senador del Partido Socialista, Gast\u00f3n Saavedra, afirm\u00f3 que ante un eventual rechazo de Michelle Bachelet a una nueva candidatura, &#8220;es Toh\u00e1 y no hay otra&#8221;.<\/p>\n\n\n\n<p class=\"wp-block-paragraph\">En entrevista con EmolTV, Saavedra destac\u00f3 que Bachelet mantiene una posici\u00f3n aventajada sin necesidad de campa\u00f1a, pero advirti\u00f3 sobre la importancia de consolidar un liderazgo claro para evitar divisiones. &#8220;Tenemos que ser capaces de tener una candidata \u00fanica, un programa s\u00f3lido y una lista parlamentaria unificada&#8221;, se\u00f1al\u00f3.<\/p>\n\n\n\n<p class=\"wp-block-paragraph\">Respecto a las cr\u00edticas sobre una &#8220;derrota generacional&#8221; por un tercer periodo de Bachelet, el senador defendi\u00f3 su figura como un activo pol\u00edtico insustituible. Sin embargo, enfatiz\u00f3 que Carolina Toh\u00e1 representa una alternativa viable si la ex presidenta decide no postular.<\/p>\n\n\n\n<p class=\"wp-block-paragraph\">\u00bfQu\u00e9 opinas sobre esta estrategia? <\/p>\n\n\n\n<p class=\"wp-block-paragraph\"><\/p>\n","protected":false},"excerpt":{"rendered":"<p>La candidatura presidencial centroizquierda Chile sigue siendo un tema central en la pol\u00edtica nacional. El senador del Partido<\/p>\n","protected":false},"author":5,"featured_media":4139,"comment_status":"open","ping_status":"open","sticky":false,"template":"","format":"standard","meta":{"_crdt_document":"","_uag_custom_page_level_css":"","_sitemap_exclude":false,"_sitemap_priority":"","_sitemap_frequency":"","_joinchat":[],"footnotes":""},"categories":[444],"tags":[],"class_list":["post-5821","post","type-post","status-publish","format-standard","has-post-thumbnail","hentry","category-presidenciales2025"],"featured_image_urls":{"full":["https:\/\/www.koncevisiontv.cl\/web\/wp-content\/uploads\/2024\/12\/Caso-Puerto-Coronel-Gaston-Saavedra-y-posible-impacto-en-el-PS-por-Boris-Chamorro.jpg",1270,727,false],"thumbnail":["https:\/\/www.koncevisiontv.cl\/web\/wp-content\/uploads\/2024\/12\/Caso-Puerto-Coronel-Gaston-Saavedra-y-posible-impacto-en-el-PS-por-Boris-Chamorro-150x150.jpg",150,150,true],"medium":["https:\/\/www.koncevisiontv.cl\/web\/wp-content\/uploads\/2024\/12\/Caso-Puerto-Coronel-Gaston-Saavedra-y-posible-impacto-en-el-PS-por-Boris-Chamorro-300x172.jpg",300,172,true],"medium_large":["https:\/\/www.koncevisiontv.cl\/web\/wp-content\/uploads\/2024\/12\/Caso-Puerto-Coronel-Gaston-Saavedra-y-posible-impacto-en-el-PS-por-Boris-Chamorro-768x440.jpg",640,367,true],"large":["https:\/\/www.koncevisiontv.cl\/web\/wp-content\/uploads\/2024\/12\/Caso-Puerto-Coronel-Gaston-Saavedra-y-posible-impacto-en-el-PS-por-Boris-Chamorro-1024x586.jpg",640,366,true],"1536x1536":["https:\/\/www.koncevisiontv.cl\/web\/wp-content\/uploads\/2024\/12\/Caso-Puerto-Coronel-Gaston-Saavedra-y-posible-impacto-en-el-PS-por-Boris-Chamorro.jpg",1270,727,false],"2048x2048":["https:\/\/www.koncevisiontv.cl\/web\/wp-content\/uploads\/2024\/12\/Caso-Puerto-Coronel-Gaston-Saavedra-y-posible-impacto-en-el-PS-por-Boris-Chamorro.jpg",1270,727,false],"darknews-featured":["https:\/\/www.koncevisiontv.cl\/web\/wp-content\/uploads\/2024\/12\/Caso-Puerto-Coronel-Gaston-Saavedra-y-posible-impacto-en-el-PS-por-Boris-Chamorro-1024x586.jpg",1024,586,true],"darknews-large":["https:\/\/www.koncevisiontv.cl\/web\/wp-content\/uploads\/2024\/12\/Caso-Puerto-Coronel-Gaston-Saavedra-y-posible-impacto-en-el-PS-por-Boris-Chamorro-825x575.jpg",825,575,true],"darknews-medium":["https:\/\/www.koncevisiontv.cl\/web\/wp-content\/uploads\/2024\/12\/Caso-Puerto-Coronel-Gaston-Saavedra-y-posible-impacto-en-el-PS-por-Boris-Chamorro-590x410.jpg",590,410,true]},"author_info":{"info":["Web-Master"]},"category_info":"<a href=\"https:\/\/www.koncevisiontv.cl\/web\/category\/presidenciales2025\/\" rel=\"category tag\">Presidenciales2025<\/a>","tag_info":"Presidenciales2025","comment_count":"0","uagb_featured_image_src":{"full":["https:\/\/www.koncevisiontv.cl\/web\/wp-content\/uploads\/2024\/12\/Caso-Puerto-Coronel-Gaston-Saavedra-y-posible-impacto-en-el-PS-por-Boris-Chamorro.jpg",1270,727,false],"thumbnail":["https:\/\/www.koncevisiontv.cl\/web\/wp-content\/uploads\/2024\/12\/Caso-Puerto-Coronel-Gaston-Saavedra-y-posible-impacto-en-el-PS-por-Boris-Chamorro-150x150.jpg",150,150,true],"medium":["https:\/\/www.koncevisiontv.cl\/web\/wp-content\/uploads\/2024\/12\/Caso-Puerto-Coronel-Gaston-Saavedra-y-posible-impacto-en-el-PS-por-Boris-Chamorro-300x172.jpg",300,172,true],"medium_large":["https:\/\/www.koncevisiontv.cl\/web\/wp-content\/uploads\/2024\/12\/Caso-Puerto-Coronel-Gaston-Saavedra-y-posible-impacto-en-el-PS-por-Boris-Chamorro-768x440.jpg",640,367,true],"large":["https:\/\/www.koncevisiontv.cl\/web\/wp-content\/uploads\/2024\/12\/Caso-Puerto-Coronel-Gaston-Saavedra-y-posible-impacto-en-el-PS-por-Boris-Chamorro-1024x586.jpg",640,366,true],"1536x1536":["https:\/\/www.koncevisiontv.cl\/web\/wp-content\/uploads\/2024\/12\/Caso-Puerto-Coronel-Gaston-Saavedra-y-posible-impacto-en-el-PS-por-Boris-Chamorro.jpg",1270,727,false],"2048x2048":["https:\/\/www.koncevisiontv.cl\/web\/wp-content\/uploads\/2024\/12\/Caso-Puerto-Coronel-Gaston-Saavedra-y-posible-impacto-en-el-PS-por-Boris-Chamorro.jpg",1270,727,false],"darknews-featured":["https:\/\/www.koncevisiontv.cl\/web\/wp-content\/uploads\/2024\/12\/Caso-Puerto-Coronel-Gaston-Saavedra-y-posible-impacto-en-el-PS-por-Boris-Chamorro-1024x586.jpg",1024,586,true],"darknews-large":["https:\/\/www.koncevisiontv.cl\/web\/wp-content\/uploads\/2024\/12\/Caso-Puerto-Coronel-Gaston-Saavedra-y-posible-impacto-en-el-PS-por-Boris-Chamorro-825x575.jpg",825,575,true],"darknews-medium":["https:\/\/www.koncevisiontv.cl\/web\/wp-content\/uploads\/2024\/12\/Caso-Puerto-Coronel-Gaston-Saavedra-y-posible-impacto-en-el-PS-por-Boris-Chamorro-590x410.jpg",590,410,true]},"uagb_author_info":{"display_name":"Web-Master","author_link":"https:\/\/www.koncevisiontv.cl\/web\/author\/koncevision\/"},"uagb_comment_info":0,"uagb_excerpt":"La candidatura presidencial centroizquierda Chile sigue siendo un tema central en la pol\u00edtica nacional. El senador del Partido","_links":{"self":[{"href":"https:\/\/www.koncevisiontv.cl\/web\/wp-json\/wp\/v2\/posts\/5821","targetHints":{"allow":["GET"]}}],"collection":[{"href":"https:\/\/www.koncevisiontv.cl\/web\/wp-json\/wp\/v2\/posts"}],"about":[{"href":"https:\/\/www.koncevisiontv.cl\/web\/wp-json\/wp\/v2\/types\/post"}],"author":[{"embeddable":true,"href":"https:\/\/www.koncevisiontv.cl\/web\/wp-json\/wp\/v2\/users\/5"}],"replies":[{"embeddable":true,"href":"https:\/\/www.koncevisiontv.cl\/web\/wp-json\/wp\/v2\/comments?post=5821"}],"version-history":[{"count":1,"href":"https:\/\/www.koncevisiontv.cl\/web\/wp-json\/wp\/v2\/posts\/5821\/revisions"}],"predecessor-version":[{"id":5822,"href":"https:\/\/www.koncevisiontv.cl\/web\/wp-json\/wp\/v2\/posts\/5821\/revisions\/5822"}],"wp:featuredmedia":[{"embeddable":true,"href":"https:\/\/www.koncevisiontv.cl\/web\/wp-json\/wp\/v2\/media\/4139"}],"wp:attachment":[{"href":"https:\/\/www.koncevisiontv.cl\/web\/wp-json\/wp\/v2\/media?parent=5821"}],"wp:term":[{"taxonomy":"category","embeddable":true,"href":"https:\/\/www.koncevisiontv.cl\/web\/wp-json\/wp\/v2\/categories?post=5821"},{"taxonomy":"post_tag","embeddable":true,"href":"https:\/\/www.koncevisiontv.cl\/web\/wp-json\/wp\/v2\/tags?post=5821"}],"curies":[{"name":"wp","href":"https:\/\/api.w.org\/{rel}","templated":true}]}}