{"id":5832,"date":"2025-02-19T17:30:20","date_gmt":"2025-02-19T20:30:20","guid":{"rendered":"https:\/\/www.koncevisiontv.cl\/web\/?p=5832"},"modified":"2025-02-19T17:30:23","modified_gmt":"2025-02-19T20:30:23","slug":"chilenos-robo-deportistas-ee-uu","status":"publish","type":"post","link":"https:\/\/www.koncevisiontv.cl\/web\/chilenos-robo-deportistas-ee-uu\/","title":{"rendered":"Chilenos robo deportistas EE.UU: Capturan a banda que asalt\u00f3 a estrellas de la NFL y NBA"},"content":{"rendered":"\n<div class=\"wp-block-uagb-advanced-heading uagb-block-a578c1c5\"><h2 class=\"uagb-heading-text\">Chilenos robo deportistas EE.UU:<\/h2><\/div>\n\n\n\n<p class=\"wp-block-paragraph\">La fiscal\u00eda de Florida confirm\u00f3 la detenci\u00f3n de siete <strong>chilenos robo deportistas EE.UU<\/strong>, acusados de asaltar casas de jugadores de la <strong>NFL y NBA<\/strong> cuando estos no estaban. Entre las v\u00edctimas estar\u00edan <strong>Patrick Mahomes y Travis Kelce<\/strong>, estrellas de los Kansas City Chiefs. Se estima que la banda sustrajo m\u00e1s de <strong>2 millones de d\u00f3lares<\/strong> en joyas y relojes. Im\u00e1genes revelaron que los delincuentes posaban con lo robado, lo que facilit\u00f3 su identificaci\u00f3n. La fiscal\u00eda busca condenas de hasta <strong>10 a\u00f1os de prisi\u00f3n federal<\/strong>.<\/p>\n","protected":false},"excerpt":{"rendered":"<p>Chilenos robo deportistas EE.UU: La fiscal\u00eda de Florida confirm\u00f3 la detenci\u00f3n de siete chilenos robo deportistas EE.UU, acusados<\/p>\n","protected":false},"author":5,"featured_media":5833,"comment_status":"open","ping_status":"open","sticky":false,"template":"","format":"standard","meta":{"_crdt_document":"","_uag_custom_page_level_css":"","_sitemap_exclude":false,"_sitemap_priority":"","_sitemap_frequency":"","_joinchat":[],"footnotes":""},"categories":[161],"tags":[],"class_list":["post-5832","post","type-post","status-publish","format-standard","has-post-thumbnail","hentry","category-internacional"],"featured_image_urls":{"full":["https:\/\/www.koncevisiontv.cl\/web\/wp-content\/uploads\/2025\/02\/chilenos-acusadois-de-robo-en-eeuu.png",750,400,false],"thumbnail":["https:\/\/www.koncevisiontv.cl\/web\/wp-content\/uploads\/2025\/02\/chilenos-acusadois-de-robo-en-eeuu-150x150.png",150,150,true],"medium":["https:\/\/www.koncevisiontv.cl\/web\/wp-content\/uploads\/2025\/02\/chilenos-acusadois-de-robo-en-eeuu-300x160.png",300,160,true],"medium_large":["https:\/\/www.koncevisiontv.cl\/web\/wp-content\/uploads\/2025\/02\/chilenos-acusadois-de-robo-en-eeuu.png",640,341,false],"large":["https:\/\/www.koncevisiontv.cl\/web\/wp-content\/uploads\/2025\/02\/chilenos-acusadois-de-robo-en-eeuu.png",640,341,false],"1536x1536":["https:\/\/www.koncevisiontv.cl\/web\/wp-content\/uploads\/2025\/02\/chilenos-acusadois-de-robo-en-eeuu.png",750,400,false],"2048x2048":["https:\/\/www.koncevisiontv.cl\/web\/wp-content\/uploads\/2025\/02\/chilenos-acusadois-de-robo-en-eeuu.png",750,400,false],"darknews-featured":["https:\/\/www.koncevisiontv.cl\/web\/wp-content\/uploads\/2025\/02\/chilenos-acusadois-de-robo-en-eeuu.png",750,400,false],"darknews-large":["https:\/\/www.koncevisiontv.cl\/web\/wp-content\/uploads\/2025\/02\/chilenos-acusadois-de-robo-en-eeuu.png",750,400,false],"darknews-medium":["https:\/\/www.koncevisiontv.cl\/web\/wp-content\/uploads\/2025\/02\/chilenos-acusadois-de-robo-en-eeuu-590x400.png",590,400,true]},"author_info":{"info":["Web-Master"]},"category_info":"<a href=\"https:\/\/www.koncevisiontv.cl\/web\/category\/internacional\/\" rel=\"category tag\">Internacional<\/a>","tag_info":"Internacional","comment_count":"0","uagb_featured_image_src":{"full":["https:\/\/www.koncevisiontv.cl\/web\/wp-content\/uploads\/2025\/02\/chilenos-acusadois-de-robo-en-eeuu.png",750,400,false],"thumbnail":["https:\/\/www.koncevisiontv.cl\/web\/wp-content\/uploads\/2025\/02\/chilenos-acusadois-de-robo-en-eeuu-150x150.png",150,150,true],"medium":["https:\/\/www.koncevisiontv.cl\/web\/wp-content\/uploads\/2025\/02\/chilenos-acusadois-de-robo-en-eeuu-300x160.png",300,160,true],"medium_large":["https:\/\/www.koncevisiontv.cl\/web\/wp-content\/uploads\/2025\/02\/chilenos-acusadois-de-robo-en-eeuu.png",640,341,false],"large":["https:\/\/www.koncevisiontv.cl\/web\/wp-content\/uploads\/2025\/02\/chilenos-acusadois-de-robo-en-eeuu.png",640,341,false],"1536x1536":["https:\/\/www.koncevisiontv.cl\/web\/wp-content\/uploads\/2025\/02\/chilenos-acusadois-de-robo-en-eeuu.png",750,400,false],"2048x2048":["https:\/\/www.koncevisiontv.cl\/web\/wp-content\/uploads\/2025\/02\/chilenos-acusadois-de-robo-en-eeuu.png",750,400,false],"darknews-featured":["https:\/\/www.koncevisiontv.cl\/web\/wp-content\/uploads\/2025\/02\/chilenos-acusadois-de-robo-en-eeuu.png",750,400,false],"darknews-large":["https:\/\/www.koncevisiontv.cl\/web\/wp-content\/uploads\/2025\/02\/chilenos-acusadois-de-robo-en-eeuu.png",750,400,false],"darknews-medium":["https:\/\/www.koncevisiontv.cl\/web\/wp-content\/uploads\/2025\/02\/chilenos-acusadois-de-robo-en-eeuu-590x400.png",590,400,true]},"uagb_author_info":{"display_name":"Web-Master","author_link":"https:\/\/www.koncevisiontv.cl\/web\/author\/koncevision\/"},"uagb_comment_info":0,"uagb_excerpt":"Chilenos robo deportistas EE.UU: La fiscal\u00eda de Florida confirm\u00f3 la detenci\u00f3n de siete chilenos robo deportistas EE.UU, acusados","_links":{"self":[{"href":"https:\/\/www.koncevisiontv.cl\/web\/wp-json\/wp\/v2\/posts\/5832","targetHints":{"allow":["GET"]}}],"collection":[{"href":"https:\/\/www.koncevisiontv.cl\/web\/wp-json\/wp\/v2\/posts"}],"about":[{"href":"https:\/\/www.koncevisiontv.cl\/web\/wp-json\/wp\/v2\/types\/post"}],"author":[{"embeddable":true,"href":"https:\/\/www.koncevisiontv.cl\/web\/wp-json\/wp\/v2\/users\/5"}],"replies":[{"embeddable":true,"href":"https:\/\/www.koncevisiontv.cl\/web\/wp-json\/wp\/v2\/comments?post=5832"}],"version-history":[{"count":1,"href":"https:\/\/www.koncevisiontv.cl\/web\/wp-json\/wp\/v2\/posts\/5832\/revisions"}],"predecessor-version":[{"id":5834,"href":"https:\/\/www.koncevisiontv.cl\/web\/wp-json\/wp\/v2\/posts\/5832\/revisions\/5834"}],"wp:featuredmedia":[{"embeddable":true,"href":"https:\/\/www.koncevisiontv.cl\/web\/wp-json\/wp\/v2\/media\/5833"}],"wp:attachment":[{"href":"https:\/\/www.koncevisiontv.cl\/web\/wp-json\/wp\/v2\/media?parent=5832"}],"wp:term":[{"taxonomy":"category","embeddable":true,"href":"https:\/\/www.koncevisiontv.cl\/web\/wp-json\/wp\/v2\/categories?post=5832"},{"taxonomy":"post_tag","embeddable":true,"href":"https:\/\/www.koncevisiontv.cl\/web\/wp-json\/wp\/v2\/tags?post=5832"}],"curies":[{"name":"wp","href":"https:\/\/api.w.org\/{rel}","templated":true}]}}