{"id":6389,"date":"2025-03-14T13:35:58","date_gmt":"2025-03-14T16:35:58","guid":{"rendered":"https:\/\/www.koncevisiontv.cl\/web\/?p=6389"},"modified":"2025-03-14T15:27:25","modified_gmt":"2025-03-14T18:27:25","slug":"denuncian-venta-ilegal-de-licencias-de-conducir-en-concepcion","status":"publish","type":"post","link":"https:\/\/www.koncevisiontv.cl\/web\/denuncian-venta-ilegal-de-licencias-de-conducir-en-concepcion\/","title":{"rendered":"Alcalde de Concepci\u00f3n Denuncia Venta Ilegal de Licencias de Conducir en su Municipio: Suspensi\u00f3n de Funcionario y Apertura de Investigaci\u00f3n"},"content":{"rendered":"\n<p class=\"wp-block-paragraph\">Una grave denuncia por la <strong>venta ilegal de licencias de conducir <\/strong>ha sacudido a la <strong>Direcci\u00f3n de Tr\u00e1nsito de la Municipalidad de Concepci\u00f3n <\/strong>, generando una crisis institucional que ya llev\u00f3 a la suspensi\u00f3n del jefe de la Unidad de Licencia de Conducir, <strong>Pedro Vera <\/strong>, y pone en la mira a otros seis funcionarios de la repartici\u00f3n. El alcalde <strong>H\u00e9ctor Mu\u00f1oz <\/strong>orden\u00f3 la apertura de un <strong>sumario administrativo <\/strong>tras recibir antecedentes que vinculan estas irregularidades con pr\u00e1cticas arrastradas desde la anterior administraci\u00f3n municipal, liderada por el exalcalde <strong>\u00c1lvaro Ortiz <\/strong>.<\/p>\n\n\n\n<hr class=\"wp-block-separator has-alpha-channel-opacity\"\/>\n\n\n\n<h3 class=\"wp-block-heading\"><strong>Los Hechos Denunciados<\/strong><\/h3>\n\n\n\n<p class=\"wp-block-paragraph\">La investigaci\u00f3n interna, liderada por el fiscal <strong>Rodrigo D\u00edaz <\/strong>, revel\u00f3 indicios de que el proceso para otorgar licencias de conducir habr\u00eda sido manipulado, permitiendo que personas no aptas obtuvieran permisos de manejo mediante pagos irregulares.<\/p>\n\n\n\n<p class=\"wp-block-paragraph\">Seg\u00fan los antecedentes preliminares:<\/p>\n\n\n\n<ul class=\"wp-block-list\">\n<li><strong>Pedro Vera <\/strong>, jefe de la Unidad de Licencia de Conducir, fue suspendido de sus funciones tras ser se\u00f1alado como uno de los principales implicados en el caso.<\/li>\n\n\n\n<li>Se identificaron anomal\u00edas en los registros de tr\u00e1mites de licencias, incluyendo la emisi\u00f3n de documentos sin cumplir requisitos legales.<\/li>\n\n\n\n<li>La denuncia sugiere que esta pr\u00e1ctica irregular podr\u00eda haberse extendido durante a\u00f1os, abarcando la gesti\u00f3n del exalcalde <strong>\u00c1lvaro Ortiz <\/strong>, con quien Vera manten\u00eda una cercana relaci\u00f3n pol\u00edtica dentro de la <strong>Democracia Cristiana (DC) <\/strong>.<\/li>\n<\/ul>\n\n\n\n<p class=\"wp-block-paragraph\">El alcalde <strong>H\u00e9ctor Mu\u00f1oz <\/strong>confirm\u00f3 que se trata de un caso grave que compromete la integridad del municipio y anunci\u00f3 que no habr\u00e1 tolerancia ante actos de corrupci\u00f3n.<\/p>\n\n\n\n<blockquote class=\"wp-block-quote is-layout-flow wp-block-quote-is-layout-flow\">\n<p class=\"wp-block-paragraph\">\u201cNo vamos a permitir que se utilicen recursos p\u00fablicos ni documentos oficiales para beneficio personal. Esta investigaci\u00f3n ser\u00e1 exhaustiva y transparente,\u201d declar\u00f3 Mu\u00f1oz.<\/p>\n<\/blockquote>\n\n\n\n<hr class=\"wp-block-separator has-alpha-channel-opacity\"\/>\n\n\n\n<h3 class=\"wp-block-heading\"><strong>Arista Penal y Sumario Administrativo<\/strong><\/h3>\n\n\n\n<p class=\"wp-block-paragraph\">Adem\u00e1s del sumario interno, el caso tiene una <strong>arista penal <\/strong>abierta en el <strong>Ministerio P\u00fablico <\/strong>, luego de que el alcalde presentara una <strong>denuncia criminal <\/strong>formal contra los involucrados.<\/p>\n\n\n\n<p class=\"wp-block-paragraph\">El fiscal a cargo de la investigaci\u00f3n administrativa, <strong>Rodrigo D\u00edaz <\/strong>, destac\u00f3 que los hallazgos preliminares apuntan a una red de complicidad dentro de la Direcci\u00f3n de Tr\u00e1nsito, lo que ampl\u00eda el espectro de responsabilidades m\u00e1s all\u00e1 de Pedro Vera.<\/p>\n\n\n\n<blockquote class=\"wp-block-quote is-layout-flow wp-block-quote-is-layout-flow\">\n<p class=\"wp-block-paragraph\">\u201cEstamos hablando de un esquema que podr\u00eda haber operado durante a\u00f1os, afectando la seguridad vial y la confianza p\u00fablica en el sistema de otorgamiento de licencias,\u201d se\u00f1al\u00f3 D\u00edaz.<\/p>\n<\/blockquote>\n\n\n\n<p class=\"wp-block-paragraph\">Por su parte, fuentes cercanas al caso indicaron que las irregularidades podr\u00edan haber comenzado durante la administraci\u00f3n de <strong>\u00c1lvaro Ortiz <\/strong>, quien mantuvo una estrecha relaci\u00f3n con Pedro Vera, tanto laboral como pol\u00edtica.<\/p>\n\n\n\n<hr class=\"wp-block-separator has-alpha-channel-opacity\"\/>\n\n\n\n<h3 class=\"wp-block-heading\"><strong>Funcionarios en la Mira<\/strong><\/h3>\n\n\n\n<p class=\"wp-block-paragraph\">Adem\u00e1s de Pedro Vera, otros <strong>seis funcionarios <\/strong>de la Direcci\u00f3n de Tr\u00e1nsito est\u00e1n siendo investigados por su posible participaci\u00f3n en el caso. Aunque a\u00fan no han sido suspendidos, podr\u00edan enfrentar sanciones administrativas o procesos penales dependiendo de los resultados de la investigaci\u00f3n.<\/p>\n\n\n\n<p class=\"wp-block-paragraph\">Entre las pr\u00e1cticas denunciadas se encuentran:<\/p>\n\n\n\n<ul class=\"wp-block-list\">\n<li>La entrega de licencias a personas que no aprobaron los ex\u00e1menes m\u00e9dicos o te\u00f3rico-pr\u00e1cticos.<\/li>\n\n\n\n<li>El cobro de sobornos para agilizar tr\u00e1mites o evitar controles.<\/li>\n\n\n\n<li>La falsificaci\u00f3n de documentos para justificar la emisi\u00f3n irregular de licencias.<\/li>\n<\/ul>\n\n\n\n<hr class=\"wp-block-separator has-alpha-channel-opacity\"\/>\n\n\n\n<h3 class=\"wp-block-heading\"><strong>Reacciones Pol\u00edticas y P\u00fablicas<\/strong><\/h3>\n\n\n\n<p class=\"wp-block-paragraph\">La denuncia ha generado reacciones en el \u00e1mbito pol\u00edtico y entre la ciudadan\u00eda. Representantes locales de la oposici\u00f3n han exigido transparencia y celeridad en las investigaciones, mientras que l\u00edderes de la <strong>Democracia Cristiana <\/strong>han intentado desmarcarse del caso, argumentando que estos hechos no representan los valores del partido.<\/p>\n\n\n\n<p class=\"wp-block-paragraph\">Por otro lado, usuarios en redes sociales han criticado duramente la situaci\u00f3n, se\u00f1alando que la venta ilegal de licencias pone en riesgo la seguridad vial de toda la comunidad.<\/p>\n\n\n\n<hr class=\"wp-block-separator has-alpha-channel-opacity\"\/>\n\n\n\n<h3 class=\"wp-block-heading\"><strong>Pr\u00f3ximos Pasos<\/strong><\/h3>\n\n\n\n<p class=\"wp-block-paragraph\">El sumario administrativo continuar\u00e1 su curso para determinar las responsabilidades individuales y establecer medidas correctivas dentro de la Direcci\u00f3n de Tr\u00e1nsito. Paralelamente, el Ministerio P\u00fablico profundizar\u00e1 la investigaci\u00f3n penal para identificar a todos los involucrados y determinar si existen v\u00ednculos con otras instancias pol\u00edticas o administrativas.<\/p>\n\n\n\n<p class=\"wp-block-paragraph\">El alcalde <strong>H\u00e9ctor Mu\u00f1oz <\/strong>asegur\u00f3 que implementar\u00e1 mecanismos de control m\u00e1s estrictos para evitar que este tipo de irregularidades vuelvan a ocurrir, incluyendo auditor\u00edas externas y digitalizaci\u00f3n de tr\u00e1mites.<\/p>\n","protected":false},"excerpt":{"rendered":"<p>Una grave denuncia por la venta ilegal de licencias de conducir ha sacudido a la Direcci\u00f3n de Tr\u00e1nsito<\/p>\n","protected":false},"author":5,"featured_media":6390,"comment_status":"open","ping_status":"open","sticky":false,"template":"","format":"standard","meta":{"_crdt_document":"","_uag_custom_page_level_css":"","_sitemap_exclude":false,"_sitemap_priority":"","_sitemap_frequency":"","_joinchat":[],"footnotes":""},"categories":[430,1,226,14],"tags":[],"class_list":["post-6389","post","type-post","status-publish","format-standard","has-post-thumbnail","hentry","category-alcalde-de-concepion","category-bio-bio","category-concepcion","category-nacional"],"featured_image_urls":{"full":["https:\/\/www.koncevisiontv.cl\/web\/wp-content\/uploads\/2025\/03\/venta-de-licencias-de-conducir-municipalidad-de-concepcion.webp",1920,1079,false],"thumbnail":["https:\/\/www.koncevisiontv.cl\/web\/wp-content\/uploads\/2025\/03\/venta-de-licencias-de-conducir-municipalidad-de-concepcion-150x150.webp",150,150,true],"medium":["https:\/\/www.koncevisiontv.cl\/web\/wp-content\/uploads\/2025\/03\/venta-de-licencias-de-conducir-municipalidad-de-concepcion-300x169.webp",300,169,true],"medium_large":["https:\/\/www.koncevisiontv.cl\/web\/wp-content\/uploads\/2025\/03\/venta-de-licencias-de-conducir-municipalidad-de-concepcion-768x432.webp",640,360,true],"large":["https:\/\/www.koncevisiontv.cl\/web\/wp-content\/uploads\/2025\/03\/venta-de-licencias-de-conducir-municipalidad-de-concepcion-1024x575.webp",640,359,true],"1536x1536":["https:\/\/www.koncevisiontv.cl\/web\/wp-content\/uploads\/2025\/03\/venta-de-licencias-de-conducir-municipalidad-de-concepcion-1536x863.webp",1536,863,true],"2048x2048":["https:\/\/www.koncevisiontv.cl\/web\/wp-content\/uploads\/2025\/03\/venta-de-licencias-de-conducir-municipalidad-de-concepcion.webp",1920,1079,false],"darknews-featured":["https:\/\/www.koncevisiontv.cl\/web\/wp-content\/uploads\/2025\/03\/venta-de-licencias-de-conducir-municipalidad-de-concepcion-1024x575.webp",1024,575,true],"darknews-large":["https:\/\/www.koncevisiontv.cl\/web\/wp-content\/uploads\/2025\/03\/venta-de-licencias-de-conducir-municipalidad-de-concepcion-825x575.webp",825,575,true],"darknews-medium":["https:\/\/www.koncevisiontv.cl\/web\/wp-content\/uploads\/2025\/03\/venta-de-licencias-de-conducir-municipalidad-de-concepcion-590x410.webp",590,410,true]},"author_info":{"info":["Web-Master"]},"category_info":"<a href=\"https:\/\/www.koncevisiontv.cl\/web\/category\/alcalde-de-concepion\/\" rel=\"category tag\">Alcalde De Concepi\u00f3n<\/a> <a href=\"https:\/\/www.koncevisiontv.cl\/web\/category\/bio-bio\/\" rel=\"category tag\">Bio-B\u00edo<\/a> <a href=\"https:\/\/www.koncevisiontv.cl\/web\/category\/concepcion\/\" rel=\"category tag\">Concepcion<\/a> <a href=\"https:\/\/www.koncevisiontv.cl\/web\/category\/nacional\/\" rel=\"category tag\">Nacional<\/a>","tag_info":"Nacional","comment_count":"0","uagb_featured_image_src":{"full":["https:\/\/www.koncevisiontv.cl\/web\/wp-content\/uploads\/2025\/03\/venta-de-licencias-de-conducir-municipalidad-de-concepcion.webp",1920,1079,false],"thumbnail":["https:\/\/www.koncevisiontv.cl\/web\/wp-content\/uploads\/2025\/03\/venta-de-licencias-de-conducir-municipalidad-de-concepcion-150x150.webp",150,150,true],"medium":["https:\/\/www.koncevisiontv.cl\/web\/wp-content\/uploads\/2025\/03\/venta-de-licencias-de-conducir-municipalidad-de-concepcion-300x169.webp",300,169,true],"medium_large":["https:\/\/www.koncevisiontv.cl\/web\/wp-content\/uploads\/2025\/03\/venta-de-licencias-de-conducir-municipalidad-de-concepcion-768x432.webp",640,360,true],"large":["https:\/\/www.koncevisiontv.cl\/web\/wp-content\/uploads\/2025\/03\/venta-de-licencias-de-conducir-municipalidad-de-concepcion-1024x575.webp",640,359,true],"1536x1536":["https:\/\/www.koncevisiontv.cl\/web\/wp-content\/uploads\/2025\/03\/venta-de-licencias-de-conducir-municipalidad-de-concepcion-1536x863.webp",1536,863,true],"2048x2048":["https:\/\/www.koncevisiontv.cl\/web\/wp-content\/uploads\/2025\/03\/venta-de-licencias-de-conducir-municipalidad-de-concepcion.webp",1920,1079,false],"darknews-featured":["https:\/\/www.koncevisiontv.cl\/web\/wp-content\/uploads\/2025\/03\/venta-de-licencias-de-conducir-municipalidad-de-concepcion-1024x575.webp",1024,575,true],"darknews-large":["https:\/\/www.koncevisiontv.cl\/web\/wp-content\/uploads\/2025\/03\/venta-de-licencias-de-conducir-municipalidad-de-concepcion-825x575.webp",825,575,true],"darknews-medium":["https:\/\/www.koncevisiontv.cl\/web\/wp-content\/uploads\/2025\/03\/venta-de-licencias-de-conducir-municipalidad-de-concepcion-590x410.webp",590,410,true]},"uagb_author_info":{"display_name":"Web-Master","author_link":"https:\/\/www.koncevisiontv.cl\/web\/author\/koncevision\/"},"uagb_comment_info":0,"uagb_excerpt":"Una grave denuncia por la venta ilegal de licencias de conducir ha sacudido a la Direcci\u00f3n de Tr\u00e1nsito","_links":{"self":[{"href":"https:\/\/www.koncevisiontv.cl\/web\/wp-json\/wp\/v2\/posts\/6389","targetHints":{"allow":["GET"]}}],"collection":[{"href":"https:\/\/www.koncevisiontv.cl\/web\/wp-json\/wp\/v2\/posts"}],"about":[{"href":"https:\/\/www.koncevisiontv.cl\/web\/wp-json\/wp\/v2\/types\/post"}],"author":[{"embeddable":true,"href":"https:\/\/www.koncevisiontv.cl\/web\/wp-json\/wp\/v2\/users\/5"}],"replies":[{"embeddable":true,"href":"https:\/\/www.koncevisiontv.cl\/web\/wp-json\/wp\/v2\/comments?post=6389"}],"version-history":[{"count":1,"href":"https:\/\/www.koncevisiontv.cl\/web\/wp-json\/wp\/v2\/posts\/6389\/revisions"}],"predecessor-version":[{"id":6391,"href":"https:\/\/www.koncevisiontv.cl\/web\/wp-json\/wp\/v2\/posts\/6389\/revisions\/6391"}],"wp:featuredmedia":[{"embeddable":true,"href":"https:\/\/www.koncevisiontv.cl\/web\/wp-json\/wp\/v2\/media\/6390"}],"wp:attachment":[{"href":"https:\/\/www.koncevisiontv.cl\/web\/wp-json\/wp\/v2\/media?parent=6389"}],"wp:term":[{"taxonomy":"category","embeddable":true,"href":"https:\/\/www.koncevisiontv.cl\/web\/wp-json\/wp\/v2\/categories?post=6389"},{"taxonomy":"post_tag","embeddable":true,"href":"https:\/\/www.koncevisiontv.cl\/web\/wp-json\/wp\/v2\/tags?post=6389"}],"curies":[{"name":"wp","href":"https:\/\/api.w.org\/{rel}","templated":true}]}}