{"id":6392,"date":"2025-03-14T14:18:44","date_gmt":"2025-03-14T17:18:44","guid":{"rendered":"https:\/\/www.koncevisiontv.cl\/web\/?p=6392"},"modified":"2025-03-14T14:18:47","modified_gmt":"2025-03-14T17:18:47","slug":"detienen-a-dos-venezolanos-por-secuestro-de-nina-y-su-madre-en-conchali","status":"publish","type":"post","link":"https:\/\/www.koncevisiontv.cl\/web\/detienen-a-dos-venezolanos-por-secuestro-de-nina-y-su-madre-en-conchali\/","title":{"rendered":"Detienen a Dos Venezolanos por Secuestro de Ni\u00f1a y su Madre en Conchal\u00ed"},"content":{"rendered":"\n<p class=\"wp-block-paragraph\">Dos ciudadanos de nacionalidad venezolana fueron detenidos tras una intensa investigaci\u00f3n policial que permiti\u00f3 rescatar con vida a una ni\u00f1a de <strong>7 a\u00f1os <\/strong>y su madre, tras el secuestro en la tarde del jueves en la comuna de <strong>Conchal\u00ed <\/strong>. El operativo, liderado por la <strong>Polic\u00eda de Investigaciones (PDI) <\/strong>, logr\u00f3 localizar a las v\u00edctimas en la comuna de <strong>Estaci\u00f3n Central <\/strong>, donde se encontraban en buen estado de salud.<\/p>\n\n\n\n<hr class=\"wp-block-separator has-alpha-channel-opacity\"\/>\n\n\n\n<h3 class=\"wp-block-heading\"><strong>El Ataque y el Secuestro<\/strong><\/h3>\n\n\n\n<p class=\"wp-block-paragraph\">El hecho ocurri\u00f3 alrededor de las <strong>16:00 horas <\/strong>del jueves, cuando la familia fue interceptada por <strong>dos hombres y una mujer <\/strong>en Conchal\u00ed. Los agresores atacaron violentamente al padre de la menor con un <strong>arma blanca <\/strong>, dej\u00e1ndolo herido, antes de escapar con la ni\u00f1a y su madre en un veh\u00edculo no identificado.<\/p>\n\n\n\n<p class=\"wp-block-paragraph\">La r\u00e1pida acci\u00f3n de la PDI permiti\u00f3 ubicar a las v\u00edctimas en menos de 24 horas. La menor fue trasladada a una comisar\u00eda en <strong>\u00d1u\u00f1oa <\/strong>, donde recibi\u00f3 atenci\u00f3n m\u00e9dica y se someti\u00f3 a los ex\u00e1menes de rigor para descartar da\u00f1os f\u00edsicos o psicol\u00f3gicos mayores. Su madre tambi\u00e9n fue encontrada sana y salva junto a ella.<\/p>\n\n\n\n<hr class=\"wp-block-separator has-alpha-channel-opacity\"\/>\n\n\n\n<h3 class=\"wp-block-heading\"><strong>Antecedentes Preocupantes: Secuestro Previo del Padre<\/strong><\/h3>\n\n\n\n<p class=\"wp-block-paragraph\">Durante las investigaciones posteriores, se confirm\u00f3 que el padre de la menor ya hab\u00eda sido v\u00edctima de un <strong>secuestro <\/strong>en d\u00edas previos. Seg\u00fan informes de <strong>Radio B\u00edo B\u00edo <\/strong>, este hecho podr\u00eda estar relacionado con el ataque m\u00e1s reciente, aunque a\u00fan no se han establecido conexiones definitivas.<\/p>\n\n\n\n<p class=\"wp-block-paragraph\">Adem\u00e1s, se revel\u00f3 que la vivienda de la familia hab\u00eda sido objeto de un <strong>allanamiento antidrogas <\/strong>en d\u00edas anteriores, lo que ha generado especulaciones sobre posibles v\u00ednculos entre el caso y actividades il\u00edcitas. Sin embargo, las autoridades a\u00fan no han confirmado si este detalle est\u00e1 directamente relacionado con el secuestro.<\/p>\n\n\n\n<hr class=\"wp-block-separator has-alpha-channel-opacity\"\/>\n\n\n\n<h3 class=\"wp-block-heading\"><strong>Detenci\u00f3n de los Sospechosos<\/strong><\/h3>\n\n\n\n<p class=\"wp-block-paragraph\">Tras un exhaustivo trabajo de inteligencia y seguimiento, la PDI logr\u00f3 identificar y detener a <strong>dos ciudadanos venezolanos <\/strong>como los principales responsables del secuestro. Las autoridades contin\u00faan buscando a una tercera persona involucrada, una mujer que formaba parte del grupo que perpetr\u00f3 el ataque.<\/p>\n\n\n\n<p class=\"wp-block-paragraph\">Los detenidos ser\u00e1n formalizados en las pr\u00f3ximas horas y enfrentar\u00e1n cargos por <strong>secuestro, lesiones graves y otros delitos relacionados con el caso <\/strong>. La fiscal\u00eda ya ha solicitado medidas cautelares extremas, incluyendo prisi\u00f3n preventiva, para garantizar la seguridad de las v\u00edctimas y evitar cualquier riesgo de fuga.<\/p>\n\n\n\n<hr class=\"wp-block-separator has-alpha-channel-opacity\"\/>\n\n\n\n<h3 class=\"wp-block-heading\"><strong>Reacciones y Contexto Social<\/strong><\/h3>\n\n\n\n<p class=\"wp-block-paragraph\">Este caso ha generado gran preocupaci\u00f3n en la comunidad de Conchal\u00ed y sectores aleda\u00f1os, donde los habitantes han expresado temor ante el aumento de actos violentos.<\/p>\n\n\n\n<p class=\"wp-block-paragraph\">El secuestro de menores es un delito especialmente grave en Chile, y las autoridades han reiterado su compromiso de aplicar todo el peso de la ley contra quienes lo perpetran. En este sentido, la rapidez con la que se resolvi\u00f3 el caso ha sido destacada como un ejemplo de coordinaci\u00f3n efectiva entre las fuerzas policiales y el sistema judicial.<\/p>\n","protected":false},"excerpt":{"rendered":"<p>Dos ciudadanos de nacionalidad venezolana fueron detenidos tras una intensa investigaci\u00f3n policial que permiti\u00f3 rescatar con vida a<\/p>\n","protected":false},"author":5,"featured_media":6393,"comment_status":"open","ping_status":"open","sticky":false,"template":"","format":"standard","meta":{"_crdt_document":"","_uag_custom_page_level_css":"","_sitemap_exclude":false,"_sitemap_priority":"","_sitemap_frequency":"","_joinchat":[],"footnotes":""},"categories":[14],"tags":[],"class_list":["post-6392","post","type-post","status-publish","format-standard","has-post-thumbnail","hentry","category-nacional"],"featured_image_urls":{"full":["https:\/\/www.koncevisiontv.cl\/web\/wp-content\/uploads\/2025\/03\/Detienen-a-Dos-Venezolanos-por-Secuestro-de-Nina-y-su-Madre-en-Conchali.avif",1023,682,false],"thumbnail":["https:\/\/www.koncevisiontv.cl\/web\/wp-content\/uploads\/2025\/03\/Detienen-a-Dos-Venezolanos-por-Secuestro-de-Nina-y-su-Madre-en-Conchali-150x150.avif",150,150,true],"medium":["https:\/\/www.koncevisiontv.cl\/web\/wp-content\/uploads\/2025\/03\/Detienen-a-Dos-Venezolanos-por-Secuestro-de-Nina-y-su-Madre-en-Conchali-300x200.avif",300,200,true],"medium_large":["https:\/\/www.koncevisiontv.cl\/web\/wp-content\/uploads\/2025\/03\/Detienen-a-Dos-Venezolanos-por-Secuestro-de-Nina-y-su-Madre-en-Conchali-768x512.avif",640,427,true],"large":["https:\/\/www.koncevisiontv.cl\/web\/wp-content\/uploads\/2025\/03\/Detienen-a-Dos-Venezolanos-por-Secuestro-de-Nina-y-su-Madre-en-Conchali.avif",640,427,false],"1536x1536":["https:\/\/www.koncevisiontv.cl\/web\/wp-content\/uploads\/2025\/03\/Detienen-a-Dos-Venezolanos-por-Secuestro-de-Nina-y-su-Madre-en-Conchali.avif",1023,682,false],"2048x2048":["https:\/\/www.koncevisiontv.cl\/web\/wp-content\/uploads\/2025\/03\/Detienen-a-Dos-Venezolanos-por-Secuestro-de-Nina-y-su-Madre-en-Conchali.avif",1023,682,false],"darknews-featured":["https:\/\/www.koncevisiontv.cl\/web\/wp-content\/uploads\/2025\/03\/Detienen-a-Dos-Venezolanos-por-Secuestro-de-Nina-y-su-Madre-en-Conchali.avif",1023,682,false],"darknews-large":["https:\/\/www.koncevisiontv.cl\/web\/wp-content\/uploads\/2025\/03\/Detienen-a-Dos-Venezolanos-por-Secuestro-de-Nina-y-su-Madre-en-Conchali-825x575.avif",825,575,true],"darknews-medium":["https:\/\/www.koncevisiontv.cl\/web\/wp-content\/uploads\/2025\/03\/Detienen-a-Dos-Venezolanos-por-Secuestro-de-Nina-y-su-Madre-en-Conchali-590x410.avif",590,410,true]},"author_info":{"info":["Web-Master"]},"category_info":"<a href=\"https:\/\/www.koncevisiontv.cl\/web\/category\/nacional\/\" rel=\"category tag\">Nacional<\/a>","tag_info":"Nacional","comment_count":"0","uagb_featured_image_src":{"full":["https:\/\/www.koncevisiontv.cl\/web\/wp-content\/uploads\/2025\/03\/Detienen-a-Dos-Venezolanos-por-Secuestro-de-Nina-y-su-Madre-en-Conchali.avif",1023,682,false],"thumbnail":["https:\/\/www.koncevisiontv.cl\/web\/wp-content\/uploads\/2025\/03\/Detienen-a-Dos-Venezolanos-por-Secuestro-de-Nina-y-su-Madre-en-Conchali-150x150.avif",150,150,true],"medium":["https:\/\/www.koncevisiontv.cl\/web\/wp-content\/uploads\/2025\/03\/Detienen-a-Dos-Venezolanos-por-Secuestro-de-Nina-y-su-Madre-en-Conchali-300x200.avif",300,200,true],"medium_large":["https:\/\/www.koncevisiontv.cl\/web\/wp-content\/uploads\/2025\/03\/Detienen-a-Dos-Venezolanos-por-Secuestro-de-Nina-y-su-Madre-en-Conchali-768x512.avif",640,427,true],"large":["https:\/\/www.koncevisiontv.cl\/web\/wp-content\/uploads\/2025\/03\/Detienen-a-Dos-Venezolanos-por-Secuestro-de-Nina-y-su-Madre-en-Conchali.avif",640,427,false],"1536x1536":["https:\/\/www.koncevisiontv.cl\/web\/wp-content\/uploads\/2025\/03\/Detienen-a-Dos-Venezolanos-por-Secuestro-de-Nina-y-su-Madre-en-Conchali.avif",1023,682,false],"2048x2048":["https:\/\/www.koncevisiontv.cl\/web\/wp-content\/uploads\/2025\/03\/Detienen-a-Dos-Venezolanos-por-Secuestro-de-Nina-y-su-Madre-en-Conchali.avif",1023,682,false],"darknews-featured":["https:\/\/www.koncevisiontv.cl\/web\/wp-content\/uploads\/2025\/03\/Detienen-a-Dos-Venezolanos-por-Secuestro-de-Nina-y-su-Madre-en-Conchali.avif",1023,682,false],"darknews-large":["https:\/\/www.koncevisiontv.cl\/web\/wp-content\/uploads\/2025\/03\/Detienen-a-Dos-Venezolanos-por-Secuestro-de-Nina-y-su-Madre-en-Conchali-825x575.avif",825,575,true],"darknews-medium":["https:\/\/www.koncevisiontv.cl\/web\/wp-content\/uploads\/2025\/03\/Detienen-a-Dos-Venezolanos-por-Secuestro-de-Nina-y-su-Madre-en-Conchali-590x410.avif",590,410,true]},"uagb_author_info":{"display_name":"Web-Master","author_link":"https:\/\/www.koncevisiontv.cl\/web\/author\/koncevision\/"},"uagb_comment_info":0,"uagb_excerpt":"Dos ciudadanos de nacionalidad venezolana fueron detenidos tras una intensa investigaci\u00f3n policial que permiti\u00f3 rescatar con vida a","_links":{"self":[{"href":"https:\/\/www.koncevisiontv.cl\/web\/wp-json\/wp\/v2\/posts\/6392","targetHints":{"allow":["GET"]}}],"collection":[{"href":"https:\/\/www.koncevisiontv.cl\/web\/wp-json\/wp\/v2\/posts"}],"about":[{"href":"https:\/\/www.koncevisiontv.cl\/web\/wp-json\/wp\/v2\/types\/post"}],"author":[{"embeddable":true,"href":"https:\/\/www.koncevisiontv.cl\/web\/wp-json\/wp\/v2\/users\/5"}],"replies":[{"embeddable":true,"href":"https:\/\/www.koncevisiontv.cl\/web\/wp-json\/wp\/v2\/comments?post=6392"}],"version-history":[{"count":1,"href":"https:\/\/www.koncevisiontv.cl\/web\/wp-json\/wp\/v2\/posts\/6392\/revisions"}],"predecessor-version":[{"id":6394,"href":"https:\/\/www.koncevisiontv.cl\/web\/wp-json\/wp\/v2\/posts\/6392\/revisions\/6394"}],"wp:featuredmedia":[{"embeddable":true,"href":"https:\/\/www.koncevisiontv.cl\/web\/wp-json\/wp\/v2\/media\/6393"}],"wp:attachment":[{"href":"https:\/\/www.koncevisiontv.cl\/web\/wp-json\/wp\/v2\/media?parent=6392"}],"wp:term":[{"taxonomy":"category","embeddable":true,"href":"https:\/\/www.koncevisiontv.cl\/web\/wp-json\/wp\/v2\/categories?post=6392"},{"taxonomy":"post_tag","embeddable":true,"href":"https:\/\/www.koncevisiontv.cl\/web\/wp-json\/wp\/v2\/tags?post=6392"}],"curies":[{"name":"wp","href":"https:\/\/api.w.org\/{rel}","templated":true}]}}