{"id":6395,"date":"2025-03-14T14:37:34","date_gmt":"2025-03-14T17:37:34","guid":{"rendered":"https:\/\/www.koncevisiontv.cl\/web\/?p=6395"},"modified":"2025-03-14T14:37:37","modified_gmt":"2025-03-14T17:37:37","slug":"detuvieron-al-papa-de-marcianeke-durante-un-operativo-antidrogas-en-talca","status":"publish","type":"post","link":"https:\/\/www.koncevisiontv.cl\/web\/detuvieron-al-papa-de-marcianeke-durante-un-operativo-antidrogas-en-talca\/","title":{"rendered":"Detuvieron al Pap\u00e1 de Marcianeke Durante Operativo Antidrogas en Talca"},"content":{"rendered":"\n<p class=\"wp-block-paragraph\">Durante un amplio operativo antidrogas realizado en la ciudad de <strong>Talca <\/strong>, detuvieron al padre del reconocido cantante urbano <strong>Marcianeke <\/strong>, junto a otro individuo, por su presunta vinculaci\u00f3n con una banda dedicada al tr\u00e1fico de drogas. El procedimiento incluy\u00f3 el allanamiento de <strong>cinco inmuebles <\/strong>en el barrio norte de la ciudad, donde se incautaron <strong>drogas, armas y municiones <\/strong>.<\/p>\n\n\n\n<hr class=\"wp-block-separator has-alpha-channel-opacity\"\/>\n\n\n\n<h3 class=\"wp-block-heading\"><strong>El Operativo y los Detalles del Caso<\/strong><\/h3>\n\n\n\n<p class=\"wp-block-paragraph\">El operativo fue llevado a cabo por efectivos policiales que identificaron una red criminal involucrada en la venta y acopio de estupefacientes. Seg\u00fan inform\u00f3 el fiscal <strong>H\u00e9ctor de la Fuente <\/strong>, los investigadores lograron desarticular puntos clave de distribuci\u00f3n de drogas en la zona.<\/p>\n\n\n\n<blockquote class=\"wp-block-quote is-layout-flow wp-block-quote-is-layout-flow\">\n<p class=\"wp-block-paragraph\">\u201cTenemos entendido que ser\u00eda el padre de este cantante urbano, pero eso es solo un hecho accidental. Lo que estamos investigando es un delito en el que el cantante urbano no tiene ninguna vinculaci\u00f3n que se haya podido establecer,\u201d declar\u00f3 el fiscal, descartando cualquier relaci\u00f3n directa entre <strong>Marcianeke <\/strong>y los hechos investigados.<\/p>\n<\/blockquote>\n\n\n\n<p class=\"wp-block-paragraph\">Los detenidos ser\u00e1n formalizados en el <strong>Juzgado de Garant\u00eda de Talca <\/strong>, donde se les imputar\u00e1 cargos relacionados con el tr\u00e1fico de drogas y posesi\u00f3n ilegal de armas. Las autoridades destacaron la importancia del operativo para desmantelar redes criminales que afectan la seguridad p\u00fablica.<\/p>\n\n\n\n<hr class=\"wp-block-separator has-alpha-channel-opacity\"\/>\n\n\n\n<h3 class=\"wp-block-heading\"><strong>Incautaciones y V\u00ednculos Familiares<\/strong><\/h3>\n\n\n\n<p class=\"wp-block-paragraph\">Durante los allanamientos, las fuerzas policiales confiscaron una cantidad significativa de drogas, varias armas de fuego y municiones. Estos elementos servir\u00e1n como evidencia en el proceso judicial contra los implicados.<\/p>\n\n\n\n<p class=\"wp-block-paragraph\">Aunque el v\u00ednculo familiar entre uno de los detenidos y <strong>Marcianeke <\/strong>llam\u00f3 la atenci\u00f3n de la prensa y las redes sociales, las autoridades han sido enf\u00e1ticas en se\u00f1alar que el cantante no est\u00e1 involucrado en el caso.<\/p>\n\n\n\n<blockquote class=\"wp-block-quote is-layout-flow wp-block-quote-is-layout-flow\">\n<p class=\"wp-block-paragraph\">&#8220;No hay pruebas que relacionen al artista con los delitos investigados,&#8221; reiter\u00f3 el fiscal, subrayando que el enfoque de la investigaci\u00f3n est\u00e1 centrado exclusivamente en los detenidos y sus actividades il\u00edcitas.<\/p>\n<\/blockquote>\n\n\n\n<hr class=\"wp-block-separator has-alpha-channel-opacity\"\/>\n\n\n\n<h3 class=\"wp-block-heading\"><strong>Reacciones y Contexto Social<\/strong><\/h3>\n\n\n\n<p class=\"wp-block-paragraph\">La noticia r\u00e1pidamente gener\u00f3 repercusiones en medios de comunicaci\u00f3n y plataformas digitales, especialmente debido a la popularidad de <strong>Marcianeke <\/strong>en la escena musical urbana. Sus seguidores expresaron sorpresa ante el arresto del padre del artista, mientras que otros destacaron la importancia de que la justicia act\u00fae sin distinci\u00f3n, independientemente de los v\u00ednculos familiares de los implicados.<\/p>\n\n\n\n<p class=\"wp-block-paragraph\">Este caso refuerza la necesidad de continuar combatiendo el narcotr\u00e1fico y otras actividades delictivas que afectan a comunidades enteras. Las autoridades locales han prometido mantenerse vigilantes frente a estas amenazas.<\/p>\n\n\n\n<p class=\"wp-block-paragraph\"><\/p>\n","protected":false},"excerpt":{"rendered":"<p>Durante un amplio operativo antidrogas realizado en la ciudad de Talca , detuvieron al padre del reconocido cantante<\/p>\n","protected":false},"author":5,"featured_media":6396,"comment_status":"open","ping_status":"open","sticky":false,"template":"","format":"standard","meta":{"_crdt_document":"","_uag_custom_page_level_css":"","_sitemap_exclude":false,"_sitemap_priority":"","_sitemap_frequency":"","_joinchat":[],"footnotes":""},"categories":[14],"tags":[],"class_list":["post-6395","post","type-post","status-publish","format-standard","has-post-thumbnail","hentry","category-nacional"],"featured_image_urls":{"full":["https:\/\/www.koncevisiontv.cl\/web\/wp-content\/uploads\/2025\/03\/detiene-a-papa-de-marcianeke.avif",1023,682,false],"thumbnail":["https:\/\/www.koncevisiontv.cl\/web\/wp-content\/uploads\/2025\/03\/detiene-a-papa-de-marcianeke-150x150.avif",150,150,true],"medium":["https:\/\/www.koncevisiontv.cl\/web\/wp-content\/uploads\/2025\/03\/detiene-a-papa-de-marcianeke-300x200.avif",300,200,true],"medium_large":["https:\/\/www.koncevisiontv.cl\/web\/wp-content\/uploads\/2025\/03\/detiene-a-papa-de-marcianeke-768x512.avif",640,427,true],"large":["https:\/\/www.koncevisiontv.cl\/web\/wp-content\/uploads\/2025\/03\/detiene-a-papa-de-marcianeke.avif",640,427,false],"1536x1536":["https:\/\/www.koncevisiontv.cl\/web\/wp-content\/uploads\/2025\/03\/detiene-a-papa-de-marcianeke.avif",1023,682,false],"2048x2048":["https:\/\/www.koncevisiontv.cl\/web\/wp-content\/uploads\/2025\/03\/detiene-a-papa-de-marcianeke.avif",1023,682,false],"darknews-featured":["https:\/\/www.koncevisiontv.cl\/web\/wp-content\/uploads\/2025\/03\/detiene-a-papa-de-marcianeke.avif",1023,682,false],"darknews-large":["https:\/\/www.koncevisiontv.cl\/web\/wp-content\/uploads\/2025\/03\/detiene-a-papa-de-marcianeke-825x575.avif",825,575,true],"darknews-medium":["https:\/\/www.koncevisiontv.cl\/web\/wp-content\/uploads\/2025\/03\/detiene-a-papa-de-marcianeke-590x410.avif",590,410,true]},"author_info":{"info":["Web-Master"]},"category_info":"<a href=\"https:\/\/www.koncevisiontv.cl\/web\/category\/nacional\/\" rel=\"category tag\">Nacional<\/a>","tag_info":"Nacional","comment_count":"0","uagb_featured_image_src":{"full":["https:\/\/www.koncevisiontv.cl\/web\/wp-content\/uploads\/2025\/03\/detiene-a-papa-de-marcianeke.avif",1023,682,false],"thumbnail":["https:\/\/www.koncevisiontv.cl\/web\/wp-content\/uploads\/2025\/03\/detiene-a-papa-de-marcianeke-150x150.avif",150,150,true],"medium":["https:\/\/www.koncevisiontv.cl\/web\/wp-content\/uploads\/2025\/03\/detiene-a-papa-de-marcianeke-300x200.avif",300,200,true],"medium_large":["https:\/\/www.koncevisiontv.cl\/web\/wp-content\/uploads\/2025\/03\/detiene-a-papa-de-marcianeke-768x512.avif",640,427,true],"large":["https:\/\/www.koncevisiontv.cl\/web\/wp-content\/uploads\/2025\/03\/detiene-a-papa-de-marcianeke.avif",640,427,false],"1536x1536":["https:\/\/www.koncevisiontv.cl\/web\/wp-content\/uploads\/2025\/03\/detiene-a-papa-de-marcianeke.avif",1023,682,false],"2048x2048":["https:\/\/www.koncevisiontv.cl\/web\/wp-content\/uploads\/2025\/03\/detiene-a-papa-de-marcianeke.avif",1023,682,false],"darknews-featured":["https:\/\/www.koncevisiontv.cl\/web\/wp-content\/uploads\/2025\/03\/detiene-a-papa-de-marcianeke.avif",1023,682,false],"darknews-large":["https:\/\/www.koncevisiontv.cl\/web\/wp-content\/uploads\/2025\/03\/detiene-a-papa-de-marcianeke-825x575.avif",825,575,true],"darknews-medium":["https:\/\/www.koncevisiontv.cl\/web\/wp-content\/uploads\/2025\/03\/detiene-a-papa-de-marcianeke-590x410.avif",590,410,true]},"uagb_author_info":{"display_name":"Web-Master","author_link":"https:\/\/www.koncevisiontv.cl\/web\/author\/koncevision\/"},"uagb_comment_info":0,"uagb_excerpt":"Durante un amplio operativo antidrogas realizado en la ciudad de Talca , detuvieron al padre del reconocido cantante","_links":{"self":[{"href":"https:\/\/www.koncevisiontv.cl\/web\/wp-json\/wp\/v2\/posts\/6395","targetHints":{"allow":["GET"]}}],"collection":[{"href":"https:\/\/www.koncevisiontv.cl\/web\/wp-json\/wp\/v2\/posts"}],"about":[{"href":"https:\/\/www.koncevisiontv.cl\/web\/wp-json\/wp\/v2\/types\/post"}],"author":[{"embeddable":true,"href":"https:\/\/www.koncevisiontv.cl\/web\/wp-json\/wp\/v2\/users\/5"}],"replies":[{"embeddable":true,"href":"https:\/\/www.koncevisiontv.cl\/web\/wp-json\/wp\/v2\/comments?post=6395"}],"version-history":[{"count":1,"href":"https:\/\/www.koncevisiontv.cl\/web\/wp-json\/wp\/v2\/posts\/6395\/revisions"}],"predecessor-version":[{"id":6397,"href":"https:\/\/www.koncevisiontv.cl\/web\/wp-json\/wp\/v2\/posts\/6395\/revisions\/6397"}],"wp:featuredmedia":[{"embeddable":true,"href":"https:\/\/www.koncevisiontv.cl\/web\/wp-json\/wp\/v2\/media\/6396"}],"wp:attachment":[{"href":"https:\/\/www.koncevisiontv.cl\/web\/wp-json\/wp\/v2\/media?parent=6395"}],"wp:term":[{"taxonomy":"category","embeddable":true,"href":"https:\/\/www.koncevisiontv.cl\/web\/wp-json\/wp\/v2\/categories?post=6395"},{"taxonomy":"post_tag","embeddable":true,"href":"https:\/\/www.koncevisiontv.cl\/web\/wp-json\/wp\/v2\/tags?post=6395"}],"curies":[{"name":"wp","href":"https:\/\/api.w.org\/{rel}","templated":true}]}}