{"id":6398,"date":"2025-03-14T15:14:22","date_gmt":"2025-03-14T18:14:22","guid":{"rendered":"https:\/\/www.koncevisiontv.cl\/web\/?p=6398"},"modified":"2025-03-14T15:14:27","modified_gmt":"2025-03-14T18:14:27","slug":"tomas-vodanovic-descarta-ser-candidato-presidencial-del-frente-amplio","status":"publish","type":"post","link":"https:\/\/www.koncevisiontv.cl\/web\/tomas-vodanovic-descarta-ser-candidato-presidencial-del-frente-amplio\/","title":{"rendered":"Tom\u00e1s Vodanovic Descarta Candidatura Presidencial por el Frente Amplio: &#8220;No Estoy Preparado para el Desaf\u00edo&#8221;"},"content":{"rendered":"\n<p class=\"wp-block-paragraph\">El alcalde de <strong>Maip\u00fa <\/strong>, <strong>Tom\u00e1s Vodanovic <\/strong>, cerr\u00f3 definitivamente la puerta a una eventual candidatura presidencial en representaci\u00f3n del <strong>Frente Amplio (FA) <\/strong>. Durante su participaci\u00f3n en un seminario sobre delincuencia comunal organizado por el <strong>Clapes UC <\/strong>, Vodanovic reiter\u00f3 que no se siente preparado para asumir el desaf\u00edo y subray\u00f3 su compromiso con los vecinos de Maip\u00fa como su principal prioridad.<\/p>\n\n\n\n<p class=\"wp-block-paragraph\">Este anuncio ocurre en un contexto clave para el FA, ya que este <strong>s\u00e1bado 15 de marzo <\/strong>se realizar\u00e1 el <strong>Comit\u00e9 Central <\/strong>de la colectividad, donde se definir\u00e1 oficialmente la carta presidencial para las elecciones de noviembre pr\u00f3ximo. La negativa de Vodanovic deja al bloque progresista buscando alternativas, con nombres como <strong>Gonzalo Winter <\/strong>posicion\u00e1ndose como posibles opciones.<\/p>\n\n\n\n<hr class=\"wp-block-separator has-alpha-channel-opacity\"\/>\n\n\n\n<h3 class=\"wp-block-heading\"><strong>Vodanovic Reafirma su Postura: &#8220;Tengo un Compromiso con los Vecinos de Maip\u00fa&#8221;<\/strong><\/h3>\n\n\n\n<p class=\"wp-block-paragraph\">El jefe comunal fue enf\u00e1tico en se\u00f1alar que su decisi\u00f3n no es nueva y que ha sido comunicada tanto en espacios p\u00fablicos como privados. Seg\u00fan declar\u00f3 durante el seminario:<\/p>\n\n\n\n<blockquote class=\"wp-block-quote is-layout-flow wp-block-quote-is-layout-flow\">\n<p class=\"wp-block-paragraph\">\u201cYo lo he dicho harto y esto no es noticia nueva: uno es militante de un partido pol\u00edtico y, por cierto, uno da discusiones internas y suscribe posiciones que son colectivas. Mi disposici\u00f3n creo que todos la conocen y no es sorpresa, la he dicho en p\u00fablico y la he dicho en privado.\u201d<\/p>\n<\/blockquote>\n\n\n\n<p class=\"wp-block-paragraph\">Vodanovic destac\u00f3 la importancia de honrar su palabra y mantener el v\u00ednculo de confianza construido con la comunidad de Maip\u00fa:<\/p>\n\n\n\n<blockquote class=\"wp-block-quote is-layout-flow wp-block-quote-is-layout-flow\">\n<p class=\"wp-block-paragraph\">\u201cTengo un compromiso con los vecinos de Maip\u00fa, espero ser una persona coherente, que honre su palabra, eso lo he transmitido en todas las instancias y estoy seguro de que la reflexi\u00f3n pol\u00edtica de mi partido tambi\u00e9n entiende el compromiso que significa el quehacer municipal.\u201d<\/p>\n<\/blockquote>\n\n\n\n<hr class=\"wp-block-separator has-alpha-channel-opacity\"\/>\n\n\n\n<h3 class=\"wp-block-heading\"><strong>Un Liderazgo que Reconoce sus L\u00edmites<\/strong><\/h3>\n\n\n\n<p class=\"wp-block-paragraph\">El alcalde admiti\u00f3 que asumir una candidatura presidencial requiere condiciones y preparaci\u00f3n espec\u00edficas que, seg\u00fan \u00e9l, a\u00fan no posee. En ese sentido, se\u00f1al\u00f3:<\/p>\n\n\n\n<blockquote class=\"wp-block-quote is-layout-flow wp-block-quote-is-layout-flow\">\n<p class=\"wp-block-paragraph\">\u201cCreo que es responsable con el proyecto pol\u00edtico de uno no asumir desaf\u00edos pol\u00edticos para los cuales no est\u00e1n las condiciones y uno no se siente del todo preparado.\u201d<\/p>\n<\/blockquote>\n\n\n\n<p class=\"wp-block-paragraph\">Vodanovic expres\u00f3 su confianza en que el FA encontrar\u00e1 un liderazgo mejor preparado para encarar las elecciones presidenciales:<\/p>\n\n\n\n<blockquote class=\"wp-block-quote is-layout-flow wp-block-quote-is-layout-flow\">\n<p class=\"wp-block-paragraph\">\u201cEstoy convencido de que vamos a tener mejores liderazgos, m\u00e1s preparados, que van a poder encauzar esa tarea y ah\u00ed estaremos nosotros al lado para apoyarlos.\u201d<\/p>\n<\/blockquote>\n\n\n\n<hr class=\"wp-block-separator has-alpha-channel-opacity\"\/>\n\n\n\n<h3 class=\"wp-block-heading\"><strong>El Contexto Pol\u00edtico y las Alternativas del FA<\/strong><\/h3>\n\n\n\n<p class=\"wp-block-paragraph\">La negativa de Vodanovic pone fin a las especulaciones que lo se\u00f1alaban como una opci\u00f3n viable dentro del Frente Amplio. El propio presidente <strong>Gabriel Boric <\/strong>reconoci\u00f3 haberse reunido recientemente con el alcalde, alimentando rumores sobre un posible intento por convencerlo de postularse. Sin embargo, esta posibilidad qued\u00f3 descartada tras las declaraciones de hoy.<\/p>\n\n\n\n<p class=\"wp-block-paragraph\">Con Vodanovic fuera de la carrera, los reflectores se centran ahora en otras figuras del FA. Seg\u00fan informes previos, <strong>Gonzalo Winter <\/strong>, diputado y cercano al gobierno, ser\u00eda uno de los nombres m\u00e1s fuertes para asumir la candidatura. Su perfil pol\u00e9mico pero conciliador, junto con su capacidad para articular discursos progresistas, lo han consolidado como una opci\u00f3n competitiva frente a otros bloques pol\u00edticos.<\/p>\n\n\n\n<hr class=\"wp-block-separator has-alpha-channel-opacity\"\/>\n\n\n\n<h3 class=\"wp-block-heading\"><strong>Reacciones y Perspectivas Futuras<\/strong><\/h3>\n\n\n\n<p class=\"wp-block-paragraph\">Analistas pol\u00edticos han destacado que la decisi\u00f3n de Vodanovic refleja una actitud responsable y consciente de sus limitaciones personales. Sin embargo, tambi\u00e9n subrayan que el FA enfrenta un desaf\u00edo importante para encontrar un candidato que logre cohesionar a la coalici\u00f3n y competir efectivamente en las urnas.<\/p>\n\n\n\n<p class=\"wp-block-paragraph\">El Comit\u00e9 Central de este s\u00e1bado ser\u00e1 crucial para definir el rumbo del bloque progresista. Mientras tanto, Vodanovic asegur\u00f3 que, aunque no ser\u00e1 candidato, estar\u00e1 presente en las discusiones internas y respaldar\u00e1 las decisiones colectivas que se adopten.<\/p>\n\n\n\n<blockquote class=\"wp-block-quote is-layout-flow wp-block-quote-is-layout-flow\">\n<p class=\"wp-block-paragraph\">\u201cYo soy alcalde de Maip\u00fa, dentro del FA soy un militante m\u00e1s, voy a hacerme parte de las discusiones internas que tenemos que dar este fin de semana y apoyar\u00e9 las decisiones colectivas que de ah\u00ed salgan,\u201d concluy\u00f3.<\/p>\n<\/blockquote>\n","protected":false},"excerpt":{"rendered":"<p>El alcalde de Maip\u00fa , Tom\u00e1s Vodanovic , cerr\u00f3 definitivamente la puerta a una eventual candidatura presidencial en<\/p>\n","protected":false},"author":5,"featured_media":3229,"comment_status":"open","ping_status":"open","sticky":false,"template":"","format":"standard","meta":{"_crdt_document":"","_uag_custom_page_level_css":"","_sitemap_exclude":false,"_sitemap_priority":"","_sitemap_frequency":"","_joinchat":[],"footnotes":""},"categories":[14],"tags":[],"class_list":["post-6398","post","type-post","status-publish","format-standard","has-post-thumbnail","hentry","category-nacional"],"featured_image_urls":{"full":["https:\/\/www.koncevisiontv.cl\/web\/wp-content\/uploads\/2024\/11\/Tomas-Vodanovic-alcalde-jpeg.webp",1600,898,false],"thumbnail":["https:\/\/www.koncevisiontv.cl\/web\/wp-content\/uploads\/2024\/11\/Tomas-Vodanovic-alcalde-jpeg-150x150.webp",150,150,true],"medium":["https:\/\/www.koncevisiontv.cl\/web\/wp-content\/uploads\/2024\/11\/Tomas-Vodanovic-alcalde-jpeg-300x168.webp",300,168,true],"medium_large":["https:\/\/www.koncevisiontv.cl\/web\/wp-content\/uploads\/2024\/11\/Tomas-Vodanovic-alcalde-jpeg-768x431.webp",640,359,true],"large":["https:\/\/www.koncevisiontv.cl\/web\/wp-content\/uploads\/2024\/11\/Tomas-Vodanovic-alcalde-jpeg-1024x575.webp",640,359,true],"1536x1536":["https:\/\/www.koncevisiontv.cl\/web\/wp-content\/uploads\/2024\/11\/Tomas-Vodanovic-alcalde-jpeg-1536x862.webp",1536,862,true],"2048x2048":["https:\/\/www.koncevisiontv.cl\/web\/wp-content\/uploads\/2024\/11\/Tomas-Vodanovic-alcalde-jpeg.webp",1600,898,false],"darknews-featured":["https:\/\/www.koncevisiontv.cl\/web\/wp-content\/uploads\/2024\/11\/Tomas-Vodanovic-alcalde-jpeg-1024x575.webp",1024,575,true],"darknews-large":["https:\/\/www.koncevisiontv.cl\/web\/wp-content\/uploads\/2024\/11\/Tomas-Vodanovic-alcalde-jpeg-825x575.webp",825,575,true],"darknews-medium":["https:\/\/www.koncevisiontv.cl\/web\/wp-content\/uploads\/2024\/11\/Tomas-Vodanovic-alcalde-jpeg-590x410.webp",590,410,true]},"author_info":{"info":["Web-Master"]},"category_info":"<a href=\"https:\/\/www.koncevisiontv.cl\/web\/category\/nacional\/\" rel=\"category tag\">Nacional<\/a>","tag_info":"Nacional","comment_count":"0","uagb_featured_image_src":{"full":["https:\/\/www.koncevisiontv.cl\/web\/wp-content\/uploads\/2024\/11\/Tomas-Vodanovic-alcalde-jpeg.webp",1600,898,false],"thumbnail":["https:\/\/www.koncevisiontv.cl\/web\/wp-content\/uploads\/2024\/11\/Tomas-Vodanovic-alcalde-jpeg-150x150.webp",150,150,true],"medium":["https:\/\/www.koncevisiontv.cl\/web\/wp-content\/uploads\/2024\/11\/Tomas-Vodanovic-alcalde-jpeg-300x168.webp",300,168,true],"medium_large":["https:\/\/www.koncevisiontv.cl\/web\/wp-content\/uploads\/2024\/11\/Tomas-Vodanovic-alcalde-jpeg-768x431.webp",640,359,true],"large":["https:\/\/www.koncevisiontv.cl\/web\/wp-content\/uploads\/2024\/11\/Tomas-Vodanovic-alcalde-jpeg-1024x575.webp",640,359,true],"1536x1536":["https:\/\/www.koncevisiontv.cl\/web\/wp-content\/uploads\/2024\/11\/Tomas-Vodanovic-alcalde-jpeg-1536x862.webp",1536,862,true],"2048x2048":["https:\/\/www.koncevisiontv.cl\/web\/wp-content\/uploads\/2024\/11\/Tomas-Vodanovic-alcalde-jpeg.webp",1600,898,false],"darknews-featured":["https:\/\/www.koncevisiontv.cl\/web\/wp-content\/uploads\/2024\/11\/Tomas-Vodanovic-alcalde-jpeg-1024x575.webp",1024,575,true],"darknews-large":["https:\/\/www.koncevisiontv.cl\/web\/wp-content\/uploads\/2024\/11\/Tomas-Vodanovic-alcalde-jpeg-825x575.webp",825,575,true],"darknews-medium":["https:\/\/www.koncevisiontv.cl\/web\/wp-content\/uploads\/2024\/11\/Tomas-Vodanovic-alcalde-jpeg-590x410.webp",590,410,true]},"uagb_author_info":{"display_name":"Web-Master","author_link":"https:\/\/www.koncevisiontv.cl\/web\/author\/koncevision\/"},"uagb_comment_info":0,"uagb_excerpt":"El alcalde de Maip\u00fa , Tom\u00e1s Vodanovic , cerr\u00f3 definitivamente la puerta a una eventual candidatura presidencial en","_links":{"self":[{"href":"https:\/\/www.koncevisiontv.cl\/web\/wp-json\/wp\/v2\/posts\/6398","targetHints":{"allow":["GET"]}}],"collection":[{"href":"https:\/\/www.koncevisiontv.cl\/web\/wp-json\/wp\/v2\/posts"}],"about":[{"href":"https:\/\/www.koncevisiontv.cl\/web\/wp-json\/wp\/v2\/types\/post"}],"author":[{"embeddable":true,"href":"https:\/\/www.koncevisiontv.cl\/web\/wp-json\/wp\/v2\/users\/5"}],"replies":[{"embeddable":true,"href":"https:\/\/www.koncevisiontv.cl\/web\/wp-json\/wp\/v2\/comments?post=6398"}],"version-history":[{"count":1,"href":"https:\/\/www.koncevisiontv.cl\/web\/wp-json\/wp\/v2\/posts\/6398\/revisions"}],"predecessor-version":[{"id":6399,"href":"https:\/\/www.koncevisiontv.cl\/web\/wp-json\/wp\/v2\/posts\/6398\/revisions\/6399"}],"wp:featuredmedia":[{"embeddable":true,"href":"https:\/\/www.koncevisiontv.cl\/web\/wp-json\/wp\/v2\/media\/3229"}],"wp:attachment":[{"href":"https:\/\/www.koncevisiontv.cl\/web\/wp-json\/wp\/v2\/media?parent=6398"}],"wp:term":[{"taxonomy":"category","embeddable":true,"href":"https:\/\/www.koncevisiontv.cl\/web\/wp-json\/wp\/v2\/categories?post=6398"},{"taxonomy":"post_tag","embeddable":true,"href":"https:\/\/www.koncevisiontv.cl\/web\/wp-json\/wp\/v2\/tags?post=6398"}],"curies":[{"name":"wp","href":"https:\/\/api.w.org\/{rel}","templated":true}]}}