{"id":6400,"date":"2025-03-14T15:22:32","date_gmt":"2025-03-14T18:22:32","guid":{"rendered":"https:\/\/www.koncevisiontv.cl\/web\/?p=6400"},"modified":"2025-03-14T15:22:35","modified_gmt":"2025-03-14T18:22:35","slug":"contraloria-detecta-irregularidades-en-licitacion-de-luminarias-led-en-concepcion","status":"publish","type":"post","link":"https:\/\/www.koncevisiontv.cl\/web\/contraloria-detecta-irregularidades-en-licitacion-de-luminarias-led-en-concepcion\/","title":{"rendered":"Contralor\u00eda Detecta Irregularidades en Licitaci\u00f3n de Empresa que Instal\u00f3 Luminarias LED en Concepci\u00f3n"},"content":{"rendered":"\n<p class=\"wp-block-paragraph\">La <strong>Contralor\u00eda General de la Rep\u00fablica <\/strong>emiti\u00f3 un informe que revela graves irregularidades en la licitaci\u00f3n del proyecto de instalaci\u00f3n de <strong>luminarias LED <\/strong>en la comuna de <strong>Concepci\u00f3n <\/strong>, regi\u00f3n del B\u00edo B\u00edo. Seg\u00fan el documento, la comisi\u00f3n evaluadora actu\u00f3 de manera negligente al momento de adjudicar los trabajos a la empresa <strong>Ahimco Ingenier\u00eda y Construcci\u00f3n S.A. <\/strong>, contratista que no cumpl\u00eda con las exigencias m\u00ednimas del proceso.<\/p>\n\n\n\n<p class=\"wp-block-paragraph\">A pesar de las anomal\u00edas detectadas, los hechos quedar\u00e1n impunes debido a la prescripci\u00f3n legal, lo que ha generado cr\u00edticas y cuestionamientos sobre la transparencia del proceso y la gesti\u00f3n municipal durante la administraci\u00f3n involucrada.<\/p>\n\n\n\n<hr class=\"wp-block-separator has-alpha-channel-opacity\"\/>\n\n\n\n<h3 class=\"wp-block-heading\"><strong>Irregularidades en la Licitaci\u00f3n<\/strong><\/h3>\n\n\n\n<p class=\"wp-block-paragraph\">El proyecto, ejecutado en <strong>2019 <\/strong>, tuvo como objetivo reemplazar las antiguas luminarias de la comuna por tecnolog\u00eda LED, con una inversi\u00f3n total superior a los <strong>5.300 millones de pesos <\/strong>. Sin embargo, desde el inicio estuvo envuelto en pol\u00e9mica.<\/p>\n\n\n\n<p class=\"wp-block-paragraph\">Fue el entonces diputado <strong>Enrique Van Rysselberghe <\/strong>quien solicit\u00f3 a la Contralor\u00eda revisar la licitaci\u00f3n, argumentando que el proceso estaba &#8220;viciado&#8221; y que la empresa adjudicataria no cumpl\u00eda con los requisitos t\u00e9cnicos ni econ\u00f3micos m\u00ednimos establecidos en las bases del concurso.<\/p>\n\n\n\n<p class=\"wp-block-paragraph\">En diciembre de <strong>2020 <\/strong>, la Contralor\u00eda orden\u00f3 la apertura de un <strong>sumario administrativo <\/strong>para determinar responsabilidades dentro del municipio. El informe final confirm\u00f3 que la comisi\u00f3n evaluadora hab\u00eda incurrido en actos negligentes al adjudicar los trabajos a <strong>Ahimco Ingenier\u00eda y Construcci\u00f3n S.A.<\/strong><\/p>\n\n\n\n<hr class=\"wp-block-separator has-alpha-channel-opacity\"\/>\n\n\n\n<h3 class=\"wp-block-heading\"><strong>Prescripci\u00f3n Legal y Falta de Sanciones<\/strong><\/h3>\n\n\n\n<p class=\"wp-block-paragraph\">Las fechas clave en este caso son fundamentales: el <strong>8 de enero de 2025 <\/strong>, la Contralor\u00eda emiti\u00f3 otro informe donde se aprueba el sumario administrativo instruido en la Municipalidad de Concepci\u00f3n. Sin embargo, tambi\u00e9n se\u00f1ala que los hechos ya hab\u00edan prescrito legalmente.<\/p>\n\n\n\n<p class=\"wp-block-paragraph\">Seg\u00fan el documento, el plazo de responsabilidad administrativa se extingui\u00f3 el <strong>3 de octubre de 2023 <\/strong>, lo que dej\u00f3 sin posibilidad de sancionar a los responsables.<\/p>\n\n\n\n<p class=\"wp-block-paragraph\">El senador <strong>Enrique Van Rysselberghe <\/strong>, consultado sobre el caso, critic\u00f3 duramente esta situaci\u00f3n:<\/p>\n\n\n\n<blockquote class=\"wp-block-quote is-layout-flow wp-block-quote-is-layout-flow\">\n<p class=\"wp-block-paragraph\">\u201cEs inaceptable que estos hechos queden en la impunidad. Desde el principio advertimos que este proceso estaba viciado y que quienes participaron en \u00e9l eran cercanos a la administraci\u00f3n de \u00c1lvaro Ortiz. Esto es una clara muestra de c\u00f3mo se dilatan los procesos para evitar responsabilidades.\u201d<\/p>\n<\/blockquote>\n\n\n\n<hr class=\"wp-block-separator has-alpha-channel-opacity\"\/>\n\n\n\n<h3 class=\"wp-block-heading\"><strong>Cr\u00edticas a los Tiempos del Proceso<\/strong><\/h3>\n\n\n\n<p class=\"wp-block-paragraph\">El <strong>administrador municipal de Concepci\u00f3n, Boris Negrete <\/strong>, reconoci\u00f3 la demora excesiva en la resoluci\u00f3n del sumario y cuestion\u00f3 los tiempos del proceso:<\/p>\n\n\n\n<blockquote class=\"wp-block-quote is-layout-flow wp-block-quote-is-layout-flow\">\n<p class=\"wp-block-paragraph\">\u201cNos parece inaceptable e inentendible que este sumario haya tardado tanto tiempo en resolverse. Es evidente que hubo fallas en la gesti\u00f3n administrativa que deben ser corregidas para evitar que casos como este se repitan.\u201d<\/p>\n<\/blockquote>\n\n\n\n<p class=\"wp-block-paragraph\">La lentitud en el procedimiento permiti\u00f3 que los responsables escaparan de cualquier consecuencia legal, generando desconfianza en la ciudadan\u00eda respecto a la transparencia de los procesos municipales.<\/p>\n\n\n\n<hr class=\"wp-block-separator has-alpha-channel-opacity\"\/>\n\n\n\n<h3 class=\"wp-block-heading\"><strong>Impacto en la Comunidad<\/strong><\/h3>\n\n\n\n<p class=\"wp-block-paragraph\">El proyecto de reposici\u00f3n de luminarias LED fue presentado como una iniciativa para mejorar la eficiencia energ\u00e9tica y reducir costos en la comuna. Sin embargo, las irregularidades detectadas han opacado sus beneficios y generado dudas sobre el uso adecuado de los recursos p\u00fablicos.<\/p>\n\n\n\n<p class=\"wp-block-paragraph\">Los habitantes de Concepci\u00f3n, quienes inicialmente celebraron la modernizaci\u00f3n del sistema de iluminaci\u00f3n, ahora exigen respuestas claras sobre c\u00f3mo se gestionaron los fondos y qui\u00e9nes fueron los responsables de las decisiones cuestionadas.<\/p>\n\n\n\n<hr class=\"wp-block-separator has-alpha-channel-opacity\"\/>\n\n\n\n<h3 class=\"wp-block-heading\"><strong>Reacciones Pol\u00edticas y Sociales<\/strong><\/h3>\n\n\n\n<p class=\"wp-block-paragraph\">El caso ha generado amplias repercusiones en el \u00e1mbito pol\u00edtico y social. Representantes de la oposici\u00f3n han pedido mayores controles y auditor\u00edas externas para evitar que este tipo de irregularidades vuelva a ocurrir.<\/p>\n\n\n\n<p class=\"wp-block-paragraph\">Por su parte, organizaciones ciudadanas han manifestado su descontento a trav\u00e9s de redes sociales, exigiendo transparencia y rendici\u00f3n de cuentas por parte de las autoridades locales.<\/p>\n","protected":false},"excerpt":{"rendered":"<p>La Contralor\u00eda General de la Rep\u00fablica emiti\u00f3 un informe que revela graves irregularidades en la licitaci\u00f3n del proyecto<\/p>\n","protected":false},"author":5,"featured_media":6401,"comment_status":"open","ping_status":"open","sticky":false,"template":"","format":"standard","meta":{"_crdt_document":"","_uag_custom_page_level_css":"","_sitemap_exclude":false,"_sitemap_priority":"","_sitemap_frequency":"","_joinchat":[],"footnotes":""},"categories":[14],"tags":[],"class_list":["post-6400","post","type-post","status-publish","format-standard","has-post-thumbnail","hentry","category-nacional"],"featured_image_urls":{"full":["https:\/\/www.koncevisiontv.cl\/web\/wp-content\/uploads\/2025\/03\/Contraloria-Detecta-Irregularidades-en-Licitacion-de-Luminarias-LED-en-Concepcion.png",823,460,false],"thumbnail":["https:\/\/www.koncevisiontv.cl\/web\/wp-content\/uploads\/2025\/03\/Contraloria-Detecta-Irregularidades-en-Licitacion-de-Luminarias-LED-en-Concepcion-150x150.png",150,150,true],"medium":["https:\/\/www.koncevisiontv.cl\/web\/wp-content\/uploads\/2025\/03\/Contraloria-Detecta-Irregularidades-en-Licitacion-de-Luminarias-LED-en-Concepcion-300x168.png",300,168,true],"medium_large":["https:\/\/www.koncevisiontv.cl\/web\/wp-content\/uploads\/2025\/03\/Contraloria-Detecta-Irregularidades-en-Licitacion-de-Luminarias-LED-en-Concepcion-768x429.png",640,358,true],"large":["https:\/\/www.koncevisiontv.cl\/web\/wp-content\/uploads\/2025\/03\/Contraloria-Detecta-Irregularidades-en-Licitacion-de-Luminarias-LED-en-Concepcion.png",640,358,false],"1536x1536":["https:\/\/www.koncevisiontv.cl\/web\/wp-content\/uploads\/2025\/03\/Contraloria-Detecta-Irregularidades-en-Licitacion-de-Luminarias-LED-en-Concepcion.png",823,460,false],"2048x2048":["https:\/\/www.koncevisiontv.cl\/web\/wp-content\/uploads\/2025\/03\/Contraloria-Detecta-Irregularidades-en-Licitacion-de-Luminarias-LED-en-Concepcion.png",823,460,false],"darknews-featured":["https:\/\/www.koncevisiontv.cl\/web\/wp-content\/uploads\/2025\/03\/Contraloria-Detecta-Irregularidades-en-Licitacion-de-Luminarias-LED-en-Concepcion.png",823,460,false],"darknews-large":["https:\/\/www.koncevisiontv.cl\/web\/wp-content\/uploads\/2025\/03\/Contraloria-Detecta-Irregularidades-en-Licitacion-de-Luminarias-LED-en-Concepcion.png",823,460,false],"darknews-medium":["https:\/\/www.koncevisiontv.cl\/web\/wp-content\/uploads\/2025\/03\/Contraloria-Detecta-Irregularidades-en-Licitacion-de-Luminarias-LED-en-Concepcion-590x410.png",590,410,true]},"author_info":{"info":["Web-Master"]},"category_info":"<a href=\"https:\/\/www.koncevisiontv.cl\/web\/category\/nacional\/\" rel=\"category tag\">Nacional<\/a>","tag_info":"Nacional","comment_count":"0","uagb_featured_image_src":{"full":["https:\/\/www.koncevisiontv.cl\/web\/wp-content\/uploads\/2025\/03\/Contraloria-Detecta-Irregularidades-en-Licitacion-de-Luminarias-LED-en-Concepcion.png",823,460,false],"thumbnail":["https:\/\/www.koncevisiontv.cl\/web\/wp-content\/uploads\/2025\/03\/Contraloria-Detecta-Irregularidades-en-Licitacion-de-Luminarias-LED-en-Concepcion-150x150.png",150,150,true],"medium":["https:\/\/www.koncevisiontv.cl\/web\/wp-content\/uploads\/2025\/03\/Contraloria-Detecta-Irregularidades-en-Licitacion-de-Luminarias-LED-en-Concepcion-300x168.png",300,168,true],"medium_large":["https:\/\/www.koncevisiontv.cl\/web\/wp-content\/uploads\/2025\/03\/Contraloria-Detecta-Irregularidades-en-Licitacion-de-Luminarias-LED-en-Concepcion-768x429.png",640,358,true],"large":["https:\/\/www.koncevisiontv.cl\/web\/wp-content\/uploads\/2025\/03\/Contraloria-Detecta-Irregularidades-en-Licitacion-de-Luminarias-LED-en-Concepcion.png",640,358,false],"1536x1536":["https:\/\/www.koncevisiontv.cl\/web\/wp-content\/uploads\/2025\/03\/Contraloria-Detecta-Irregularidades-en-Licitacion-de-Luminarias-LED-en-Concepcion.png",823,460,false],"2048x2048":["https:\/\/www.koncevisiontv.cl\/web\/wp-content\/uploads\/2025\/03\/Contraloria-Detecta-Irregularidades-en-Licitacion-de-Luminarias-LED-en-Concepcion.png",823,460,false],"darknews-featured":["https:\/\/www.koncevisiontv.cl\/web\/wp-content\/uploads\/2025\/03\/Contraloria-Detecta-Irregularidades-en-Licitacion-de-Luminarias-LED-en-Concepcion.png",823,460,false],"darknews-large":["https:\/\/www.koncevisiontv.cl\/web\/wp-content\/uploads\/2025\/03\/Contraloria-Detecta-Irregularidades-en-Licitacion-de-Luminarias-LED-en-Concepcion.png",823,460,false],"darknews-medium":["https:\/\/www.koncevisiontv.cl\/web\/wp-content\/uploads\/2025\/03\/Contraloria-Detecta-Irregularidades-en-Licitacion-de-Luminarias-LED-en-Concepcion-590x410.png",590,410,true]},"uagb_author_info":{"display_name":"Web-Master","author_link":"https:\/\/www.koncevisiontv.cl\/web\/author\/koncevision\/"},"uagb_comment_info":0,"uagb_excerpt":"La Contralor\u00eda General de la Rep\u00fablica emiti\u00f3 un informe que revela graves irregularidades en la licitaci\u00f3n del proyecto","_links":{"self":[{"href":"https:\/\/www.koncevisiontv.cl\/web\/wp-json\/wp\/v2\/posts\/6400","targetHints":{"allow":["GET"]}}],"collection":[{"href":"https:\/\/www.koncevisiontv.cl\/web\/wp-json\/wp\/v2\/posts"}],"about":[{"href":"https:\/\/www.koncevisiontv.cl\/web\/wp-json\/wp\/v2\/types\/post"}],"author":[{"embeddable":true,"href":"https:\/\/www.koncevisiontv.cl\/web\/wp-json\/wp\/v2\/users\/5"}],"replies":[{"embeddable":true,"href":"https:\/\/www.koncevisiontv.cl\/web\/wp-json\/wp\/v2\/comments?post=6400"}],"version-history":[{"count":1,"href":"https:\/\/www.koncevisiontv.cl\/web\/wp-json\/wp\/v2\/posts\/6400\/revisions"}],"predecessor-version":[{"id":6402,"href":"https:\/\/www.koncevisiontv.cl\/web\/wp-json\/wp\/v2\/posts\/6400\/revisions\/6402"}],"wp:featuredmedia":[{"embeddable":true,"href":"https:\/\/www.koncevisiontv.cl\/web\/wp-json\/wp\/v2\/media\/6401"}],"wp:attachment":[{"href":"https:\/\/www.koncevisiontv.cl\/web\/wp-json\/wp\/v2\/media?parent=6400"}],"wp:term":[{"taxonomy":"category","embeddable":true,"href":"https:\/\/www.koncevisiontv.cl\/web\/wp-json\/wp\/v2\/categories?post=6400"},{"taxonomy":"post_tag","embeddable":true,"href":"https:\/\/www.koncevisiontv.cl\/web\/wp-json\/wp\/v2\/tags?post=6400"}],"curies":[{"name":"wp","href":"https:\/\/api.w.org\/{rel}","templated":true}]}}