{"id":6403,"date":"2025-03-14T16:19:02","date_gmt":"2025-03-14T19:19:02","guid":{"rendered":"https:\/\/www.koncevisiontv.cl\/web\/?p=6403"},"modified":"2025-03-14T16:46:47","modified_gmt":"2025-03-14T19:46:47","slug":"captan-a-nino-manejando-microbus-en-chiguayante-video-causa-indignacion","status":"publish","type":"post","link":"https:\/\/www.koncevisiontv.cl\/web\/captan-a-nino-manejando-microbus-en-chiguayante-video-causa-indignacion\/","title":{"rendered":"INS\u00d3LITO: Captan a Ni\u00f1o Manejando Microb\u00fas en Chiguayante"},"content":{"rendered":"\n<div class=\"wp-block-uagb-advanced-heading uagb-block-49c57f6d\"><h2 class=\"uagb-heading-text\">Ni\u00f1o Manejando Microb\u00fas en Chiguayante:<\/h2><\/div>\n\n\n\n<h2 class=\"wp-block-heading\">EL VIDEO<\/h2>\n\n\n\n<figure class=\"wp-block-video\"><video height=\"720\" style=\"aspect-ratio: 1280 \/ 720;\" width=\"1280\" controls src=\"https:\/\/www.koncevisiontv.cl\/web\/wp-content\/uploads\/2025\/03\/nino-manejndo-micro-en-chiguayante.mp4\"><\/video><\/figure>\n\n\n\n<p class=\"wp-block-paragraph\">Un video que muestra a un <strong>ni\u00f1o conduciendo un microb\u00fas del transporte p\u00fablico <\/strong>en la comuna de <strong>Chiguayante <\/strong>, regi\u00f3n del Biob\u00edo, se ha vuelto viral en redes sociales. La inaudita escena ocurri\u00f3 en la intersecci\u00f3n de <strong>Avenida Manuel Rodr\u00edguez con Manquim\u00e1vida <\/strong>, donde el bus de la l\u00ednea <strong>V\u00eda Futuro <\/strong>estaba detenido por un sem\u00e1foro en rojo, pero con el motor encendido.<\/p>\n\n\n\n<p class=\"wp-block-paragraph\">El clip, que dura menos de <strong>30 segundos <\/strong>, muestra al menor al volante del veh\u00edculo. Sin embargo, no se aprecia claramente si hab\u00eda alg\u00fan adulto acompa\u00f1\u00e1ndolo dentro de la cabina. El video ha generado una fuerte reacci\u00f3n en la comunidad y llam\u00f3 la atenci\u00f3n de las autoridades locales.<\/p>\n\n\n\n<hr class=\"wp-block-separator has-alpha-channel-opacity\"\/>\n\n\n\n<h3 class=\"wp-block-heading\"><strong>Reacci\u00f3n de la Seremi de Transportes<\/strong><\/h3>\n\n\n\n<p class=\"wp-block-paragraph\">La <strong>Seremi de Transportes de la Regi\u00f3n del Biob\u00edo <\/strong>, <strong>Patricio Fierro <\/strong>, se pronunci\u00f3 sobre el caso tras ser consultado por medios locales. En sus declaraciones, conden\u00f3 rotundamente lo ocurrido y asegur\u00f3 que se tomar\u00e1n medidas estrictas si los hechos son confirmados.<\/p>\n\n\n\n<blockquote class=\"wp-block-quote is-layout-flow wp-block-quote-is-layout-flow\">\n<p class=\"wp-block-paragraph\">\u201cEn primer lugar, es un hecho que condenamos, que repudiamos y esperamos que sea sancionado con el m\u00e1ximo rigor, si es que los hechos son efectivos y se acreditan,\u201d afirm\u00f3 Fierro.<\/p>\n<\/blockquote>\n\n\n\n<p class=\"wp-block-paragraph\">El seremi explic\u00f3 que desde la <strong>Seremi de Transportes y Telecomunicaciones <\/strong>ya solicitaron los antecedentes correspondientes al operador del servicio de transporte p\u00fablico, dado que los buses involucrados en este tipo de situaciones cuentan con <strong>c\u00e1maras integradas en sus cabinas <\/strong>. Estas grabaciones ser\u00e1n revisadas para determinar la veracidad del incidente y las responsabilidades involucradas.<\/p>\n\n\n\n<p class=\"wp-block-paragraph\">Adem\u00e1s, destac\u00f3 que:<\/p>\n\n\n\n<blockquote class=\"wp-block-quote is-layout-flow wp-block-quote-is-layout-flow\">\n<p class=\"wp-block-paragraph\">\u201cNo nos podemos permitir que ninguna persona, bajo ninguna circunstancia, conduzca veh\u00edculos motorizados, ya sea de transporte privado o p\u00fablico, sin portar su licencia de conducir, y m\u00e1s a\u00fan en el caso de menores de edad.\u201d<\/p>\n<\/blockquote>\n\n\n\n<p class=\"wp-block-paragraph\">Fierro tambi\u00e9n asegur\u00f3 que, de comprobarse la situaci\u00f3n, se aplicar\u00e1n todas las sanciones pertinentes a la empresa responsable. No descart\u00f3 que la Seremi se sume a acciones legales en caso de ser necesario.<\/p>\n\n\n\n<hr class=\"wp-block-separator has-alpha-channel-opacity\"\/>\n\n\n\n<h3 class=\"wp-block-heading\"><strong>\u00bfQu\u00e9 Se Sabe Hasta Ahora?<\/strong><\/h3>\n\n\n\n<ul class=\"wp-block-list\">\n<li>El video muestra a un ni\u00f1o manejando un microb\u00fas en una de las calles m\u00e1s concurridas de Chiguayante.<\/li>\n\n\n\n<li>El hecho ocurri\u00f3 en la intersecci\u00f3n de <strong>Avenida Manuel Rodr\u00edguez con Manquim\u00e1vida <\/strong>, mientras el veh\u00edculo estaba detenido en un sem\u00e1foro.<\/li>\n\n\n\n<li>Aunque el menor aparece al volante, no se ha confirmado si hab\u00eda un adulto presente en la cabina.<\/li>\n\n\n\n<li>Las c\u00e1maras de seguridad del bus ser\u00e1n revisadas para esclarecer los hechos.<\/li>\n<\/ul>\n\n\n\n<hr class=\"wp-block-separator has-alpha-channel-opacity\"\/>\n\n\n\n<h3 class=\"wp-block-heading\"><strong>Posibles Consecuencias Legales<\/strong><\/h3>\n\n\n\n<p class=\"wp-block-paragraph\">Seg\u00fan las autoridades, este tipo de incidentes podr\u00eda derivar en sanciones severas para la empresa operadora del microb\u00fas. Entre las posibles medidas se incluyen:<\/p>\n\n\n\n<ol start=\"1\" class=\"wp-block-list\">\n<li><strong>Multas econ\u00f3micas <\/strong>: Por incumplimiento de las normativas de seguridad vial.<\/li>\n\n\n\n<li><strong>Suspensi\u00f3n temporal o permanente del permiso de operaci\u00f3n <\/strong>: Si se comprueba negligencia por parte de la empresa.<\/li>\n\n\n\n<li><strong>Acciones penales <\/strong>: En caso de que se determine que hubo complicidad o negligencia por parte de adultos responsables.<\/li>\n<\/ol>\n\n\n\n<p class=\"wp-block-paragraph\">El seremi Fierro enfatiz\u00f3 que este tipo de conductas no solo ponen en riesgo la vida del menor involucrado, sino tambi\u00e9n la seguridad de los pasajeros y otros usuarios de la v\u00eda p\u00fablica.<\/p>\n\n\n\n<hr class=\"wp-block-separator has-alpha-channel-opacity\"\/>\n\n\n\n<h3 class=\"wp-block-heading\"><strong>Reacciones en Redes Sociales<\/strong><\/h3>\n\n\n\n<p class=\"wp-block-paragraph\">El video ha generado una oleada de cr\u00edticas en plataformas como <strong>Twitter <\/strong>e <strong>Instagram <\/strong>, donde los usuarios han expresado su indignaci\u00f3n ante la irresponsabilidad de permitir que un ni\u00f1o conduzca un veh\u00edculo de transporte p\u00fablico.<\/p>\n\n\n\n<p class=\"wp-block-paragraph\">Algunos comentarios destacaron:<\/p>\n\n\n\n<ul class=\"wp-block-list\">\n<li><strong>\u201cEsto es un peligro total. \u00bfD\u00f3nde est\u00e1n los supervisores?\u201d<\/strong><\/li>\n\n\n\n<li><strong>\u201cEspero que castiguen a la empresa. Esto no puede quedar impune.\u201d<\/strong><\/li>\n\n\n\n<li><strong>\u201cIrresponsabilidad pura. Alguien tiene que responder por esto.\u201d<\/strong><\/li>\n<\/ul>\n","protected":false},"excerpt":{"rendered":"<p>Ni\u00f1o Manejando Microb\u00fas en Chiguayante: EL VIDEO Un video que muestra a un ni\u00f1o conduciendo un microb\u00fas del<\/p>\n","protected":false},"author":5,"featured_media":6404,"comment_status":"open","ping_status":"open","sticky":false,"template":"","format":"standard","meta":{"_crdt_document":"","_uag_custom_page_level_css":"","_sitemap_exclude":false,"_sitemap_priority":"","_sitemap_frequency":"","_joinchat":[],"footnotes":""},"categories":[1,226,14],"tags":[],"class_list":["post-6403","post","type-post","status-publish","format-standard","has-post-thumbnail","hentry","category-bio-bio","category-concepcion","category-nacional"],"featured_image_urls":{"full":["https:\/\/www.koncevisiontv.cl\/web\/wp-content\/uploads\/2025\/03\/NINO-MANEJANDO-un-microbus-en-concurrida-calle-de-CHIGUAYANTE.webp",1200,633,false],"thumbnail":["https:\/\/www.koncevisiontv.cl\/web\/wp-content\/uploads\/2025\/03\/NINO-MANEJANDO-un-microbus-en-concurrida-calle-de-CHIGUAYANTE-150x150.webp",150,150,true],"medium":["https:\/\/www.koncevisiontv.cl\/web\/wp-content\/uploads\/2025\/03\/NINO-MANEJANDO-un-microbus-en-concurrida-calle-de-CHIGUAYANTE-300x158.webp",300,158,true],"medium_large":["https:\/\/www.koncevisiontv.cl\/web\/wp-content\/uploads\/2025\/03\/NINO-MANEJANDO-un-microbus-en-concurrida-calle-de-CHIGUAYANTE-768x405.webp",640,338,true],"large":["https:\/\/www.koncevisiontv.cl\/web\/wp-content\/uploads\/2025\/03\/NINO-MANEJANDO-un-microbus-en-concurrida-calle-de-CHIGUAYANTE-1024x540.webp",640,338,true],"1536x1536":["https:\/\/www.koncevisiontv.cl\/web\/wp-content\/uploads\/2025\/03\/NINO-MANEJANDO-un-microbus-en-concurrida-calle-de-CHIGUAYANTE.webp",1200,633,false],"2048x2048":["https:\/\/www.koncevisiontv.cl\/web\/wp-content\/uploads\/2025\/03\/NINO-MANEJANDO-un-microbus-en-concurrida-calle-de-CHIGUAYANTE.webp",1200,633,false],"darknews-featured":["https:\/\/www.koncevisiontv.cl\/web\/wp-content\/uploads\/2025\/03\/NINO-MANEJANDO-un-microbus-en-concurrida-calle-de-CHIGUAYANTE-1024x540.webp",1024,540,true],"darknews-large":["https:\/\/www.koncevisiontv.cl\/web\/wp-content\/uploads\/2025\/03\/NINO-MANEJANDO-un-microbus-en-concurrida-calle-de-CHIGUAYANTE-825x575.webp",825,575,true],"darknews-medium":["https:\/\/www.koncevisiontv.cl\/web\/wp-content\/uploads\/2025\/03\/NINO-MANEJANDO-un-microbus-en-concurrida-calle-de-CHIGUAYANTE-590x410.webp",590,410,true]},"author_info":{"info":["Web-Master"]},"category_info":"<a href=\"https:\/\/www.koncevisiontv.cl\/web\/category\/bio-bio\/\" rel=\"category tag\">Bio-B\u00edo<\/a> <a href=\"https:\/\/www.koncevisiontv.cl\/web\/category\/concepcion\/\" rel=\"category tag\">Concepcion<\/a> <a href=\"https:\/\/www.koncevisiontv.cl\/web\/category\/nacional\/\" rel=\"category tag\">Nacional<\/a>","tag_info":"Nacional","comment_count":"0","uagb_featured_image_src":{"full":["https:\/\/www.koncevisiontv.cl\/web\/wp-content\/uploads\/2025\/03\/NINO-MANEJANDO-un-microbus-en-concurrida-calle-de-CHIGUAYANTE.webp",1200,633,false],"thumbnail":["https:\/\/www.koncevisiontv.cl\/web\/wp-content\/uploads\/2025\/03\/NINO-MANEJANDO-un-microbus-en-concurrida-calle-de-CHIGUAYANTE-150x150.webp",150,150,true],"medium":["https:\/\/www.koncevisiontv.cl\/web\/wp-content\/uploads\/2025\/03\/NINO-MANEJANDO-un-microbus-en-concurrida-calle-de-CHIGUAYANTE-300x158.webp",300,158,true],"medium_large":["https:\/\/www.koncevisiontv.cl\/web\/wp-content\/uploads\/2025\/03\/NINO-MANEJANDO-un-microbus-en-concurrida-calle-de-CHIGUAYANTE-768x405.webp",640,338,true],"large":["https:\/\/www.koncevisiontv.cl\/web\/wp-content\/uploads\/2025\/03\/NINO-MANEJANDO-un-microbus-en-concurrida-calle-de-CHIGUAYANTE-1024x540.webp",640,338,true],"1536x1536":["https:\/\/www.koncevisiontv.cl\/web\/wp-content\/uploads\/2025\/03\/NINO-MANEJANDO-un-microbus-en-concurrida-calle-de-CHIGUAYANTE.webp",1200,633,false],"2048x2048":["https:\/\/www.koncevisiontv.cl\/web\/wp-content\/uploads\/2025\/03\/NINO-MANEJANDO-un-microbus-en-concurrida-calle-de-CHIGUAYANTE.webp",1200,633,false],"darknews-featured":["https:\/\/www.koncevisiontv.cl\/web\/wp-content\/uploads\/2025\/03\/NINO-MANEJANDO-un-microbus-en-concurrida-calle-de-CHIGUAYANTE-1024x540.webp",1024,540,true],"darknews-large":["https:\/\/www.koncevisiontv.cl\/web\/wp-content\/uploads\/2025\/03\/NINO-MANEJANDO-un-microbus-en-concurrida-calle-de-CHIGUAYANTE-825x575.webp",825,575,true],"darknews-medium":["https:\/\/www.koncevisiontv.cl\/web\/wp-content\/uploads\/2025\/03\/NINO-MANEJANDO-un-microbus-en-concurrida-calle-de-CHIGUAYANTE-590x410.webp",590,410,true]},"uagb_author_info":{"display_name":"Web-Master","author_link":"https:\/\/www.koncevisiontv.cl\/web\/author\/koncevision\/"},"uagb_comment_info":0,"uagb_excerpt":"Ni\u00f1o Manejando Microb\u00fas en Chiguayante: EL VIDEO Un video que muestra a un ni\u00f1o conduciendo un microb\u00fas del","_links":{"self":[{"href":"https:\/\/www.koncevisiontv.cl\/web\/wp-json\/wp\/v2\/posts\/6403","targetHints":{"allow":["GET"]}}],"collection":[{"href":"https:\/\/www.koncevisiontv.cl\/web\/wp-json\/wp\/v2\/posts"}],"about":[{"href":"https:\/\/www.koncevisiontv.cl\/web\/wp-json\/wp\/v2\/types\/post"}],"author":[{"embeddable":true,"href":"https:\/\/www.koncevisiontv.cl\/web\/wp-json\/wp\/v2\/users\/5"}],"replies":[{"embeddable":true,"href":"https:\/\/www.koncevisiontv.cl\/web\/wp-json\/wp\/v2\/comments?post=6403"}],"version-history":[{"count":1,"href":"https:\/\/www.koncevisiontv.cl\/web\/wp-json\/wp\/v2\/posts\/6403\/revisions"}],"predecessor-version":[{"id":6406,"href":"https:\/\/www.koncevisiontv.cl\/web\/wp-json\/wp\/v2\/posts\/6403\/revisions\/6406"}],"wp:featuredmedia":[{"embeddable":true,"href":"https:\/\/www.koncevisiontv.cl\/web\/wp-json\/wp\/v2\/media\/6404"}],"wp:attachment":[{"href":"https:\/\/www.koncevisiontv.cl\/web\/wp-json\/wp\/v2\/media?parent=6403"}],"wp:term":[{"taxonomy":"category","embeddable":true,"href":"https:\/\/www.koncevisiontv.cl\/web\/wp-json\/wp\/v2\/categories?post=6403"},{"taxonomy":"post_tag","embeddable":true,"href":"https:\/\/www.koncevisiontv.cl\/web\/wp-json\/wp\/v2\/tags?post=6403"}],"curies":[{"name":"wp","href":"https:\/\/api.w.org\/{rel}","templated":true}]}}