{"id":6509,"date":"2025-03-18T21:42:19","date_gmt":"2025-03-19T00:42:19","guid":{"rendered":"https:\/\/www.koncevisiontv.cl\/web\/?p=6509"},"modified":"2025-03-18T21:42:24","modified_gmt":"2025-03-19T00:42:24","slug":"boric-critica-israel-gaza-alto-fuego","status":"publish","type":"post","link":"https:\/\/www.koncevisiontv.cl\/web\/boric-critica-israel-gaza-alto-fuego\/","title":{"rendered":"Presidente Boric Condena Quiebre de Alto el Fuego en Gaza: \u201cChacales que el Chacal Rechazar\u00eda\u201d"},"content":{"rendered":"\n<p class=\"wp-block-paragraph\">El Presidente de Chile, <strong>Gabriel Boric <\/strong>, subi\u00f3 el tono este martes tras el masivo ataque a\u00e9reo perpetrado por las <strong>Fuerzas de Defensa de Israel <\/strong>en la Franja de Gaza, que dej\u00f3 m\u00e1s de <strong>400 muertos <\/strong>, incluidas mujeres y ni\u00f1os. A trav\u00e9s de una publicaci\u00f3n en su cuenta de <strong>X (anteriormente Twitter) <\/strong>, el Mandatario chileno conden\u00f3 el accionar israel\u00ed, citando al poeta <strong>Pablo Neruda <\/strong>y utilizando una frase contundente para referirse a los responsables del conflicto.<\/p>\n\n\n\n<hr class=\"wp-block-separator has-alpha-channel-opacity\"\/>\n\n\n\n<h3 class=\"wp-block-heading\"><strong>La Respuesta de Boric al Ataque en Gaza<\/strong><\/h3>\n\n\n\n<p class=\"wp-block-paragraph\">En su mensaje, Boric critic\u00f3 duramente al gobierno de <strong>Israel <\/strong>, se\u00f1alando que \u201cel gobierno de Israel reafirma su vocaci\u00f3n criminal y de destrucci\u00f3n del pueblo Palestino violando unilateralmente el alto al fuego y asesinando ni\u00f1os y mujeres en Gaza\u201d.<\/p>\n\n\n\n<p class=\"wp-block-paragraph\">Para enfatizar su postura, el Presidente cit\u00f3 una c\u00e9lebre frase del poema <strong>\u201cEl General Franco en los infiernos\u201d <\/strong>de Pablo Neruda: <strong>\u201cChacales que el chacal rechazar\u00eda\u201d <\/strong>, originalmente escrita en referencia al dictador espa\u00f1ol <strong>Francisco Franco <\/strong>. Este fuerte lenguaje refleja la indignaci\u00f3n del Mandatario ante la escalada de violencia en la regi\u00f3n.<\/p>\n\n\n\n<blockquote class=\"wp-block-quote is-layout-flow wp-block-quote-is-layout-flow\">\n<p class=\"wp-block-paragraph\">\u201cReafirmamos nuestro apoyo al pueblo Palestino y su demanda por autodeterminaci\u00f3n\u201d, concluy\u00f3 Boric en su mensaje.<\/p>\n<\/blockquote>\n\n\n\n<figure class=\"wp-block-embed is-type-rich is-provider-twitter wp-block-embed-twitter\"><div class=\"wp-block-embed__wrapper\">\n<blockquote class=\"twitter-tweet\" data-width=\"550\" data-dnt=\"true\"><p lang=\"es\" dir=\"ltr\">El gobierno de Israel reafirma su vocaci\u00f3n criminal y de destrucci\u00f3n del pueblo Palestino violando unilateralmente el alto al fuego y asesinando ni\u00f1os y mujeres en Gaza. <br><br>Chacales que el chacal rechazar\u00eda\u2026<br><br>Reafirmamos nuestro apoyo al pueblo Palestino y su demanda por\u2026<\/p>&mdash; Gabriel Boric Font (@GabrielBoric) <a href=\"https:\/\/twitter.com\/GabrielBoric\/status\/1902131286170595429?ref_src=twsrc%5Etfw\" target=\"_blank\" rel=\"noopener\">March 18, 2025<\/a><\/blockquote><script async src=\"https:\/\/platform.twitter.com\/widgets.js\" charset=\"utf-8\"><\/script>\n<\/div><\/figure>\n\n\n\n<h3 class=\"wp-block-heading\"><strong>El Contexto del Conflicto<\/strong><\/h3>\n\n\n\n<p class=\"wp-block-paragraph\">El ataque israel\u00ed, lanzado durante la madrugada de este martes, marca el fin de un fr\u00e1gil alto el fuego que hab\u00eda estado vigente desde el <strong>19 de enero <\/strong>entre <strong>Israel <\/strong>y <strong>Hamas <\/strong>, el grupo islamista que controla la Franja de Gaza. Seg\u00fan el gobierno israel\u00ed, Hamas incumpli\u00f3 el acuerdo al no liberar a m\u00e1s rehenes israel\u00edes, lo que llev\u00f3 a <strong>Benjamin Netanyahu <\/strong>a ordenar la nueva ofensiva militar.<\/p>\n\n\n\n<p class=\"wp-block-paragraph\">El Ministerio de Salud palestino report\u00f3 <strong>562 personas heridas <\/strong>adem\u00e1s de los m\u00e1s de <strong>400 fallecidos <\/strong>, elevando las preocupaciones sobre un posible retorno a una guerra abierta en la regi\u00f3n. El diario <strong>The New York Times <\/strong>destac\u00f3 que esta escalada plantea serios riesgos para la estabilidad en Medio Oriente.<\/p>\n\n\n\n<p class=\"wp-block-paragraph\">Cabe destacar que el ataque cont\u00f3 con el apoyo expl\u00edcito de <strong>Estados Unidos <\/strong>, cuya Casa Blanca confirm\u00f3 haber sido consultada previamente y respald\u00f3 la decisi\u00f3n israel\u00ed.<\/p>\n\n\n\n<hr class=\"wp-block-separator has-alpha-channel-opacity\"\/>\n\n\n\n<h3 class=\"wp-block-heading\"><strong>Cr\u00edticas Internacionales y Apoyo al Pueblo Palestino<\/strong><\/h3>\n\n\n\n<p class=\"wp-block-paragraph\">El quiebre del alto el fuego ha generado cr\u00edticas internacionales, especialmente desde pa\u00edses como <strong>Chile <\/strong>, que hist\u00f3ricamente ha mostrado solidaridad con la causa palestina. En su declaraci\u00f3n, Boric reiter\u00f3 el compromiso de su gobierno con el derecho a la autodeterminaci\u00f3n del pueblo palestino, un tema central en su agenda pol\u00edtica tanto nacional como internacional.<\/p>\n\n\n\n<p class=\"wp-block-paragraph\"><\/p>\n\n\n\n<div class=\"wp-block-uagb-image uagb-block-cb616956 wp-block-uagb-image--layout-default wp-block-uagb-image--effect-static wp-block-uagb-image--align-none\"><figure class=\"wp-block-uagb-image__figure\"><img decoding=\"async\" srcset=\"https:\/\/www.koncevisiontv.cl\/web\/wp-content\/uploads\/2025\/03\/cese-de-alto-al-fuego-en-gaza.avif ,https:\/\/www.koncevisiontv.cl\/web\/wp-content\/uploads\/2025\/03\/cese-de-alto-al-fuego-en-gaza.avif 780w, https:\/\/www.koncevisiontv.cl\/web\/wp-content\/uploads\/2025\/03\/cese-de-alto-al-fuego-en-gaza.avif 360w\" sizes=\"auto, (max-width: 480px) 150px\" src=\"https:\/\/www.koncevisiontv.cl\/web\/wp-content\/uploads\/2025\/03\/cese-de-alto-al-fuego-en-gaza.avif\" alt=\"\" class=\"uag-image-6510\" width=\"790\" height=\"520\" title=\"cese de alto al fuego en gaza\" loading=\"lazy\" role=\"img\"><\/figure><\/div>\n\n\n\n<p class=\"wp-block-paragraph\">Este posicionamiento tambi\u00e9n refleja las tensiones crecientes entre l\u00edderes globales y el gobierno israel\u00ed, particularmente bajo la administraci\u00f3n de <strong>Netanyahu <\/strong>, quien enfrenta una crisis interna tras anunciar recientemente la destituci\u00f3n del jefe de inteligencia israel\u00ed, quien hab\u00eda pedido investigar posibles irregularidades en su gesti\u00f3n.<\/p>\n","protected":false},"excerpt":{"rendered":"<p>El Presidente de Chile, Gabriel Boric , subi\u00f3 el tono este martes tras el masivo ataque a\u00e9reo perpetrado<\/p>\n","protected":false},"author":5,"featured_media":5533,"comment_status":"open","ping_status":"open","sticky":false,"template":"","format":"standard","meta":{"_crdt_document":"","_uag_custom_page_level_css":"","_sitemap_exclude":false,"_sitemap_priority":"","_sitemap_frequency":"","_joinchat":[],"footnotes":""},"categories":[14],"tags":[],"class_list":["post-6509","post","type-post","status-publish","format-standard","has-post-thumbnail","hentry","category-nacional"],"featured_image_urls":{"full":["https:\/\/www.koncevisiontv.cl\/web\/wp-content\/uploads\/2025\/02\/gabriel-boric-soobreseido.jpg",740,430,false],"thumbnail":["https:\/\/www.koncevisiontv.cl\/web\/wp-content\/uploads\/2025\/02\/gabriel-boric-soobreseido-150x150.jpg",150,150,true],"medium":["https:\/\/www.koncevisiontv.cl\/web\/wp-content\/uploads\/2025\/02\/gabriel-boric-soobreseido-300x174.jpg",300,174,true],"medium_large":["https:\/\/www.koncevisiontv.cl\/web\/wp-content\/uploads\/2025\/02\/gabriel-boric-soobreseido.jpg",640,372,false],"large":["https:\/\/www.koncevisiontv.cl\/web\/wp-content\/uploads\/2025\/02\/gabriel-boric-soobreseido.jpg",640,372,false],"1536x1536":["https:\/\/www.koncevisiontv.cl\/web\/wp-content\/uploads\/2025\/02\/gabriel-boric-soobreseido.jpg",740,430,false],"2048x2048":["https:\/\/www.koncevisiontv.cl\/web\/wp-content\/uploads\/2025\/02\/gabriel-boric-soobreseido.jpg",740,430,false],"darknews-featured":["https:\/\/www.koncevisiontv.cl\/web\/wp-content\/uploads\/2025\/02\/gabriel-boric-soobreseido.jpg",740,430,false],"darknews-large":["https:\/\/www.koncevisiontv.cl\/web\/wp-content\/uploads\/2025\/02\/gabriel-boric-soobreseido.jpg",740,430,false],"darknews-medium":["https:\/\/www.koncevisiontv.cl\/web\/wp-content\/uploads\/2025\/02\/gabriel-boric-soobreseido-590x410.jpg",590,410,true]},"author_info":{"info":["Web-Master"]},"category_info":"<a href=\"https:\/\/www.koncevisiontv.cl\/web\/category\/nacional\/\" rel=\"category tag\">Nacional<\/a>","tag_info":"Nacional","comment_count":"0","uagb_featured_image_src":{"full":["https:\/\/www.koncevisiontv.cl\/web\/wp-content\/uploads\/2025\/02\/gabriel-boric-soobreseido.jpg",740,430,false],"thumbnail":["https:\/\/www.koncevisiontv.cl\/web\/wp-content\/uploads\/2025\/02\/gabriel-boric-soobreseido-150x150.jpg",150,150,true],"medium":["https:\/\/www.koncevisiontv.cl\/web\/wp-content\/uploads\/2025\/02\/gabriel-boric-soobreseido-300x174.jpg",300,174,true],"medium_large":["https:\/\/www.koncevisiontv.cl\/web\/wp-content\/uploads\/2025\/02\/gabriel-boric-soobreseido.jpg",640,372,false],"large":["https:\/\/www.koncevisiontv.cl\/web\/wp-content\/uploads\/2025\/02\/gabriel-boric-soobreseido.jpg",640,372,false],"1536x1536":["https:\/\/www.koncevisiontv.cl\/web\/wp-content\/uploads\/2025\/02\/gabriel-boric-soobreseido.jpg",740,430,false],"2048x2048":["https:\/\/www.koncevisiontv.cl\/web\/wp-content\/uploads\/2025\/02\/gabriel-boric-soobreseido.jpg",740,430,false],"darknews-featured":["https:\/\/www.koncevisiontv.cl\/web\/wp-content\/uploads\/2025\/02\/gabriel-boric-soobreseido.jpg",740,430,false],"darknews-large":["https:\/\/www.koncevisiontv.cl\/web\/wp-content\/uploads\/2025\/02\/gabriel-boric-soobreseido.jpg",740,430,false],"darknews-medium":["https:\/\/www.koncevisiontv.cl\/web\/wp-content\/uploads\/2025\/02\/gabriel-boric-soobreseido-590x410.jpg",590,410,true]},"uagb_author_info":{"display_name":"Web-Master","author_link":"https:\/\/www.koncevisiontv.cl\/web\/author\/koncevision\/"},"uagb_comment_info":0,"uagb_excerpt":"El Presidente de Chile, Gabriel Boric , subi\u00f3 el tono este martes tras el masivo ataque a\u00e9reo perpetrado","_links":{"self":[{"href":"https:\/\/www.koncevisiontv.cl\/web\/wp-json\/wp\/v2\/posts\/6509","targetHints":{"allow":["GET"]}}],"collection":[{"href":"https:\/\/www.koncevisiontv.cl\/web\/wp-json\/wp\/v2\/posts"}],"about":[{"href":"https:\/\/www.koncevisiontv.cl\/web\/wp-json\/wp\/v2\/types\/post"}],"author":[{"embeddable":true,"href":"https:\/\/www.koncevisiontv.cl\/web\/wp-json\/wp\/v2\/users\/5"}],"replies":[{"embeddable":true,"href":"https:\/\/www.koncevisiontv.cl\/web\/wp-json\/wp\/v2\/comments?post=6509"}],"version-history":[{"count":1,"href":"https:\/\/www.koncevisiontv.cl\/web\/wp-json\/wp\/v2\/posts\/6509\/revisions"}],"predecessor-version":[{"id":6512,"href":"https:\/\/www.koncevisiontv.cl\/web\/wp-json\/wp\/v2\/posts\/6509\/revisions\/6512"}],"wp:featuredmedia":[{"embeddable":true,"href":"https:\/\/www.koncevisiontv.cl\/web\/wp-json\/wp\/v2\/media\/5533"}],"wp:attachment":[{"href":"https:\/\/www.koncevisiontv.cl\/web\/wp-json\/wp\/v2\/media?parent=6509"}],"wp:term":[{"taxonomy":"category","embeddable":true,"href":"https:\/\/www.koncevisiontv.cl\/web\/wp-json\/wp\/v2\/categories?post=6509"},{"taxonomy":"post_tag","embeddable":true,"href":"https:\/\/www.koncevisiontv.cl\/web\/wp-json\/wp\/v2\/tags?post=6509"}],"curies":[{"name":"wp","href":"https:\/\/api.w.org\/{rel}","templated":true}]}}