{"id":6517,"date":"2025-03-18T22:05:52","date_gmt":"2025-03-19T01:05:52","guid":{"rendered":"https:\/\/www.koncevisiontv.cl\/web\/?p=6517"},"modified":"2025-03-18T22:05:54","modified_gmt":"2025-03-19T01:05:54","slug":"rincon-critica-dichos-orrego-fiscalia","status":"publish","type":"post","link":"https:\/\/www.koncevisiontv.cl\/web\/rincon-critica-dichos-orrego-fiscalia\/","title":{"rendered":"\u201cSi Tiene Antecedentes\u2026\u201d: Senadora Rinc\u00f3n Critica Duros Dichos de Orrego Sobre Filtraciones en Fiscal\u00eda"},"content":{"rendered":"\n<p class=\"wp-block-paragraph\">La senadora y precandidata presidencial de <strong>Dem\u00f3cratas <\/strong>, <strong>Ximena Rinc\u00f3n <\/strong>, sali\u00f3 al paso de las recientes declaraciones del gobernador de la Regi\u00f3n Metropolitana, <strong>Claudio Orrego <\/strong>, quien sugiri\u00f3 que podr\u00eda haber pagos detr\u00e1s de las filtraciones de investigaciones del <strong>Ministerio P\u00fablico <\/strong>. En una entrevista con <strong>CNN Chile Radio <\/strong>, Rinc\u00f3n calific\u00f3 como \u201cgraves\u201d los dichos de Orrego y cuestion\u00f3 su falta de pruebas para sustentar sus afirmaciones.<\/p>\n\n\n\n<figure class=\"wp-block-embed is-type-rich is-provider-twitter wp-block-embed-twitter\"><div class=\"wp-block-embed__wrapper\">\n<blockquote class=\"twitter-tweet\" data-width=\"550\" data-dnt=\"true\"><p lang=\"es\" dir=\"ltr\"><a href=\"https:\/\/twitter.com\/hashtag\/CNNChileRadio?src=hash&amp;ref_src=twsrc%5Etfw\" target=\"_blank\" rel=\"noopener\">#CNNChileRadio<\/a> | Senadora Ximena Rinc\u00f3n y filtraciones de Fiscal\u00eda: &quot;Tendremos que revisar el marco legal, si es necesario, realizar una modificaci\u00f3n&quot;.<br><br>\ud83d\udce1 Sigue la se\u00f1al aqu\u00ed: <a href=\"https:\/\/t.co\/AIuGjCzPk0\">https:\/\/t.co\/AIuGjCzPk0<\/a> <a href=\"https:\/\/t.co\/LVpibk0gmM\">pic.twitter.com\/LVpibk0gmM<\/a><\/p>&mdash; CNN Chile (@CNNChile) <a href=\"https:\/\/twitter.com\/CNNChile\/status\/1901969376330338726?ref_src=twsrc%5Etfw\" target=\"_blank\" rel=\"noopener\">March 18, 2025<\/a><\/blockquote><script async src=\"https:\/\/platform.twitter.com\/widgets.js\" charset=\"utf-8\"><\/script>\n<\/div><\/figure>\n\n\n\n<h3 class=\"wp-block-heading\"><strong>\u201cUna Afirmaci\u00f3n de Ese Impacto No Ayuda\u201d: Rinc\u00f3n Respuesta a Orrego<\/strong><\/h3>\n\n\n\n<p class=\"wp-block-paragraph\">Durante la conversaci\u00f3n, la parlamentaria expres\u00f3 su preocupaci\u00f3n por el impacto negativo que tienen este tipo de declaraciones en la investigaci\u00f3n judicial y en la percepci\u00f3n p\u00fablica sobre las instituciones.<\/p>\n\n\n\n<blockquote class=\"wp-block-quote is-layout-flow wp-block-quote-is-layout-flow\">\n<p class=\"wp-block-paragraph\">\u201cUna afirmaci\u00f3n de ese impacto no ayuda a la investigaci\u00f3n y desv\u00eda el foco de atenci\u00f3n\u201d, se\u00f1al\u00f3 Rinc\u00f3n.<\/p>\n<\/blockquote>\n\n\n\n<p class=\"wp-block-paragraph\">Adem\u00e1s, hizo un llamado al gobernador para que, si cuenta con antecedentes concretos, los entregue a las instancias correspondientes:<\/p>\n\n\n\n<blockquote class=\"wp-block-quote is-layout-flow wp-block-quote-is-layout-flow\">\n<p class=\"wp-block-paragraph\">\u201cSi \u00e9l tiene antecedentes, deber\u00eda ponerlos en conocimiento de las instancias pertinentes\u201d, a\u00f1adi\u00f3.<\/p>\n<\/blockquote>\n\n\n\n<p class=\"wp-block-paragraph\">La senadora enfatiz\u00f3 que, sin evidencias claras, este tipo de acusaciones solo genera confusi\u00f3n y perjudica la credibilidad de las instituciones involucradas.<\/p>\n\n\n\n<hr class=\"wp-block-separator has-alpha-channel-opacity\"\/>\n\n\n\n<h3 class=\"wp-block-heading\"><strong>Filtraciones Da\u00f1an la Institucionalidad del Pa\u00eds<\/strong><\/h3>\n\n\n\n<p class=\"wp-block-paragraph\">Rinc\u00f3n tambi\u00e9n se refiri\u00f3 a las consecuencias m\u00e1s amplias de las filtraciones en casos de alto perfil, destacando que estas afectan no solo al <strong>Ministerio P\u00fablico <\/strong>, sino tambi\u00e9n a otras instituciones clave, como la <strong>C\u00e1mara de Diputados <\/strong>y los <strong>municipios <\/strong>.<\/p>\n\n\n\n<blockquote class=\"wp-block-quote is-layout-flow wp-block-quote-is-layout-flow\">\n<p class=\"wp-block-paragraph\">\u201cEs un tema que est\u00e1 da\u00f1ando mucho, no solo a la Fiscal\u00eda, sino tambi\u00e9n a otras instituciones como la C\u00e1mara de Diputados y los municipios\u201d, dijo.<\/p>\n<\/blockquote>\n\n\n\n<p class=\"wp-block-paragraph\">En ese sentido, hizo un llamado a revisar el marco legal vigente para determinar si es necesario implementar modificaciones que prevengan la repetici\u00f3n de estas filtraciones.<\/p>\n\n\n\n<blockquote class=\"wp-block-quote is-layout-flow wp-block-quote-is-layout-flow\">\n<p class=\"wp-block-paragraph\">\u201cHoy reaccionan con fuerza algunos, pero esto no es la primera vez que ocurre\u201d, subray\u00f3.<\/p>\n<\/blockquote>\n\n\n\n<hr class=\"wp-block-separator has-alpha-channel-opacity\"\/>\n\n\n\n<h3 class=\"wp-block-heading\"><strong>\u00bfQui\u00e9n Tiene Acceso a la Informaci\u00f3n?<\/strong><\/h3>\n\n\n\n<p class=\"wp-block-paragraph\">La senadora tambi\u00e9n destac\u00f3 la necesidad de esclarecer de d\u00f3nde provienen exactamente estas filtraciones. Seg\u00fan declaraciones de fiscales, el <strong>Ministerio P\u00fablico <\/strong>no ser\u00eda el \u00fanico organismo con acceso a la informaci\u00f3n que ha salido a la luz p\u00fablica.<\/p>\n\n\n\n<blockquote class=\"wp-block-quote is-layout-flow wp-block-quote-is-layout-flow\">\n<p class=\"wp-block-paragraph\">\u201cHay que determinar si es necesario un cambio en la ley para abordar esta situaci\u00f3n y terminar de una vez por todas con este problema\u201d, concluy\u00f3 Rinc\u00f3n.<\/p>\n<\/blockquote>\n\n\n\n<p class=\"wp-block-paragraph\">Su mensaje fue claro: m\u00e1s all\u00e1 de las explicaciones que pueda entregar la <strong>Fiscal\u00eda Nacional <\/strong>, lo importante es encontrar soluciones efectivas para evitar que estos hechos se repitan en el futuro.<\/p>\n","protected":false},"excerpt":{"rendered":"<p>La senadora y precandidata presidencial de Dem\u00f3cratas , Ximena Rinc\u00f3n , sali\u00f3 al paso de las recientes declaraciones<\/p>\n","protected":false},"author":5,"featured_media":6519,"comment_status":"open","ping_status":"open","sticky":false,"template":"","format":"standard","meta":{"_crdt_document":"","_uag_custom_page_level_css":"","_sitemap_exclude":false,"_sitemap_priority":"","_sitemap_frequency":"","_joinchat":[],"footnotes":""},"categories":[14],"tags":[],"class_list":["post-6517","post","type-post","status-publish","format-standard","has-post-thumbnail","hentry","category-nacional"],"featured_image_urls":{"full":["https:\/\/www.koncevisiontv.cl\/web\/wp-content\/uploads\/2025\/03\/381464_1_62baeb6083ebc.jpg",950,535,false],"thumbnail":["https:\/\/www.koncevisiontv.cl\/web\/wp-content\/uploads\/2025\/03\/381464_1_62baeb6083ebc-150x150.jpg",150,150,true],"medium":["https:\/\/www.koncevisiontv.cl\/web\/wp-content\/uploads\/2025\/03\/381464_1_62baeb6083ebc-300x169.jpg",300,169,true],"medium_large":["https:\/\/www.koncevisiontv.cl\/web\/wp-content\/uploads\/2025\/03\/381464_1_62baeb6083ebc-768x433.jpg",640,361,true],"large":["https:\/\/www.koncevisiontv.cl\/web\/wp-content\/uploads\/2025\/03\/381464_1_62baeb6083ebc.jpg",640,360,false],"1536x1536":["https:\/\/www.koncevisiontv.cl\/web\/wp-content\/uploads\/2025\/03\/381464_1_62baeb6083ebc.jpg",950,535,false],"2048x2048":["https:\/\/www.koncevisiontv.cl\/web\/wp-content\/uploads\/2025\/03\/381464_1_62baeb6083ebc.jpg",950,535,false],"darknews-featured":["https:\/\/www.koncevisiontv.cl\/web\/wp-content\/uploads\/2025\/03\/381464_1_62baeb6083ebc.jpg",950,535,false],"darknews-large":["https:\/\/www.koncevisiontv.cl\/web\/wp-content\/uploads\/2025\/03\/381464_1_62baeb6083ebc-825x535.jpg",825,535,true],"darknews-medium":["https:\/\/www.koncevisiontv.cl\/web\/wp-content\/uploads\/2025\/03\/381464_1_62baeb6083ebc-590x410.jpg",590,410,true]},"author_info":{"info":["Web-Master"]},"category_info":"<a href=\"https:\/\/www.koncevisiontv.cl\/web\/category\/nacional\/\" rel=\"category tag\">Nacional<\/a>","tag_info":"Nacional","comment_count":"0","uagb_featured_image_src":{"full":["https:\/\/www.koncevisiontv.cl\/web\/wp-content\/uploads\/2025\/03\/381464_1_62baeb6083ebc.jpg",950,535,false],"thumbnail":["https:\/\/www.koncevisiontv.cl\/web\/wp-content\/uploads\/2025\/03\/381464_1_62baeb6083ebc-150x150.jpg",150,150,true],"medium":["https:\/\/www.koncevisiontv.cl\/web\/wp-content\/uploads\/2025\/03\/381464_1_62baeb6083ebc-300x169.jpg",300,169,true],"medium_large":["https:\/\/www.koncevisiontv.cl\/web\/wp-content\/uploads\/2025\/03\/381464_1_62baeb6083ebc-768x433.jpg",640,361,true],"large":["https:\/\/www.koncevisiontv.cl\/web\/wp-content\/uploads\/2025\/03\/381464_1_62baeb6083ebc.jpg",640,360,false],"1536x1536":["https:\/\/www.koncevisiontv.cl\/web\/wp-content\/uploads\/2025\/03\/381464_1_62baeb6083ebc.jpg",950,535,false],"2048x2048":["https:\/\/www.koncevisiontv.cl\/web\/wp-content\/uploads\/2025\/03\/381464_1_62baeb6083ebc.jpg",950,535,false],"darknews-featured":["https:\/\/www.koncevisiontv.cl\/web\/wp-content\/uploads\/2025\/03\/381464_1_62baeb6083ebc.jpg",950,535,false],"darknews-large":["https:\/\/www.koncevisiontv.cl\/web\/wp-content\/uploads\/2025\/03\/381464_1_62baeb6083ebc-825x535.jpg",825,535,true],"darknews-medium":["https:\/\/www.koncevisiontv.cl\/web\/wp-content\/uploads\/2025\/03\/381464_1_62baeb6083ebc-590x410.jpg",590,410,true]},"uagb_author_info":{"display_name":"Web-Master","author_link":"https:\/\/www.koncevisiontv.cl\/web\/author\/koncevision\/"},"uagb_comment_info":0,"uagb_excerpt":"La senadora y precandidata presidencial de Dem\u00f3cratas , Ximena Rinc\u00f3n , sali\u00f3 al paso de las recientes declaraciones","_links":{"self":[{"href":"https:\/\/www.koncevisiontv.cl\/web\/wp-json\/wp\/v2\/posts\/6517","targetHints":{"allow":["GET"]}}],"collection":[{"href":"https:\/\/www.koncevisiontv.cl\/web\/wp-json\/wp\/v2\/posts"}],"about":[{"href":"https:\/\/www.koncevisiontv.cl\/web\/wp-json\/wp\/v2\/types\/post"}],"author":[{"embeddable":true,"href":"https:\/\/www.koncevisiontv.cl\/web\/wp-json\/wp\/v2\/users\/5"}],"replies":[{"embeddable":true,"href":"https:\/\/www.koncevisiontv.cl\/web\/wp-json\/wp\/v2\/comments?post=6517"}],"version-history":[{"count":1,"href":"https:\/\/www.koncevisiontv.cl\/web\/wp-json\/wp\/v2\/posts\/6517\/revisions"}],"predecessor-version":[{"id":6520,"href":"https:\/\/www.koncevisiontv.cl\/web\/wp-json\/wp\/v2\/posts\/6517\/revisions\/6520"}],"wp:featuredmedia":[{"embeddable":true,"href":"https:\/\/www.koncevisiontv.cl\/web\/wp-json\/wp\/v2\/media\/6519"}],"wp:attachment":[{"href":"https:\/\/www.koncevisiontv.cl\/web\/wp-json\/wp\/v2\/media?parent=6517"}],"wp:term":[{"taxonomy":"category","embeddable":true,"href":"https:\/\/www.koncevisiontv.cl\/web\/wp-json\/wp\/v2\/categories?post=6517"},{"taxonomy":"post_tag","embeddable":true,"href":"https:\/\/www.koncevisiontv.cl\/web\/wp-json\/wp\/v2\/tags?post=6517"}],"curies":[{"name":"wp","href":"https:\/\/api.w.org\/{rel}","templated":true}]}}