{"id":6524,"date":"2025-03-18T22:23:33","date_gmt":"2025-03-19T01:23:33","guid":{"rendered":"https:\/\/www.koncevisiontv.cl\/web\/?p=6524"},"modified":"2025-03-18T22:23:35","modified_gmt":"2025-03-19T01:23:35","slug":"padre-defiende-hijo-autista-golpe-profesora-trehuaco","status":"publish","type":"post","link":"https:\/\/www.koncevisiontv.cl\/web\/padre-defiende-hijo-autista-golpe-profesora-trehuaco\/","title":{"rendered":"\u201cA Mi Hijo No Le Gusta Que Le Repitan las Cosas\u201d: Padre Sale en Defensa de Alumno que Golpe\u00f3 a Profesora y Pide Apoyo"},"content":{"rendered":"\n<p class=\"wp-block-paragraph\">El padre del estudiante de 14 a\u00f1os acusado de golpear con un palo de escobill\u00f3n a una profesora en el <strong>Liceo Bicentenario de Trehuaco <\/strong>, en la regi\u00f3n de <strong>\u00d1uble <\/strong>, rompi\u00f3 el silencio para defender al menor. El hombre, quien confirm\u00f3 que su hijo padece del <strong>Trastorno del Espectro Autista (TEA) <\/strong>, pidi\u00f3 comprensi\u00f3n y apoyo del municipio tras los hechos ocurridos en el establecimiento educacional.<\/p>\n\n\n\n<p class=\"wp-block-paragraph\">La docente agredida permanece internada debido a las lesiones sufridas durante el incidente, lo que ha generado fuertes cr\u00edticas hacia el alumno y su familia. Sin embargo, el padre asegura que su hijo no es un \u201cdelincuente\u201d y que su comportamiento debe ser entendido dentro del contexto de su condici\u00f3n.<\/p>\n\n\n\n<hr class=\"wp-block-separator has-alpha-channel-opacity\"\/>\n\n\n\n<h3 class=\"wp-block-heading\"><strong>El Relato del Padre: Un Llamado a la Comprensi\u00f3n<\/strong><\/h3>\n\n\n\n<p class=\"wp-block-paragraph\">En di\u00e1logo con <strong>Radio Contacto <\/strong>, el apoderado explic\u00f3 que mantiene una comunicaci\u00f3n constante con su hijo, a pesar de trabajar en el norte del pa\u00eds.<\/p>\n\n\n\n<blockquote class=\"wp-block-quote is-layout-flow wp-block-quote-is-layout-flow\">\n<p class=\"wp-block-paragraph\">\u201cComo pap\u00e1, hablo con \u00e9l todos los d\u00edas, aunque trabajo en el norte, y siempre trato de entender lo que le pasa\u201d, se\u00f1al\u00f3.<\/p>\n<\/blockquote>\n\n\n\n<p class=\"wp-block-paragraph\">El hombre revel\u00f3 que previamente hab\u00eda participado en una reuni\u00f3n con la profesora jefe y la docente agredida para abordar el diagn\u00f3stico del menor. Seg\u00fan su versi\u00f3n, la profesora cuestion\u00f3 al estudiante por no escribir durante las clases y lo trat\u00f3 como si fuera un \u201cabogado\u201d de sus compa\u00f1eros al defenderlos.<\/p>\n\n\n\n<blockquote class=\"wp-block-quote is-layout-flow wp-block-quote-is-layout-flow\">\n<p class=\"wp-block-paragraph\">\u201cA mi hijo no le gusta que le repitan las cosas, y tiene dificultades para comprender ciertas situaciones. La profesora insisti\u00f3 con que escribiera y eso lo llev\u00f3 a actuar mal\u201d, explic\u00f3 el padre.<\/p>\n<\/blockquote>\n\n\n\n<p class=\"wp-block-paragraph\">Adem\u00e1s, enfatiz\u00f3 que su hijo no debe ser juzgado como un delincuente com\u00fan, sino que requiere apoyo especializado debido a su condici\u00f3n de autismo.<\/p>\n\n\n\n<blockquote class=\"wp-block-quote is-layout-flow wp-block-quote-is-layout-flow\">\n<p class=\"wp-block-paragraph\">\u201cMi hijo es autista, no un delincuente\u201d, subray\u00f3 el apoderado, quien solicit\u00f3 la intervenci\u00f3n del municipio para ayudar a resolver el conflicto.<\/p>\n<\/blockquote>\n\n\n\n<hr class=\"wp-block-separator has-alpha-channel-opacity\"\/>\n\n\n\n<h3 class=\"wp-block-heading\"><strong>El Incidente y la Situaci\u00f3n Actual<\/strong><\/h3>\n\n\n\n<p class=\"wp-block-paragraph\">Seg\u00fan los antecedentes, el estudiante golpe\u00f3 a la profesora con un palo de escobill\u00f3n despu\u00e9s de una discusi\u00f3n en el aula. La docente result\u00f3 gravemente herida y fue trasladada a un centro asistencial, donde permanece internada.<\/p>\n\n\n\n<p class=\"wp-block-paragraph\">Mientras tanto, el caso ha generado pol\u00e9mica en la comunidad educativa y en redes sociales, donde algunos han criticado duramente al alumno, mientras otros han pedido reflexionar sobre c\u00f3mo se manejan las necesidades de estudiantes con condiciones especiales en el sistema escolar.<\/p>\n\n\n\n<hr class=\"wp-block-separator has-alpha-channel-opacity\"\/>\n\n\n\n<h3 class=\"wp-block-heading\"><strong>Un Debate Sobre Inclusi\u00f3n y Educaci\u00f3n<\/strong><\/h3>\n\n\n\n<p class=\"wp-block-paragraph\">El caso ha puesto en evidencia la importancia de abordar adecuadamente las necesidades de alumnos con Trastorno del Espectro Autista (TEA) en las escuelas. Expertos se\u00f1alan que estos estudiantes requieren estrategias pedag\u00f3gicas espec\u00edficas y un ambiente de aprendizaje adaptado a sus capacidades.<\/p>\n\n\n\n<p class=\"wp-block-paragraph\">Sin embargo, tambi\u00e9n se ha planteado la necesidad de garantizar la seguridad de los docentes y otros estudiantes en el aula. En este sentido, el padre del menor ha pedido que se busque una soluci\u00f3n integral que beneficie tanto a su hijo como a la comunidad educativa.<\/p>\n","protected":false},"excerpt":{"rendered":"<p>El padre del estudiante de 14 a\u00f1os acusado de golpear con un palo de escobill\u00f3n a una profesora<\/p>\n","protected":false},"author":5,"featured_media":6525,"comment_status":"open","ping_status":"open","sticky":false,"template":"","format":"standard","meta":{"_crdt_document":"","_uag_custom_page_level_css":"","_sitemap_exclude":false,"_sitemap_priority":"","_sitemap_frequency":"","_joinchat":[],"footnotes":""},"categories":[14],"tags":[],"class_list":["post-6524","post","type-post","status-publish","format-standard","has-post-thumbnail","hentry","category-nacional"],"featured_image_urls":{"full":["https:\/\/www.koncevisiontv.cl\/web\/wp-content\/uploads\/2025\/03\/NDDT3K5XRNFGVFVQBXFQNPLURY.avif",1023,682,false],"thumbnail":["https:\/\/www.koncevisiontv.cl\/web\/wp-content\/uploads\/2025\/03\/NDDT3K5XRNFGVFVQBXFQNPLURY-150x150.avif",150,150,true],"medium":["https:\/\/www.koncevisiontv.cl\/web\/wp-content\/uploads\/2025\/03\/NDDT3K5XRNFGVFVQBXFQNPLURY-300x200.avif",300,200,true],"medium_large":["https:\/\/www.koncevisiontv.cl\/web\/wp-content\/uploads\/2025\/03\/NDDT3K5XRNFGVFVQBXFQNPLURY-768x512.avif",640,427,true],"large":["https:\/\/www.koncevisiontv.cl\/web\/wp-content\/uploads\/2025\/03\/NDDT3K5XRNFGVFVQBXFQNPLURY.avif",640,427,false],"1536x1536":["https:\/\/www.koncevisiontv.cl\/web\/wp-content\/uploads\/2025\/03\/NDDT3K5XRNFGVFVQBXFQNPLURY.avif",1023,682,false],"2048x2048":["https:\/\/www.koncevisiontv.cl\/web\/wp-content\/uploads\/2025\/03\/NDDT3K5XRNFGVFVQBXFQNPLURY.avif",1023,682,false],"darknews-featured":["https:\/\/www.koncevisiontv.cl\/web\/wp-content\/uploads\/2025\/03\/NDDT3K5XRNFGVFVQBXFQNPLURY.avif",1023,682,false],"darknews-large":["https:\/\/www.koncevisiontv.cl\/web\/wp-content\/uploads\/2025\/03\/NDDT3K5XRNFGVFVQBXFQNPLURY-825x575.avif",825,575,true],"darknews-medium":["https:\/\/www.koncevisiontv.cl\/web\/wp-content\/uploads\/2025\/03\/NDDT3K5XRNFGVFVQBXFQNPLURY-590x410.avif",590,410,true]},"author_info":{"info":["Web-Master"]},"category_info":"<a href=\"https:\/\/www.koncevisiontv.cl\/web\/category\/nacional\/\" rel=\"category tag\">Nacional<\/a>","tag_info":"Nacional","comment_count":"0","uagb_featured_image_src":{"full":["https:\/\/www.koncevisiontv.cl\/web\/wp-content\/uploads\/2025\/03\/NDDT3K5XRNFGVFVQBXFQNPLURY.avif",1023,682,false],"thumbnail":["https:\/\/www.koncevisiontv.cl\/web\/wp-content\/uploads\/2025\/03\/NDDT3K5XRNFGVFVQBXFQNPLURY-150x150.avif",150,150,true],"medium":["https:\/\/www.koncevisiontv.cl\/web\/wp-content\/uploads\/2025\/03\/NDDT3K5XRNFGVFVQBXFQNPLURY-300x200.avif",300,200,true],"medium_large":["https:\/\/www.koncevisiontv.cl\/web\/wp-content\/uploads\/2025\/03\/NDDT3K5XRNFGVFVQBXFQNPLURY-768x512.avif",640,427,true],"large":["https:\/\/www.koncevisiontv.cl\/web\/wp-content\/uploads\/2025\/03\/NDDT3K5XRNFGVFVQBXFQNPLURY.avif",640,427,false],"1536x1536":["https:\/\/www.koncevisiontv.cl\/web\/wp-content\/uploads\/2025\/03\/NDDT3K5XRNFGVFVQBXFQNPLURY.avif",1023,682,false],"2048x2048":["https:\/\/www.koncevisiontv.cl\/web\/wp-content\/uploads\/2025\/03\/NDDT3K5XRNFGVFVQBXFQNPLURY.avif",1023,682,false],"darknews-featured":["https:\/\/www.koncevisiontv.cl\/web\/wp-content\/uploads\/2025\/03\/NDDT3K5XRNFGVFVQBXFQNPLURY.avif",1023,682,false],"darknews-large":["https:\/\/www.koncevisiontv.cl\/web\/wp-content\/uploads\/2025\/03\/NDDT3K5XRNFGVFVQBXFQNPLURY-825x575.avif",825,575,true],"darknews-medium":["https:\/\/www.koncevisiontv.cl\/web\/wp-content\/uploads\/2025\/03\/NDDT3K5XRNFGVFVQBXFQNPLURY-590x410.avif",590,410,true]},"uagb_author_info":{"display_name":"Web-Master","author_link":"https:\/\/www.koncevisiontv.cl\/web\/author\/koncevision\/"},"uagb_comment_info":1,"uagb_excerpt":"El padre del estudiante de 14 a\u00f1os acusado de golpear con un palo de escobill\u00f3n a una profesora","_links":{"self":[{"href":"https:\/\/www.koncevisiontv.cl\/web\/wp-json\/wp\/v2\/posts\/6524","targetHints":{"allow":["GET"]}}],"collection":[{"href":"https:\/\/www.koncevisiontv.cl\/web\/wp-json\/wp\/v2\/posts"}],"about":[{"href":"https:\/\/www.koncevisiontv.cl\/web\/wp-json\/wp\/v2\/types\/post"}],"author":[{"embeddable":true,"href":"https:\/\/www.koncevisiontv.cl\/web\/wp-json\/wp\/v2\/users\/5"}],"replies":[{"embeddable":true,"href":"https:\/\/www.koncevisiontv.cl\/web\/wp-json\/wp\/v2\/comments?post=6524"}],"version-history":[{"count":1,"href":"https:\/\/www.koncevisiontv.cl\/web\/wp-json\/wp\/v2\/posts\/6524\/revisions"}],"predecessor-version":[{"id":6526,"href":"https:\/\/www.koncevisiontv.cl\/web\/wp-json\/wp\/v2\/posts\/6524\/revisions\/6526"}],"wp:featuredmedia":[{"embeddable":true,"href":"https:\/\/www.koncevisiontv.cl\/web\/wp-json\/wp\/v2\/media\/6525"}],"wp:attachment":[{"href":"https:\/\/www.koncevisiontv.cl\/web\/wp-json\/wp\/v2\/media?parent=6524"}],"wp:term":[{"taxonomy":"category","embeddable":true,"href":"https:\/\/www.koncevisiontv.cl\/web\/wp-json\/wp\/v2\/categories?post=6524"},{"taxonomy":"post_tag","embeddable":true,"href":"https:\/\/www.koncevisiontv.cl\/web\/wp-json\/wp\/v2\/tags?post=6524"}],"curies":[{"name":"wp","href":"https:\/\/api.w.org\/{rel}","templated":true}]}}