{"id":6527,"date":"2025-03-18T22:33:54","date_gmt":"2025-03-19T01:33:54","guid":{"rendered":"https:\/\/www.koncevisiontv.cl\/web\/?p=6527"},"modified":"2025-03-18T22:33:57","modified_gmt":"2025-03-19T01:33:57","slug":"daniela-aranguiz-critica-mane-swett-john-bowe","status":"publish","type":"post","link":"https:\/\/www.koncevisiontv.cl\/web\/daniela-aranguiz-critica-mane-swett-john-bowe\/","title":{"rendered":"\u201cQuerer Traerlo de Vuelta es Ego\u00edsta\u201d: Daniela Ar\u00e1nguiz Critica Caso de Mane Swett y Defiende al Padre del Menor"},"content":{"rendered":"\n<p class=\"wp-block-paragraph\">La panelista de far\u00e1ndula <strong>Daniela Ar\u00e1nguiz <\/strong>gener\u00f3 pol\u00e9mica al opinar sobre el caso de <strong>Mar\u00eda Elena Swett <\/strong>, quien mantiene una disputa legal en <strong>Estados Unidos <\/strong>para recuperar a su hijo. Seg\u00fan Ar\u00e1nguiz, si el ni\u00f1o prefiere quedarse con su padre en EE.UU., \u201ces por algo\u201d, y critic\u00f3 la insistencia de Swett en traerlo de regreso a Chile, calificando su actitud como \u201cego\u00edsta\u201d.<\/p>\n\n\n\n<p class=\"wp-block-paragraph\">El caso ha captado la atenci\u00f3n p\u00fablica desde 2023, cuando el menor viaj\u00f3 a pasar vacaciones con su padre, <strong>John Bowe <\/strong>, en Estados Unidos. Sin embargo, Bowe se neg\u00f3 a devolverlo a Chile, desencadenando una batalla legal que hasta ahora no ha favorecido a Swett.<\/p>\n\n\n\n<hr class=\"wp-block-separator has-alpha-channel-opacity\"\/>\n\n\n\n<h3 class=\"wp-block-heading\"><strong>La Opini\u00f3n de Daniela Ar\u00e1nguiz: \u201cNos Estamos Olvidando de lo M\u00e1s Importante\u201d<\/strong><\/h3>\n\n\n\n<p class=\"wp-block-paragraph\">En el programa <strong>S\u00edgueme <\/strong>de <strong>TV+ <\/strong>, Ar\u00e1nguiz ofreci\u00f3 una perspectiva diferente sobre la disputa. La panelista destac\u00f3 que, en estos casos, la voz del ni\u00f1o debe ser priorizada.<\/p>\n\n\n\n<blockquote class=\"wp-block-quote is-layout-flow wp-block-quote-is-layout-flow\">\n<p class=\"wp-block-paragraph\">\u201cNos estamos olvidando de lo m\u00e1s importante que es la voz de los ni\u00f1os, uno tiene que escuchar a los ni\u00f1os. Yo creo que si un ni\u00f1o est\u00e1 pidiendo vivir con su padre es por algo\u201d, afirm\u00f3.<\/p>\n<\/blockquote>\n\n\n\n<p class=\"wp-block-paragraph\">Ar\u00e1nguiz tambi\u00e9n se\u00f1al\u00f3 que, seg\u00fan sus conocimientos del caso, el menor habr\u00eda expresado sentirse solo debido a la ocupada agenda laboral de su madre.<\/p>\n\n\n\n<blockquote class=\"wp-block-quote is-layout-flow wp-block-quote-is-layout-flow\">\n<p class=\"wp-block-paragraph\">\u201cSorry que lo diga, si yo veo que mis hijos son m\u00e1s felices con su pap\u00e1 que conmigo, lo voy a tener que dejar ir. Lo que tengo entendido es que el ni\u00f1o dec\u00eda que pasaba mucho tiempo solo, que ella trabajaba mucho\u201d, agreg\u00f3.<\/p>\n<\/blockquote>\n\n\n\n<p class=\"wp-block-paragraph\">Adem\u00e1s, la panelista cuestion\u00f3 la insistencia de Swett en traer al ni\u00f1o de vuelta a Chile, argumentando que esta actitud podr\u00eda ser motivada por intereses personales.<\/p>\n\n\n\n<blockquote class=\"wp-block-quote is-layout-flow wp-block-quote-is-layout-flow\">\n<p class=\"wp-block-paragraph\">\u201cYo creo que querer traerlo a la vuelta es ser ego\u00edsta como mam\u00e1\u201d, sentenci\u00f3.<\/p>\n<\/blockquote>\n\n\n\n<hr class=\"wp-block-separator has-alpha-channel-opacity\"\/>\n\n\n\n<h3 class=\"wp-block-heading\"><strong>Defensa del Padre: \u201cCuando Es un Buen Padre Tambi\u00e9n lo Critican\u201d<\/strong><\/h3>\n\n\n\n<p class=\"wp-block-paragraph\">Ar\u00e1nguiz tambi\u00e9n sali\u00f3 en defensa de <strong>John Bowe <\/strong>, el padre del menor, quien ha sido blanco de cr\u00edticas por retener al ni\u00f1o en Estados Unidos.<\/p>\n\n\n\n<blockquote class=\"wp-block-quote is-layout-flow wp-block-quote-is-layout-flow\">\n<p class=\"wp-block-paragraph\">\u201cAnda a saber qu\u00e9 es lo que su hijo le dijo a \u00e9l. Si hubiese sido al rev\u00e9s, todos estar\u00edamos apoyando a la madre&#8230; cuando es un buen padre tambi\u00e9n lo critican\u201d, concluy\u00f3.<\/p>\n<\/blockquote>\n\n\n\n<p class=\"wp-block-paragraph\">Sus declaraciones han generado debate en redes sociales, donde algunos usuarios respaldan su postura, mientras otros critican su intervenci\u00f3n en un caso tan delicado.<\/p>\n\n\n\n<hr class=\"wp-block-separator has-alpha-channel-opacity\"\/>\n\n\n\n<h3 class=\"wp-block-heading\"><strong>El Caso de Mar\u00eda Elena Swett<\/strong><\/h3>\n\n\n\n<p class=\"wp-block-paragraph\">El conflicto comenz\u00f3 en <strong>2023 <\/strong>, cuando el hijo de Swett viaj\u00f3 a Estados Unidos para pasar unas semanas con su padre. Sin embargo, Bowe decidi\u00f3 no cumplir con el acuerdo de devolverlo a Chile, argumentando que el menor deseaba quedarse con \u00e9l. Desde entonces, Swett ha intentado recuperar a su hijo mediante acciones legales, pero los tribunales estadounidenses han rechazado sus solicitudes.<\/p>\n\n\n\n<p class=\"wp-block-paragraph\">El caso ha dividido opiniones entre quienes apoyan a la actriz y quienes consideran que el bienestar del ni\u00f1o debe primar sobre cualquier otra consideraci\u00f3n.<\/p>\n","protected":false},"excerpt":{"rendered":"<p>La panelista de far\u00e1ndula Daniela Ar\u00e1nguiz gener\u00f3 pol\u00e9mica al opinar sobre el caso de Mar\u00eda Elena Swett ,<\/p>\n","protected":false},"author":5,"featured_media":6528,"comment_status":"open","ping_status":"open","sticky":false,"template":"","format":"standard","meta":{"_crdt_document":"","_uag_custom_page_level_css":"","_sitemap_exclude":false,"_sitemap_priority":"","_sitemap_frequency":"","_joinchat":[],"footnotes":""},"categories":[14],"tags":[],"class_list":["post-6527","post","type-post","status-publish","format-standard","has-post-thumbnail","hentry","category-nacional"],"featured_image_urls":{"full":["https:\/\/www.koncevisiontv.cl\/web\/wp-content\/uploads\/2025\/03\/R.jpg",820,488,false],"thumbnail":["https:\/\/www.koncevisiontv.cl\/web\/wp-content\/uploads\/2025\/03\/R-150x150.jpg",150,150,true],"medium":["https:\/\/www.koncevisiontv.cl\/web\/wp-content\/uploads\/2025\/03\/R-300x179.jpg",300,179,true],"medium_large":["https:\/\/www.koncevisiontv.cl\/web\/wp-content\/uploads\/2025\/03\/R-768x457.jpg",640,381,true],"large":["https:\/\/www.koncevisiontv.cl\/web\/wp-content\/uploads\/2025\/03\/R.jpg",640,381,false],"1536x1536":["https:\/\/www.koncevisiontv.cl\/web\/wp-content\/uploads\/2025\/03\/R.jpg",820,488,false],"2048x2048":["https:\/\/www.koncevisiontv.cl\/web\/wp-content\/uploads\/2025\/03\/R.jpg",820,488,false],"darknews-featured":["https:\/\/www.koncevisiontv.cl\/web\/wp-content\/uploads\/2025\/03\/R.jpg",820,488,false],"darknews-large":["https:\/\/www.koncevisiontv.cl\/web\/wp-content\/uploads\/2025\/03\/R.jpg",820,488,false],"darknews-medium":["https:\/\/www.koncevisiontv.cl\/web\/wp-content\/uploads\/2025\/03\/R-590x410.jpg",590,410,true]},"author_info":{"info":["Web-Master"]},"category_info":"<a href=\"https:\/\/www.koncevisiontv.cl\/web\/category\/nacional\/\" rel=\"category tag\">Nacional<\/a>","tag_info":"Nacional","comment_count":"0","uagb_featured_image_src":{"full":["https:\/\/www.koncevisiontv.cl\/web\/wp-content\/uploads\/2025\/03\/R.jpg",820,488,false],"thumbnail":["https:\/\/www.koncevisiontv.cl\/web\/wp-content\/uploads\/2025\/03\/R-150x150.jpg",150,150,true],"medium":["https:\/\/www.koncevisiontv.cl\/web\/wp-content\/uploads\/2025\/03\/R-300x179.jpg",300,179,true],"medium_large":["https:\/\/www.koncevisiontv.cl\/web\/wp-content\/uploads\/2025\/03\/R-768x457.jpg",640,381,true],"large":["https:\/\/www.koncevisiontv.cl\/web\/wp-content\/uploads\/2025\/03\/R.jpg",640,381,false],"1536x1536":["https:\/\/www.koncevisiontv.cl\/web\/wp-content\/uploads\/2025\/03\/R.jpg",820,488,false],"2048x2048":["https:\/\/www.koncevisiontv.cl\/web\/wp-content\/uploads\/2025\/03\/R.jpg",820,488,false],"darknews-featured":["https:\/\/www.koncevisiontv.cl\/web\/wp-content\/uploads\/2025\/03\/R.jpg",820,488,false],"darknews-large":["https:\/\/www.koncevisiontv.cl\/web\/wp-content\/uploads\/2025\/03\/R.jpg",820,488,false],"darknews-medium":["https:\/\/www.koncevisiontv.cl\/web\/wp-content\/uploads\/2025\/03\/R-590x410.jpg",590,410,true]},"uagb_author_info":{"display_name":"Web-Master","author_link":"https:\/\/www.koncevisiontv.cl\/web\/author\/koncevision\/"},"uagb_comment_info":0,"uagb_excerpt":"La panelista de far\u00e1ndula Daniela Ar\u00e1nguiz gener\u00f3 pol\u00e9mica al opinar sobre el caso de Mar\u00eda Elena Swett ,","_links":{"self":[{"href":"https:\/\/www.koncevisiontv.cl\/web\/wp-json\/wp\/v2\/posts\/6527","targetHints":{"allow":["GET"]}}],"collection":[{"href":"https:\/\/www.koncevisiontv.cl\/web\/wp-json\/wp\/v2\/posts"}],"about":[{"href":"https:\/\/www.koncevisiontv.cl\/web\/wp-json\/wp\/v2\/types\/post"}],"author":[{"embeddable":true,"href":"https:\/\/www.koncevisiontv.cl\/web\/wp-json\/wp\/v2\/users\/5"}],"replies":[{"embeddable":true,"href":"https:\/\/www.koncevisiontv.cl\/web\/wp-json\/wp\/v2\/comments?post=6527"}],"version-history":[{"count":1,"href":"https:\/\/www.koncevisiontv.cl\/web\/wp-json\/wp\/v2\/posts\/6527\/revisions"}],"predecessor-version":[{"id":6529,"href":"https:\/\/www.koncevisiontv.cl\/web\/wp-json\/wp\/v2\/posts\/6527\/revisions\/6529"}],"wp:featuredmedia":[{"embeddable":true,"href":"https:\/\/www.koncevisiontv.cl\/web\/wp-json\/wp\/v2\/media\/6528"}],"wp:attachment":[{"href":"https:\/\/www.koncevisiontv.cl\/web\/wp-json\/wp\/v2\/media?parent=6527"}],"wp:term":[{"taxonomy":"category","embeddable":true,"href":"https:\/\/www.koncevisiontv.cl\/web\/wp-json\/wp\/v2\/categories?post=6527"},{"taxonomy":"post_tag","embeddable":true,"href":"https:\/\/www.koncevisiontv.cl\/web\/wp-json\/wp\/v2\/tags?post=6527"}],"curies":[{"name":"wp","href":"https:\/\/api.w.org\/{rel}","templated":true}]}}