{"id":6530,"date":"2025-03-18T22:45:08","date_gmt":"2025-03-19T01:45:08","guid":{"rendered":"https:\/\/www.koncevisiontv.cl\/web\/?p=6530"},"modified":"2025-03-18T22:45:10","modified_gmt":"2025-03-19T01:45:10","slug":"cortes-de-luz-programado-cge-gran-concepcion-19-marzo","status":"publish","type":"post","link":"https:\/\/www.koncevisiontv.cl\/web\/cortes-de-luz-programado-cge-gran-concepcion-19-marzo\/","title":{"rendered":"CGE Anuncia Cortes de Luz Programados para el Mi\u00e9rcoles 19 de Marzo en el Gran Concepci\u00f3n"},"content":{"rendered":"\n<p class=\"wp-block-paragraph\">La <strong>Compa\u00f1\u00eda General de Electricidad (CGE) <\/strong>inform\u00f3 sobre una serie de <strong>cortes de luz programados <\/strong>para este <strong>mi\u00e9rcoles 19 de marzo <\/strong>en diversas comunas del <strong>Gran Concepci\u00f3n <\/strong>, en la <strong>Regi\u00f3n del Biob\u00edo <\/strong>. Estas interrupciones se deben a trabajos de mejoramiento en la red el\u00e9ctrica, seg\u00fan explic\u00f3 la empresa.<\/p>\n\n\n\n<p class=\"wp-block-paragraph\">Los cortes afectar\u00e1n sectores espec\u00edficos de las comunas de <strong>Chiguayante <\/strong>, <strong>Tom\u00e9 <\/strong>y <strong>Coronel <\/strong>, y se suman a otras suspensiones previstas para este martes 18 en la provincia. La CGE recomend\u00f3 a los clientes desconectar sus artefactos el\u00e9ctricos durante las interrupciones para evitar da\u00f1os.<\/p>\n\n\n\n<hr class=\"wp-block-separator has-alpha-channel-opacity\"\/>\n\n\n\n<h3 class=\"wp-block-heading\"><strong>Horarios y Sectores Afectados por los Cortes de Luz<\/strong><\/h3>\n\n\n\n<h4 class=\"wp-block-heading\"><strong>CHIGUAYANTE<\/strong><\/h4>\n\n\n\n<ul class=\"wp-block-list\">\n<li><strong>Fecha: <\/strong>Mi\u00e9rcoles 19 de marzo<\/li>\n\n\n\n<li><strong>Horario: <\/strong>Desde las <strong>10:00 <\/strong>hasta las <strong>16:00 horas<\/strong><\/li>\n\n\n\n<li><strong>Sectores afectados:<\/strong>\n<ul class=\"wp-block-list\">\n<li>Esperanza (entre Los Gladiolos y Calle Dos)<\/li>\n\n\n\n<li>Manuel Rodr\u00edguez<\/li>\n\n\n\n<li>Costanera Biob\u00edo<\/li>\n<\/ul>\n<\/li>\n<\/ul>\n\n\n\n<figure class=\"wp-block-embed is-type-rich is-provider-twitter wp-block-embed-twitter\"><div class=\"wp-block-embed__wrapper\">\n<blockquote class=\"twitter-tweet\" data-width=\"550\" data-dnt=\"true\"><p lang=\"es\" dir=\"ltr\">Para mejorar la calidad del suministro de nuestros clientes de <a href=\"https:\/\/twitter.com\/hashtag\/Chiguayante?src=hash&amp;ref_src=twsrc%5Etfw\" target=\"_blank\" rel=\"noopener\">#Chiguayante<\/a>, este mi\u00e9rcoles, entre 10:00 y 16:00 horas, se realizar\u00e1 una <a href=\"https:\/\/twitter.com\/hashtag\/Interrupci%C3%B3nProgramada?src=hash&amp;ref_src=twsrc%5Etfw\" target=\"_blank\" rel=\"noopener\">#Interrupci\u00f3nProgramada<\/a> (sectores en la imagen \ud83d\udc47) debido a trabajos de mejoras. Recuerda desconectar tus artefactos \ud83d\udd0c <a href=\"https:\/\/t.co\/VDiOlFyMgL\">pic.twitter.com\/VDiOlFyMgL<\/a><\/p>&mdash; CGE Clientes (@CGE_Clientes) <a href=\"https:\/\/twitter.com\/CGE_Clientes\/status\/1901617391567556975?ref_src=twsrc%5Etfw\" target=\"_blank\" rel=\"noopener\">March 17, 2025<\/a><\/blockquote><script async src=\"https:\/\/platform.twitter.com\/widgets.js\" charset=\"utf-8\"><\/script>\n<\/div><\/figure>\n\n\n\n<h4 class=\"wp-block-heading\"><strong>TOM\u00c9<\/strong><\/h4>\n\n\n\n<ul class=\"wp-block-list\">\n<li><strong>Fecha: <\/strong>Mi\u00e9rcoles 19 de marzo<\/li>\n\n\n\n<li><strong>Horario: <\/strong>Desde las <strong>10:00 <\/strong>hasta las <strong>13:00 horas<\/strong><\/li>\n\n\n\n<li><strong>Sector afectado:<\/strong>\n<ul class=\"wp-block-list\">\n<li>Lord Cochrane (entre Calle Dos y Los Carrera)<\/li>\n<\/ul>\n<\/li>\n<\/ul>\n\n\n\n<figure class=\"wp-block-embed is-type-rich is-provider-twitter wp-block-embed-twitter\"><div class=\"wp-block-embed__wrapper\">\n<blockquote class=\"twitter-tweet\" data-width=\"550\" data-dnt=\"true\"><p lang=\"es\" dir=\"ltr\">Para mejorar la calidad del suministro de nuestros clientes de <a href=\"https:\/\/twitter.com\/hashtag\/Tom%C3%A9?src=hash&amp;ref_src=twsrc%5Etfw\" target=\"_blank\" rel=\"noopener\">#Tom\u00e9<\/a>, este mi\u00e9rcoles, entre 10:00 y 13:00 horas, se realizar\u00e1 una <a href=\"https:\/\/twitter.com\/hashtag\/Interrupci%C3%B3nProgramada?src=hash&amp;ref_src=twsrc%5Etfw\" target=\"_blank\" rel=\"noopener\">#Interrupci\u00f3nProgramada<\/a> (sectores en la imagen \ud83d\udc47) debido a trabajos de mejoras. Recuerda desconectar tus artefactos \ud83d\udd0c <a href=\"https:\/\/t.co\/EhP1cMEUTl\">pic.twitter.com\/EhP1cMEUTl<\/a><\/p>&mdash; CGE Clientes (@CGE_Clientes) <a href=\"https:\/\/twitter.com\/CGE_Clientes\/status\/1901767837464527217?ref_src=twsrc%5Etfw\" target=\"_blank\" rel=\"noopener\">March 17, 2025<\/a><\/blockquote><script async src=\"https:\/\/platform.twitter.com\/widgets.js\" charset=\"utf-8\"><\/script>\n<\/div><\/figure>\n\n\n\n<h4 class=\"wp-block-heading\"><strong>CORONEL<\/strong><\/h4>\n\n\n\n<ul class=\"wp-block-list\">\n<li><strong>Fecha: <\/strong>Mi\u00e9rcoles 19 de marzo<\/li>\n\n\n\n<li><strong>Horario: <\/strong>Desde las <strong>10:00 <\/strong>hasta las <strong>16:00 horas<\/strong><\/li>\n\n\n\n<li><strong>Sectores afectados:<\/strong>\n<ul class=\"wp-block-list\">\n<li>Orompello<\/li>\n\n\n\n<li>Erratchou<\/li>\n<\/ul>\n<\/li>\n<\/ul>\n\n\n\n<figure class=\"wp-block-embed is-type-rich is-provider-twitter wp-block-embed-twitter\"><div class=\"wp-block-embed__wrapper\">\n<blockquote class=\"twitter-tweet\" data-width=\"550\" data-dnt=\"true\"><p lang=\"es\" dir=\"ltr\">Para mejorar la calidad del suministro de nuestros clientes de <a href=\"https:\/\/twitter.com\/hashtag\/Coronel?src=hash&amp;ref_src=twsrc%5Etfw\" target=\"_blank\" rel=\"noopener\">#Coronel<\/a>, este mi\u00e9rcoles, entre 10:00 y 16:00 horas, se realizar\u00e1 una <a href=\"https:\/\/twitter.com\/hashtag\/Interrupci%C3%B3nProgramada?src=hash&amp;ref_src=twsrc%5Etfw\" target=\"_blank\" rel=\"noopener\">#Interrupci\u00f3nProgramada<\/a> (sectores en la imagen \ud83d\udc47) debido a trabajos de mejoras. Recuerda desconectar tus artefactos \ud83d\udd0c <a href=\"https:\/\/t.co\/1O1XFRV1ib\">pic.twitter.com\/1O1XFRV1ib<\/a><\/p>&mdash; CGE Clientes (@CGE_Clientes) <a href=\"https:\/\/twitter.com\/CGE_Clientes\/status\/1901719038469755074?ref_src=twsrc%5Etfw\" target=\"_blank\" rel=\"noopener\">March 17, 2025<\/a><\/blockquote><script async src=\"https:\/\/platform.twitter.com\/widgets.js\" charset=\"utf-8\"><\/script>\n<\/div><\/figure>\n\n\n\n<hr class=\"wp-block-separator has-alpha-channel-opacity\"\/>\n\n\n\n<h3 class=\"wp-block-heading\"><strong>Recomendaciones de la CGE<\/strong><\/h3>\n\n\n\n<p class=\"wp-block-paragraph\">La empresa record\u00f3 a los usuarios afectados que es fundamental <strong>desconectar electrodom\u00e9sticos y dispositivos sensibles <\/strong>antes de los cortes programados para evitar posibles da\u00f1os. Adem\u00e1s, inst\u00f3 a la comunidad a mantenerse informada a trav\u00e9s de sus canales oficiales.<\/p>\n\n\n\n<hr class=\"wp-block-separator has-alpha-channel-opacity\"\/>\n\n\n\n<h3 class=\"wp-block-heading\"><strong>\u00bfC\u00f3mo Contactar a CGE?<\/strong><\/h3>\n\n\n\n<p class=\"wp-block-paragraph\">Quienes deseen realizar consultas o reportar emergencias pueden comunicarse con la CGE a trav\u00e9s de los siguientes medios:<\/p>\n\n\n\n<ul class=\"wp-block-list\">\n<li><strong>Tel\u00e9fono gratuito: <\/strong>800 800 767<\/li>\n\n\n\n<li><strong>WhatsApp: <\/strong>+569 8956 8479<\/li>\n<\/ul>\n\n\n\n<p class=\"wp-block-paragraph\">Adem\u00e1s, la empresa pone a disposici\u00f3n su p\u00e1gina web y redes sociales para brindar informaci\u00f3n actualizada sobre los trabajos y eventuales cambios en los horarios de los cortes.<\/p>\n","protected":false},"excerpt":{"rendered":"<p>La Compa\u00f1\u00eda General de Electricidad (CGE) inform\u00f3 sobre una serie de cortes de luz programados para este mi\u00e9rcoles<\/p>\n","protected":false},"author":5,"featured_media":1111,"comment_status":"open","ping_status":"open","sticky":false,"template":"","format":"standard","meta":{"_crdt_document":"","_uag_custom_page_level_css":"","_sitemap_exclude":false,"_sitemap_priority":"","_sitemap_frequency":"","_joinchat":[],"footnotes":""},"categories":[14],"tags":[],"class_list":["post-6530","post","type-post","status-publish","format-standard","has-post-thumbnail","hentry","category-nacional"],"featured_image_urls":{"full":["https:\/\/www.koncevisiontv.cl\/web\/wp-content\/uploads\/2024\/08\/cge.jpg",1280,720,false],"thumbnail":["https:\/\/www.koncevisiontv.cl\/web\/wp-content\/uploads\/2024\/08\/cge-150x150.jpg",150,150,true],"medium":["https:\/\/www.koncevisiontv.cl\/web\/wp-content\/uploads\/2024\/08\/cge-300x169.jpg",300,169,true],"medium_large":["https:\/\/www.koncevisiontv.cl\/web\/wp-content\/uploads\/2024\/08\/cge-768x432.jpg",640,360,true],"large":["https:\/\/www.koncevisiontv.cl\/web\/wp-content\/uploads\/2024\/08\/cge-1024x576.jpg",640,360,true],"1536x1536":["https:\/\/www.koncevisiontv.cl\/web\/wp-content\/uploads\/2024\/08\/cge.jpg",1280,720,false],"2048x2048":["https:\/\/www.koncevisiontv.cl\/web\/wp-content\/uploads\/2024\/08\/cge.jpg",1280,720,false],"darknews-featured":["https:\/\/www.koncevisiontv.cl\/web\/wp-content\/uploads\/2024\/08\/cge-1024x576.jpg",1024,576,true],"darknews-large":["https:\/\/www.koncevisiontv.cl\/web\/wp-content\/uploads\/2024\/08\/cge-825x575.jpg",825,575,true],"darknews-medium":["https:\/\/www.koncevisiontv.cl\/web\/wp-content\/uploads\/2024\/08\/cge-590x410.jpg",590,410,true]},"author_info":{"info":["Web-Master"]},"category_info":"<a href=\"https:\/\/www.koncevisiontv.cl\/web\/category\/nacional\/\" rel=\"category tag\">Nacional<\/a>","tag_info":"Nacional","comment_count":"0","uagb_featured_image_src":{"full":["https:\/\/www.koncevisiontv.cl\/web\/wp-content\/uploads\/2024\/08\/cge.jpg",1280,720,false],"thumbnail":["https:\/\/www.koncevisiontv.cl\/web\/wp-content\/uploads\/2024\/08\/cge-150x150.jpg",150,150,true],"medium":["https:\/\/www.koncevisiontv.cl\/web\/wp-content\/uploads\/2024\/08\/cge-300x169.jpg",300,169,true],"medium_large":["https:\/\/www.koncevisiontv.cl\/web\/wp-content\/uploads\/2024\/08\/cge-768x432.jpg",640,360,true],"large":["https:\/\/www.koncevisiontv.cl\/web\/wp-content\/uploads\/2024\/08\/cge-1024x576.jpg",640,360,true],"1536x1536":["https:\/\/www.koncevisiontv.cl\/web\/wp-content\/uploads\/2024\/08\/cge.jpg",1280,720,false],"2048x2048":["https:\/\/www.koncevisiontv.cl\/web\/wp-content\/uploads\/2024\/08\/cge.jpg",1280,720,false],"darknews-featured":["https:\/\/www.koncevisiontv.cl\/web\/wp-content\/uploads\/2024\/08\/cge-1024x576.jpg",1024,576,true],"darknews-large":["https:\/\/www.koncevisiontv.cl\/web\/wp-content\/uploads\/2024\/08\/cge-825x575.jpg",825,575,true],"darknews-medium":["https:\/\/www.koncevisiontv.cl\/web\/wp-content\/uploads\/2024\/08\/cge-590x410.jpg",590,410,true]},"uagb_author_info":{"display_name":"Web-Master","author_link":"https:\/\/www.koncevisiontv.cl\/web\/author\/koncevision\/"},"uagb_comment_info":0,"uagb_excerpt":"La Compa\u00f1\u00eda General de Electricidad (CGE) inform\u00f3 sobre una serie de cortes de luz programados para este mi\u00e9rcoles","_links":{"self":[{"href":"https:\/\/www.koncevisiontv.cl\/web\/wp-json\/wp\/v2\/posts\/6530","targetHints":{"allow":["GET"]}}],"collection":[{"href":"https:\/\/www.koncevisiontv.cl\/web\/wp-json\/wp\/v2\/posts"}],"about":[{"href":"https:\/\/www.koncevisiontv.cl\/web\/wp-json\/wp\/v2\/types\/post"}],"author":[{"embeddable":true,"href":"https:\/\/www.koncevisiontv.cl\/web\/wp-json\/wp\/v2\/users\/5"}],"replies":[{"embeddable":true,"href":"https:\/\/www.koncevisiontv.cl\/web\/wp-json\/wp\/v2\/comments?post=6530"}],"version-history":[{"count":1,"href":"https:\/\/www.koncevisiontv.cl\/web\/wp-json\/wp\/v2\/posts\/6530\/revisions"}],"predecessor-version":[{"id":6534,"href":"https:\/\/www.koncevisiontv.cl\/web\/wp-json\/wp\/v2\/posts\/6530\/revisions\/6534"}],"wp:featuredmedia":[{"embeddable":true,"href":"https:\/\/www.koncevisiontv.cl\/web\/wp-json\/wp\/v2\/media\/1111"}],"wp:attachment":[{"href":"https:\/\/www.koncevisiontv.cl\/web\/wp-json\/wp\/v2\/media?parent=6530"}],"wp:term":[{"taxonomy":"category","embeddable":true,"href":"https:\/\/www.koncevisiontv.cl\/web\/wp-json\/wp\/v2\/categories?post=6530"},{"taxonomy":"post_tag","embeddable":true,"href":"https:\/\/www.koncevisiontv.cl\/web\/wp-json\/wp\/v2\/tags?post=6530"}],"curies":[{"name":"wp","href":"https:\/\/api.w.org\/{rel}","templated":true}]}}