{"id":6542,"date":"2025-03-19T17:46:10","date_gmt":"2025-03-19T20:46:10","guid":{"rendered":"https:\/\/www.koncevisiontv.cl\/web\/?p=6542"},"modified":"2025-03-19T17:46:13","modified_gmt":"2025-03-19T20:46:13","slug":"el-se-puso-en-riesgo-claudio-crespo-insiste-en-que-no-dejo-ciego-a-gustavo-gatica-y-culpa-al-estado","status":"publish","type":"post","link":"https:\/\/www.koncevisiontv.cl\/web\/el-se-puso-en-riesgo-claudio-crespo-insiste-en-que-no-dejo-ciego-a-gustavo-gatica-y-culpa-al-estado\/","title":{"rendered":"\u201c\u00c9l Se Puso en Riesgo\u201d: Claudio Crespo Insiste en que no Dej\u00f3 Ciego a Gustavo Gatica y Culpa al Estado"},"content":{"rendered":"\n<p class=\"wp-block-paragraph\">El excarabinero <strong>Claudio Crespo <\/strong>, acusado de disparar los perdigones que dejaron ciego a <strong>Gustavo Gatica <\/strong>durante las protestas de noviembre de 2019, reiter\u00f3 su inocencia en una entrevista con <em>La Tercera <\/em>. Crespo asegur\u00f3 que la responsabilidad no recae sobre \u00e9l, sino sobre el <strong>Estado chileno <\/strong>y el alto mando de Carabineros, quienes autorizaron el uso de munici\u00f3n que conten\u00eda un 80% de metal.<\/p>\n\n\n\n<hr class=\"wp-block-separator has-alpha-channel-opacity\"\/>\n\n\n\n<h3 class=\"wp-block-heading\"><strong>Crespo Rechaza Ser Responsable del Da\u00f1o Ocular a Gatica<\/strong><\/h3>\n\n\n\n<p class=\"wp-block-paragraph\">En la entrevista, Crespo neg\u00f3 ser el \u00fanico responsable del incidente. Argument\u00f3 que hab\u00eda varios carabineros con escopetas en el lugar y que la Fiscal\u00eda lo estaba se\u00f1alando injustamente.<\/p>\n\n\n\n<blockquote class=\"wp-block-quote is-layout-flow wp-block-quote-is-layout-flow\">\n<p class=\"wp-block-paragraph\">\u201cEllos (la Fiscal\u00eda) me atribuyen a m\u00ed toda la responsabilidad, pero ese d\u00eda, y en ese momento, hab\u00edan m\u00e1s carabineros con escopeta. Pudo ser cualquiera\u201d, declar\u00f3 Crespo.<\/p>\n<\/blockquote>\n\n\n\n<p class=\"wp-block-paragraph\">El exoficial tambi\u00e9n se\u00f1al\u00f3 que seg\u00fan el testimonio del doctor <strong>Santiago Ibacache <\/strong>, quien oper\u00f3 a Gatica en la cl\u00ednica Santa Mar\u00eda, uno de los proyectiles que da\u00f1\u00f3 el ojo del joven ven\u00eda desde la derecha. Sin embargo, Crespo afirm\u00f3 que \u00e9l se encontraba a la izquierda del manifestante, a 21 grados de su posici\u00f3n.<\/p>\n\n\n\n<blockquote class=\"wp-block-quote is-layout-flow wp-block-quote-is-layout-flow\">\n<p class=\"wp-block-paragraph\">\u201cLo m\u00e1s esencial que nuestra defensa ha promovido es que yo estaba en una posici\u00f3n diferente a la trayectoria de los disparos que causaron el da\u00f1o\u201d, destac\u00f3.<\/p>\n<\/blockquote>\n\n\n\n<p class=\"wp-block-paragraph\">Adem\u00e1s, Crespo sostuvo que su escopeta estaba defectuosa y que la prueba bal\u00edstica realizada por la <strong>PDI <\/strong>no fue concluyente para determinar que su arma hab\u00eda sido la fuente de los perdigones.<\/p>\n\n\n\n<hr class=\"wp-block-separator has-alpha-channel-opacity\"\/>\n\n\n\n<h3 class=\"wp-block-heading\"><strong>\u201cEl Estado Es el Culpable\u201d<\/strong><\/h3>\n\n\n\n<p class=\"wp-block-paragraph\">El exoficial critic\u00f3 duramente al Estado y al alto mando de Carabineros, argumentando que los efectivos policiales desconoc\u00edan la composici\u00f3n letal de la munici\u00f3n utilizada durante el estallido social. Seg\u00fan Crespo, esta conten\u00eda un 80% de metal, lo que la convert\u00eda en un arma potencialmente mortal.<\/p>\n\n\n\n<blockquote class=\"wp-block-quote is-layout-flow wp-block-quote-is-layout-flow\">\n<p class=\"wp-block-paragraph\">\u201cYo era usuario, nunca particip\u00e9 en la compra de esta munici\u00f3n, y nunca supe que ten\u00eda metales, hasta que al alto mando le dijeron que suspendieran su uso, elev\u00e1ndola a categor\u00eda 5, que refiere a arma mortal o letal. Ah\u00ed, ellos asumieron que hubo un error porque esa munici\u00f3n no era de goma para antidisturbios, por lo que la sacaron de la nomenclatura\u201d, explic\u00f3.<\/p>\n<\/blockquote>\n\n\n\n<p class=\"wp-block-paragraph\">Crespo enfatiz\u00f3 que la responsabilidad final recae en el <strong>Estado <\/strong>, ya que Carabineros depende directamente del Ministerio del Interior y Seguridad P\u00fablica.<\/p>\n\n\n\n<blockquote class=\"wp-block-quote is-layout-flow wp-block-quote-is-layout-flow\">\n<p class=\"wp-block-paragraph\">\u201cAqu\u00ed el culpable es el Estado, porque Carabineros depende de ellos. El representante legal de Carabineros es el Ministerio del Interior y Seguridad\u201d, concluy\u00f3.<\/p>\n<\/blockquote>\n\n\n\n<hr class=\"wp-block-separator has-alpha-channel-opacity\"\/>\n\n\n\n<h3 class=\"wp-block-heading\"><strong>Crespo Sobre Gustavo Gatica: \u201cSe Puso en Riesgo\u201d<\/strong><\/h3>\n\n\n\n<p class=\"wp-block-paragraph\">Aunque Crespo rechaz\u00f3 cualquier responsabilidad en el da\u00f1o ocular de Gatica, reconoci\u00f3 que el joven se encontraba en primera l\u00ednea lanzando piedras durante las protestas.<\/p>\n\n\n\n<blockquote class=\"wp-block-quote is-layout-flow wp-block-quote-is-layout-flow\">\n<p class=\"wp-block-paragraph\">\u201cLamentablemente Gatica, que al principio hab\u00edan dicho que estaba tomando fotograf\u00edas y no estaba participando, sale en las im\u00e1genes en la primera l\u00ednea arrojando piedras. Yo no justifico en nada su lesi\u00f3n, pero \u00e9l se puso en riesgo\u201d, recalc\u00f3.<\/p>\n<\/blockquote>\n\n\n\n<p class=\"wp-block-paragraph\">Este argumento ha generado controversia, ya que muchos sectores consideran que las acciones de Gatica no justifican el uso de armas potencialmente letales por parte de los uniformados.<\/p>\n","protected":false},"excerpt":{"rendered":"<p>El excarabinero Claudio Crespo , acusado de disparar los perdigones que dejaron ciego a Gustavo Gatica durante las<\/p>\n","protected":false},"author":5,"featured_media":6543,"comment_status":"open","ping_status":"open","sticky":false,"template":"","format":"standard","meta":{"_crdt_document":"","_uag_custom_page_level_css":"","_sitemap_exclude":false,"_sitemap_priority":"","_sitemap_frequency":"","_joinchat":[],"footnotes":""},"categories":[14],"tags":[],"class_list":["post-6542","post","type-post","status-publish","format-standard","has-post-thumbnail","hentry","category-nacional"],"featured_image_urls":{"full":["https:\/\/www.koncevisiontv.cl\/web\/wp-content\/uploads\/2025\/03\/WEZSCFPUXFCHVHSLRUFT5J47QI.avif",1023,682,false],"thumbnail":["https:\/\/www.koncevisiontv.cl\/web\/wp-content\/uploads\/2025\/03\/WEZSCFPUXFCHVHSLRUFT5J47QI-150x150.avif",150,150,true],"medium":["https:\/\/www.koncevisiontv.cl\/web\/wp-content\/uploads\/2025\/03\/WEZSCFPUXFCHVHSLRUFT5J47QI-300x200.avif",300,200,true],"medium_large":["https:\/\/www.koncevisiontv.cl\/web\/wp-content\/uploads\/2025\/03\/WEZSCFPUXFCHVHSLRUFT5J47QI-768x512.avif",640,427,true],"large":["https:\/\/www.koncevisiontv.cl\/web\/wp-content\/uploads\/2025\/03\/WEZSCFPUXFCHVHSLRUFT5J47QI.avif",640,427,false],"1536x1536":["https:\/\/www.koncevisiontv.cl\/web\/wp-content\/uploads\/2025\/03\/WEZSCFPUXFCHVHSLRUFT5J47QI.avif",1023,682,false],"2048x2048":["https:\/\/www.koncevisiontv.cl\/web\/wp-content\/uploads\/2025\/03\/WEZSCFPUXFCHVHSLRUFT5J47QI.avif",1023,682,false],"darknews-featured":["https:\/\/www.koncevisiontv.cl\/web\/wp-content\/uploads\/2025\/03\/WEZSCFPUXFCHVHSLRUFT5J47QI.avif",1023,682,false],"darknews-large":["https:\/\/www.koncevisiontv.cl\/web\/wp-content\/uploads\/2025\/03\/WEZSCFPUXFCHVHSLRUFT5J47QI-825x575.avif",825,575,true],"darknews-medium":["https:\/\/www.koncevisiontv.cl\/web\/wp-content\/uploads\/2025\/03\/WEZSCFPUXFCHVHSLRUFT5J47QI-590x410.avif",590,410,true]},"author_info":{"info":["Web-Master"]},"category_info":"<a href=\"https:\/\/www.koncevisiontv.cl\/web\/category\/nacional\/\" rel=\"category tag\">Nacional<\/a>","tag_info":"Nacional","comment_count":"0","uagb_featured_image_src":{"full":["https:\/\/www.koncevisiontv.cl\/web\/wp-content\/uploads\/2025\/03\/WEZSCFPUXFCHVHSLRUFT5J47QI.avif",1023,682,false],"thumbnail":["https:\/\/www.koncevisiontv.cl\/web\/wp-content\/uploads\/2025\/03\/WEZSCFPUXFCHVHSLRUFT5J47QI-150x150.avif",150,150,true],"medium":["https:\/\/www.koncevisiontv.cl\/web\/wp-content\/uploads\/2025\/03\/WEZSCFPUXFCHVHSLRUFT5J47QI-300x200.avif",300,200,true],"medium_large":["https:\/\/www.koncevisiontv.cl\/web\/wp-content\/uploads\/2025\/03\/WEZSCFPUXFCHVHSLRUFT5J47QI-768x512.avif",640,427,true],"large":["https:\/\/www.koncevisiontv.cl\/web\/wp-content\/uploads\/2025\/03\/WEZSCFPUXFCHVHSLRUFT5J47QI.avif",640,427,false],"1536x1536":["https:\/\/www.koncevisiontv.cl\/web\/wp-content\/uploads\/2025\/03\/WEZSCFPUXFCHVHSLRUFT5J47QI.avif",1023,682,false],"2048x2048":["https:\/\/www.koncevisiontv.cl\/web\/wp-content\/uploads\/2025\/03\/WEZSCFPUXFCHVHSLRUFT5J47QI.avif",1023,682,false],"darknews-featured":["https:\/\/www.koncevisiontv.cl\/web\/wp-content\/uploads\/2025\/03\/WEZSCFPUXFCHVHSLRUFT5J47QI.avif",1023,682,false],"darknews-large":["https:\/\/www.koncevisiontv.cl\/web\/wp-content\/uploads\/2025\/03\/WEZSCFPUXFCHVHSLRUFT5J47QI-825x575.avif",825,575,true],"darknews-medium":["https:\/\/www.koncevisiontv.cl\/web\/wp-content\/uploads\/2025\/03\/WEZSCFPUXFCHVHSLRUFT5J47QI-590x410.avif",590,410,true]},"uagb_author_info":{"display_name":"Web-Master","author_link":"https:\/\/www.koncevisiontv.cl\/web\/author\/koncevision\/"},"uagb_comment_info":0,"uagb_excerpt":"El excarabinero Claudio Crespo , acusado de disparar los perdigones que dejaron ciego a Gustavo Gatica durante las","_links":{"self":[{"href":"https:\/\/www.koncevisiontv.cl\/web\/wp-json\/wp\/v2\/posts\/6542","targetHints":{"allow":["GET"]}}],"collection":[{"href":"https:\/\/www.koncevisiontv.cl\/web\/wp-json\/wp\/v2\/posts"}],"about":[{"href":"https:\/\/www.koncevisiontv.cl\/web\/wp-json\/wp\/v2\/types\/post"}],"author":[{"embeddable":true,"href":"https:\/\/www.koncevisiontv.cl\/web\/wp-json\/wp\/v2\/users\/5"}],"replies":[{"embeddable":true,"href":"https:\/\/www.koncevisiontv.cl\/web\/wp-json\/wp\/v2\/comments?post=6542"}],"version-history":[{"count":1,"href":"https:\/\/www.koncevisiontv.cl\/web\/wp-json\/wp\/v2\/posts\/6542\/revisions"}],"predecessor-version":[{"id":6544,"href":"https:\/\/www.koncevisiontv.cl\/web\/wp-json\/wp\/v2\/posts\/6542\/revisions\/6544"}],"wp:featuredmedia":[{"embeddable":true,"href":"https:\/\/www.koncevisiontv.cl\/web\/wp-json\/wp\/v2\/media\/6543"}],"wp:attachment":[{"href":"https:\/\/www.koncevisiontv.cl\/web\/wp-json\/wp\/v2\/media?parent=6542"}],"wp:term":[{"taxonomy":"category","embeddable":true,"href":"https:\/\/www.koncevisiontv.cl\/web\/wp-json\/wp\/v2\/categories?post=6542"},{"taxonomy":"post_tag","embeddable":true,"href":"https:\/\/www.koncevisiontv.cl\/web\/wp-json\/wp\/v2\/tags?post=6542"}],"curies":[{"name":"wp","href":"https:\/\/api.w.org\/{rel}","templated":true}]}}