{"id":6545,"date":"2025-03-19T18:06:16","date_gmt":"2025-03-19T21:06:16","guid":{"rendered":"https:\/\/www.koncevisiontv.cl\/web\/?p=6545"},"modified":"2025-03-19T18:10:28","modified_gmt":"2025-03-19T21:10:28","slug":"nueva-derecha-lista-parlamentaria-chile-vamos","status":"publish","type":"post","link":"https:\/\/www.koncevisiontv.cl\/web\/nueva-derecha-lista-parlamentaria-chile-vamos\/","title":{"rendered":"&#8220;La Nueva Derecha&#8221;: Socialcristianos, Libertarios y Republicanos Negocian Lista Parlamentaria \u00danica"},"content":{"rendered":"\n<p class=\"wp-block-paragraph\">Una posible alianza entre el <strong>Partido Social Cristiano (PSC) <\/strong>, el <strong>Partido Republicano <\/strong>y el <strong>Partido Nacional Libertario (PNL) <\/strong>est\u00e1 en marcha para conformar una lista parlamentaria \u00fanica de cara a las elecciones de noviembre. Este movimiento, que algunos ya han denominado como <strong>&#8220;la nueva derecha&#8221; <\/strong>, busca presentarse como una alternativa distinta a la coalici\u00f3n tradicional <strong>Chile Vamos <\/strong>y podr\u00eda generar una competencia directa con los candidatos de esta \u00faltima.<\/p>\n\n\n\n<p class=\"wp-block-paragraph\">Sin embargo, desde la <strong>UDI <\/strong>, integrante de Chile Vamos, han llamado a reconsiderar la idea de un acuerdo que incluya a toda la oposici\u00f3n, advirtiendo sobre los riesgos de fragmentaci\u00f3n frente a una izquierda que se presenta unida.<\/p>\n\n\n\n<hr class=\"wp-block-separator has-alpha-channel-opacity\"\/>\n\n\n\n<h3 class=\"wp-block-heading\"><strong>El Objetivo: Una Alternativa Distinta a Chile Vamos<\/strong><\/h3>\n\n\n\n<p class=\"wp-block-paragraph\">Durante el <strong>encuentro nacional del Partido Social Cristiano <\/strong>, realizado el s\u00e1bado, l\u00edderes de estas tres fuerzas pol\u00edticas confirmaron su disposici\u00f3n a explorar una alianza parlamentaria conjunta. Seg\u00fan explic\u00f3 la diputada y presidenta del PSC, <strong>Sara Concha <\/strong>, las conversaciones iniciales han mostrado apertura para avanzar hacia una lista \u00fanica.<\/p>\n\n\n\n<blockquote class=\"wp-block-quote is-layout-flow wp-block-quote-is-layout-flow\">\n<p class=\"wp-block-paragraph\">\u201cHemos tenido algunos acercamientos, algunas conversaciones iniciales, porque hay que profundizar c\u00f3mo se podr\u00eda concretar esto, pero por lo menos se ve la disponibilidad a poder llevar adelante esta posible lista parlamentaria \u00fanica desde los tres partidos\u201d, declar\u00f3 Concha.<\/p>\n<\/blockquote>\n\n\n\n<p class=\"wp-block-paragraph\">La diputada tambi\u00e9n subray\u00f3 que una eventual alianza significar\u00eda competir directamente con <strong>Chile Vamos <\/strong>, descartando la posibilidad de un acuerdo con esta coalici\u00f3n.<\/p>\n\n\n\n<blockquote class=\"wp-block-quote is-layout-flow wp-block-quote-is-layout-flow\">\n<p class=\"wp-block-paragraph\">\u201cSe ve inviable una lista parlamentaria o alg\u00fan otro acuerdo pol\u00edtico con Chile Vamos, porque las convicciones que nos mueven son distintas. Chile Vamos siempre est\u00e1 con la calculadora en la mano, siempre est\u00e1 tranzando algunas cosas. Lo vimos con la reforma de pensiones y fueron parte del proceso que entreg\u00f3 el cambio de Constituci\u00f3n en dos oportunidades\u201d, sostuvo.<\/p>\n<\/blockquote>\n\n\n\n<hr class=\"wp-block-separator has-alpha-channel-opacity\"\/>\n\n\n\n<h3 class=\"wp-block-heading\"><strong>\u00bfQu\u00e9 Dicen los Republicanos y Libertarios?<\/strong><\/h3>\n\n\n\n<p class=\"wp-block-paragraph\">El presidente del <strong>Partido Republicano <\/strong>, <strong>Arturo Squella <\/strong>, destac\u00f3 que esta iniciativa busca ofrecerle a los chilenos una sola lista de candidatos de derecha para las elecciones parlamentarias.<\/p>\n\n\n\n<blockquote class=\"wp-block-quote is-layout-flow wp-block-quote-is-layout-flow\">\n<p class=\"wp-block-paragraph\">\u201cEn la pr\u00e1ctica, lo que est\u00e1 ocurriendo es que la oposici\u00f3n podr\u00eda llegar a tener dos listas, una de centro y otra de derecha, y eso es una buena noticia para lograr mayor\u00eda en el Congreso Nacional a partir de marzo del pr\u00f3ximo a\u00f1o\u201d, afirm\u00f3 Squella.<\/p>\n<\/blockquote>\n\n\n\n<p class=\"wp-block-paragraph\">Por su parte, el secretario del <strong>Partido Nacional Libertario <\/strong>, <strong>Juan Antonio Urz\u00faa <\/strong>, se\u00f1al\u00f3 que las conversaciones a\u00fan est\u00e1n en etapas preliminares y que pr\u00f3ximamente se evaluar\u00e1n n\u00fameros y estrategias espec\u00edficas.<\/p>\n\n\n\n<blockquote class=\"wp-block-quote is-layout-flow wp-block-quote-is-layout-flow\">\n<p class=\"wp-block-paragraph\">\u201cEstamos en conversaciones preliminares. Negociaciones con planilla en mano para ver n\u00fameros, son cuestiones que pr\u00f3ximamente se podr\u00eda efectuar, pero estamos en esa etapa todav\u00eda\u201d, explic\u00f3 Urz\u00faa.<\/p>\n<\/blockquote>\n\n\n\n<hr class=\"wp-block-separator has-alpha-channel-opacity\"\/>\n\n\n\n<h3 class=\"wp-block-heading\"><strong>El Desaf\u00edo de las Candidaturas Presidenciales<\/strong><\/h3>\n\n\n\n<p class=\"wp-block-paragraph\">Un tema que podr\u00eda complicar las negociaciones es la presencia de <strong>tres candidatos presidenciales <\/strong>dentro de este bloque emergente: uno del PSC, otro del Partido Republicano y un tercero del PNL. Mientras los libertarios y socialcristianos han dejado abierta la posibilidad de una primaria presidencial, desde el Partido Republicano han cerrado la puerta a este escenario.<\/p>\n\n\n\n<p class=\"wp-block-paragraph\">En el programa <em>Mesa Central <\/em>de Canal 13, el diputado y presidente de los libertarios, <strong>Johannes Kaiser <\/strong>, coment\u00f3:<\/p>\n\n\n\n<blockquote class=\"wp-block-quote is-layout-flow wp-block-quote-is-layout-flow\">\n<p class=\"wp-block-paragraph\">\u201cLas conversaciones vienen antes de las negociaciones y las negociaciones antes del humo blanco. En este momento estamos conversando\u201d.<\/p>\n<\/blockquote>\n\n\n\n<hr class=\"wp-block-separator has-alpha-channel-opacity\"\/>\n\n\n\n<h3 class=\"wp-block-heading\"><strong>Desde la UDI: Llamado a la Unidad de la Oposici\u00f3n<\/strong><\/h3>\n\n\n\n<p class=\"wp-block-paragraph\">Frente a este escenario, el secretario general de la <strong>UDI <\/strong>, <strong>Juan Antonio Coloma <\/strong>, hizo un llamado a evitar la fragmentaci\u00f3n de la oposici\u00f3n.<\/p>\n\n\n\n<blockquote class=\"wp-block-quote is-layout-flow wp-block-quote-is-layout-flow\">\n<p class=\"wp-block-paragraph\">\u201cHay algunos que dijeron que ese pacto no existe, habr\u00eda que esperar. Lo que s\u00ed nosotros esperamos es que si hay conversaciones podamos despu\u00e9s quiz\u00e1s en un par de semanas m\u00e1s, quedan 40 d\u00edas, tener una gran conversaci\u00f3n entre todos para tener un pacto unitario\u201d, declar\u00f3.<\/p>\n<\/blockquote>\n\n\n\n<p class=\"wp-block-paragraph\">Coloma enfatiz\u00f3 que la divisi\u00f3n de la oposici\u00f3n favorece a la izquierda, argumentando:<\/p>\n\n\n\n<blockquote class=\"wp-block-quote is-layout-flow wp-block-quote-is-layout-flow\">\n<p class=\"wp-block-paragraph\">\u201cLa izquierda va a ir unida y la pregunta es c\u00f3mo vamos a ir nosotros. La divisi\u00f3n de la oposici\u00f3n hace ganar a la izquierda, esa es la \u00fanica premisa que est\u00e1 clara (&#8230;) y que esperamos revertir\u201d.<\/p>\n<\/blockquote>\n\n\n\n<p class=\"wp-block-paragraph\">Adem\u00e1s, revel\u00f3 que <strong>Chile Vamos <\/strong>ha estado conversando con partidos de centro para intentar consolidar una lista parlamentaria \u00fanica.<\/p>\n\n\n\n<hr class=\"wp-block-separator has-alpha-channel-opacity\"\/>\n\n\n\n<h3 class=\"wp-block-heading\"><strong>El Caso de Rojo Edwards<\/strong><\/h3>\n\n\n\n<p class=\"wp-block-paragraph\">El s\u00e1bado, el <strong>Partido Social Cristiano <\/strong>ten\u00eda previsto anunciar oficialmente a su candidato presidencial, el senador <strong>Rojo Edwards <\/strong>, tras desistir de realizar una primaria legal interna. Sin embargo, el anuncio no se produjo debido a diferencias a\u00fan no resueltas.<\/p>\n\n\n\n<p class=\"wp-block-paragraph\">Seg\u00fan fuentes del partido, las negociaciones con Edwards contin\u00faan, aunque no se descarta la posibilidad de optar por otro parlamentario si no se llega a un acuerdo. Desde el PSC aseguran que en los pr\u00f3ximos d\u00edas dar\u00e1n a conocer su postulante presidencial.<\/p>\n","protected":false},"excerpt":{"rendered":"<p>Una posible alianza entre el Partido Social Cristiano (PSC) , el Partido Republicano y el Partido Nacional Libertario<\/p>\n","protected":false},"author":5,"featured_media":6546,"comment_status":"open","ping_status":"open","sticky":false,"template":"","format":"standard","meta":{"_crdt_document":"","_uag_custom_page_level_css":"","_sitemap_exclude":false,"_sitemap_priority":"","_sitemap_frequency":"","_joinchat":[],"footnotes":""},"categories":[14],"tags":[],"class_list":["post-6545","post","type-post","status-publish","format-standard","has-post-thumbnail","hentry","category-nacional"],"featured_image_urls":{"full":["https:\/\/www.koncevisiontv.cl\/web\/wp-content\/uploads\/2025\/03\/file_20250317141040.jpg",710,399,false],"thumbnail":["https:\/\/www.koncevisiontv.cl\/web\/wp-content\/uploads\/2025\/03\/file_20250317141040-150x150.jpg",150,150,true],"medium":["https:\/\/www.koncevisiontv.cl\/web\/wp-content\/uploads\/2025\/03\/file_20250317141040-300x169.jpg",300,169,true],"medium_large":["https:\/\/www.koncevisiontv.cl\/web\/wp-content\/uploads\/2025\/03\/file_20250317141040.jpg",640,360,false],"large":["https:\/\/www.koncevisiontv.cl\/web\/wp-content\/uploads\/2025\/03\/file_20250317141040.jpg",640,360,false],"1536x1536":["https:\/\/www.koncevisiontv.cl\/web\/wp-content\/uploads\/2025\/03\/file_20250317141040.jpg",710,399,false],"2048x2048":["https:\/\/www.koncevisiontv.cl\/web\/wp-content\/uploads\/2025\/03\/file_20250317141040.jpg",710,399,false],"darknews-featured":["https:\/\/www.koncevisiontv.cl\/web\/wp-content\/uploads\/2025\/03\/file_20250317141040.jpg",710,399,false],"darknews-large":["https:\/\/www.koncevisiontv.cl\/web\/wp-content\/uploads\/2025\/03\/file_20250317141040.jpg",710,399,false],"darknews-medium":["https:\/\/www.koncevisiontv.cl\/web\/wp-content\/uploads\/2025\/03\/file_20250317141040-590x399.jpg",590,399,true]},"author_info":{"info":["Web-Master"]},"category_info":"<a href=\"https:\/\/www.koncevisiontv.cl\/web\/category\/nacional\/\" rel=\"category tag\">Nacional<\/a>","tag_info":"Nacional","comment_count":"0","uagb_featured_image_src":{"full":["https:\/\/www.koncevisiontv.cl\/web\/wp-content\/uploads\/2025\/03\/file_20250317141040.jpg",710,399,false],"thumbnail":["https:\/\/www.koncevisiontv.cl\/web\/wp-content\/uploads\/2025\/03\/file_20250317141040-150x150.jpg",150,150,true],"medium":["https:\/\/www.koncevisiontv.cl\/web\/wp-content\/uploads\/2025\/03\/file_20250317141040-300x169.jpg",300,169,true],"medium_large":["https:\/\/www.koncevisiontv.cl\/web\/wp-content\/uploads\/2025\/03\/file_20250317141040.jpg",640,360,false],"large":["https:\/\/www.koncevisiontv.cl\/web\/wp-content\/uploads\/2025\/03\/file_20250317141040.jpg",640,360,false],"1536x1536":["https:\/\/www.koncevisiontv.cl\/web\/wp-content\/uploads\/2025\/03\/file_20250317141040.jpg",710,399,false],"2048x2048":["https:\/\/www.koncevisiontv.cl\/web\/wp-content\/uploads\/2025\/03\/file_20250317141040.jpg",710,399,false],"darknews-featured":["https:\/\/www.koncevisiontv.cl\/web\/wp-content\/uploads\/2025\/03\/file_20250317141040.jpg",710,399,false],"darknews-large":["https:\/\/www.koncevisiontv.cl\/web\/wp-content\/uploads\/2025\/03\/file_20250317141040.jpg",710,399,false],"darknews-medium":["https:\/\/www.koncevisiontv.cl\/web\/wp-content\/uploads\/2025\/03\/file_20250317141040-590x399.jpg",590,399,true]},"uagb_author_info":{"display_name":"Web-Master","author_link":"https:\/\/www.koncevisiontv.cl\/web\/author\/koncevision\/"},"uagb_comment_info":0,"uagb_excerpt":"Una posible alianza entre el Partido Social Cristiano (PSC) , el Partido Republicano y el Partido Nacional Libertario","_links":{"self":[{"href":"https:\/\/www.koncevisiontv.cl\/web\/wp-json\/wp\/v2\/posts\/6545","targetHints":{"allow":["GET"]}}],"collection":[{"href":"https:\/\/www.koncevisiontv.cl\/web\/wp-json\/wp\/v2\/posts"}],"about":[{"href":"https:\/\/www.koncevisiontv.cl\/web\/wp-json\/wp\/v2\/types\/post"}],"author":[{"embeddable":true,"href":"https:\/\/www.koncevisiontv.cl\/web\/wp-json\/wp\/v2\/users\/5"}],"replies":[{"embeddable":true,"href":"https:\/\/www.koncevisiontv.cl\/web\/wp-json\/wp\/v2\/comments?post=6545"}],"version-history":[{"count":1,"href":"https:\/\/www.koncevisiontv.cl\/web\/wp-json\/wp\/v2\/posts\/6545\/revisions"}],"predecessor-version":[{"id":6547,"href":"https:\/\/www.koncevisiontv.cl\/web\/wp-json\/wp\/v2\/posts\/6545\/revisions\/6547"}],"wp:featuredmedia":[{"embeddable":true,"href":"https:\/\/www.koncevisiontv.cl\/web\/wp-json\/wp\/v2\/media\/6546"}],"wp:attachment":[{"href":"https:\/\/www.koncevisiontv.cl\/web\/wp-json\/wp\/v2\/media?parent=6545"}],"wp:term":[{"taxonomy":"category","embeddable":true,"href":"https:\/\/www.koncevisiontv.cl\/web\/wp-json\/wp\/v2\/categories?post=6545"},{"taxonomy":"post_tag","embeddable":true,"href":"https:\/\/www.koncevisiontv.cl\/web\/wp-json\/wp\/v2\/tags?post=6545"}],"curies":[{"name":"wp","href":"https:\/\/api.w.org\/{rel}","templated":true}]}}