{"id":6548,"date":"2025-03-19T18:20:25","date_gmt":"2025-03-19T21:20:25","guid":{"rendered":"https:\/\/www.koncevisiontv.cl\/web\/?p=6548"},"modified":"2025-03-19T18:20:28","modified_gmt":"2025-03-19T21:20:28","slug":"mujer-es-asesinada-punalada-concepcion","status":"publish","type":"post","link":"https:\/\/www.koncevisiontv.cl\/web\/mujer-es-asesinada-punalada-concepcion\/","title":{"rendered":"HORROR EN CONCEPCI\u00d3N: Mujer Es Asesinada de una Pu\u00f1alada a Pocas Cuadras del Centro"},"content":{"rendered":"\n<div class=\"wp-block-uagb-advanced-heading uagb-block-3197f8ba\"><h2 class=\"uagb-heading-text\">Mujer Es Asesinada de una Pu\u00f1alada<\/h2><\/div>\n\n\n\n<p class=\"wp-block-paragraph\">Una mujer fue brutalmente asesinada de una pu\u00f1alada en la poblaci\u00f3n <strong>Pedro del R\u00edo Za\u00f1artu <\/strong>, ubicada a menos de <strong>15 cuadras del centro de Concepci\u00f3n <\/strong>, en la regi\u00f3n del <strong>Biob\u00edo <\/strong>. Este tr\u00e1gico crimen ha conmocionado a la comunidad local, que a\u00fan intenta comprender los detalles de lo ocurrido.<\/p>\n\n\n\n<hr class=\"wp-block-separator has-alpha-channel-opacity\"\/>\n\n\n\n<h3 class=\"wp-block-heading\"><strong>El Escenario del Crimen<\/strong><\/h3>\n\n\n\n<p class=\"wp-block-paragraph\">El homicidio tuvo lugar en las calles <strong>Tem\u00edstocles Rojas con avenida Za\u00f1artu <\/strong>, donde la v\u00edctima fue encontrada gravemente herida en plena v\u00eda p\u00fablica. Seg\u00fan inform\u00f3 el teniente primero de la <strong>S\u00e9ptima Compa\u00f1\u00eda de Bomberos <\/strong>, <strong>Tom\u00e1s L\u00f3pez <\/strong>, a <strong>Radio Biob\u00edo <\/strong>, el equipo de emergencia inicialmente acudi\u00f3 al sector de <strong>Costanera <\/strong>por un accidente de tr\u00e1nsito, pero fueron alertados sobre la presencia de una mujer apu\u00f1alada en la zona del t\u00f3rax.<\/p>\n\n\n\n<blockquote class=\"wp-block-quote is-layout-flow wp-block-quote-is-layout-flow\">\n<p class=\"wp-block-paragraph\">\u201cAl llegar al lugar, la encontramos en paro cardiaco. A pesar de realizar maniobras de reanimaci\u00f3n, el SAMU constat\u00f3 su deceso\u201d, declar\u00f3 L\u00f3pez.<\/p>\n<\/blockquote>\n\n\n\n<p class=\"wp-block-paragraph\">Testigos relataron haber visto a la mujer corriendo hasta que finalmente se desplom\u00f3 en la calle <strong>Tem\u00edstocles Rojas <\/strong>, lo que sugiere que pudo haber intentado escapar de su agresor antes de caer mortalmente herida.<\/p>\n\n\n\n<hr class=\"wp-block-separator has-alpha-channel-opacity\"\/>\n\n\n\n<h3 class=\"wp-block-heading\"><strong>La V\u00edctima y el Contexto del Crimen<\/strong><\/h3>\n\n\n\n<p class=\"wp-block-paragraph\">Hasta el momento, la identidad de la v\u00edctima no ha sido revelada, aunque se estima que tendr\u00eda aproximadamente <strong>40 a\u00f1os <\/strong>. Las autoridades contin\u00faan trabajando para determinar las circunstancias exactas del crimen, incluyendo posibles motivaciones y el perfil del agresor.<\/p>\n\n\n\n<p class=\"wp-block-paragraph\">El sitio del suceso est\u00e1 siendo resguardado por <strong>Carabineros <\/strong>, quienes esperan las instrucciones del <strong>Ministerio P\u00fablico <\/strong>y la llegada del <strong>Servicio M\u00e9dico Legal <\/strong>para retirar el cuerpo y realizar las investigaciones correspondientes.<\/p>\n\n\n\n<hr class=\"wp-block-separator has-alpha-channel-opacity\"\/>\n\n\n\n<h3 class=\"wp-block-heading\"><strong>Reacciones de la Comunidad<\/strong><\/h3>\n\n\n\n<p class=\"wp-block-paragraph\">Este crimen ha generado preocupaci\u00f3n entre los vecinos de la poblaci\u00f3n <strong>Pedro del R\u00edo Za\u00f1artu <\/strong>, quienes han expresado su temor ante la violencia que parece estar aumentando en sectores cercanos al centro de Concepci\u00f3n.<\/p>\n\n\n\n<blockquote class=\"wp-block-quote is-layout-flow wp-block-quote-is-layout-flow\">\n<p class=\"wp-block-paragraph\">\u201cEs escalofriante pensar que algo as\u00ed pueda ocurrir tan cerca de nuestras casas. Esto nos obliga a estar m\u00e1s atentos y cuidarnos mutuamente\u201d, coment\u00f3 un residente del sector.<\/p>\n<\/blockquote>\n","protected":false},"excerpt":{"rendered":"<p>Mujer Es Asesinada de una Pu\u00f1alada Una mujer fue brutalmente asesinada de una pu\u00f1alada en la poblaci\u00f3n Pedro<\/p>\n","protected":false},"author":5,"featured_media":6549,"comment_status":"open","ping_status":"open","sticky":false,"template":"","format":"standard","meta":{"_crdt_document":"","_uag_custom_page_level_css":"","_sitemap_exclude":false,"_sitemap_priority":"","_sitemap_frequency":"","_joinchat":[],"footnotes":""},"categories":[14],"tags":[],"class_list":["post-6548","post","type-post","status-publish","format-standard","has-post-thumbnail","hentry","category-nacional"],"featured_image_urls":{"full":["https:\/\/www.koncevisiontv.cl\/web\/wp-content\/uploads\/2025\/03\/Screenshot_20250319_113448_com_android_chrome_ChromeTabbedActivity.webp",1200,681,false],"thumbnail":["https:\/\/www.koncevisiontv.cl\/web\/wp-content\/uploads\/2025\/03\/Screenshot_20250319_113448_com_android_chrome_ChromeTabbedActivity-150x150.webp",150,150,true],"medium":["https:\/\/www.koncevisiontv.cl\/web\/wp-content\/uploads\/2025\/03\/Screenshot_20250319_113448_com_android_chrome_ChromeTabbedActivity-300x170.webp",300,170,true],"medium_large":["https:\/\/www.koncevisiontv.cl\/web\/wp-content\/uploads\/2025\/03\/Screenshot_20250319_113448_com_android_chrome_ChromeTabbedActivity-768x436.webp",640,363,true],"large":["https:\/\/www.koncevisiontv.cl\/web\/wp-content\/uploads\/2025\/03\/Screenshot_20250319_113448_com_android_chrome_ChromeTabbedActivity-1024x581.webp",640,363,true],"1536x1536":["https:\/\/www.koncevisiontv.cl\/web\/wp-content\/uploads\/2025\/03\/Screenshot_20250319_113448_com_android_chrome_ChromeTabbedActivity.webp",1200,681,false],"2048x2048":["https:\/\/www.koncevisiontv.cl\/web\/wp-content\/uploads\/2025\/03\/Screenshot_20250319_113448_com_android_chrome_ChromeTabbedActivity.webp",1200,681,false],"darknews-featured":["https:\/\/www.koncevisiontv.cl\/web\/wp-content\/uploads\/2025\/03\/Screenshot_20250319_113448_com_android_chrome_ChromeTabbedActivity-1024x581.webp",1024,581,true],"darknews-large":["https:\/\/www.koncevisiontv.cl\/web\/wp-content\/uploads\/2025\/03\/Screenshot_20250319_113448_com_android_chrome_ChromeTabbedActivity-825x575.webp",825,575,true],"darknews-medium":["https:\/\/www.koncevisiontv.cl\/web\/wp-content\/uploads\/2025\/03\/Screenshot_20250319_113448_com_android_chrome_ChromeTabbedActivity-590x410.webp",590,410,true]},"author_info":{"info":["Web-Master"]},"category_info":"<a href=\"https:\/\/www.koncevisiontv.cl\/web\/category\/nacional\/\" rel=\"category tag\">Nacional<\/a>","tag_info":"Nacional","comment_count":"0","uagb_featured_image_src":{"full":["https:\/\/www.koncevisiontv.cl\/web\/wp-content\/uploads\/2025\/03\/Screenshot_20250319_113448_com_android_chrome_ChromeTabbedActivity.webp",1200,681,false],"thumbnail":["https:\/\/www.koncevisiontv.cl\/web\/wp-content\/uploads\/2025\/03\/Screenshot_20250319_113448_com_android_chrome_ChromeTabbedActivity-150x150.webp",150,150,true],"medium":["https:\/\/www.koncevisiontv.cl\/web\/wp-content\/uploads\/2025\/03\/Screenshot_20250319_113448_com_android_chrome_ChromeTabbedActivity-300x170.webp",300,170,true],"medium_large":["https:\/\/www.koncevisiontv.cl\/web\/wp-content\/uploads\/2025\/03\/Screenshot_20250319_113448_com_android_chrome_ChromeTabbedActivity-768x436.webp",640,363,true],"large":["https:\/\/www.koncevisiontv.cl\/web\/wp-content\/uploads\/2025\/03\/Screenshot_20250319_113448_com_android_chrome_ChromeTabbedActivity-1024x581.webp",640,363,true],"1536x1536":["https:\/\/www.koncevisiontv.cl\/web\/wp-content\/uploads\/2025\/03\/Screenshot_20250319_113448_com_android_chrome_ChromeTabbedActivity.webp",1200,681,false],"2048x2048":["https:\/\/www.koncevisiontv.cl\/web\/wp-content\/uploads\/2025\/03\/Screenshot_20250319_113448_com_android_chrome_ChromeTabbedActivity.webp",1200,681,false],"darknews-featured":["https:\/\/www.koncevisiontv.cl\/web\/wp-content\/uploads\/2025\/03\/Screenshot_20250319_113448_com_android_chrome_ChromeTabbedActivity-1024x581.webp",1024,581,true],"darknews-large":["https:\/\/www.koncevisiontv.cl\/web\/wp-content\/uploads\/2025\/03\/Screenshot_20250319_113448_com_android_chrome_ChromeTabbedActivity-825x575.webp",825,575,true],"darknews-medium":["https:\/\/www.koncevisiontv.cl\/web\/wp-content\/uploads\/2025\/03\/Screenshot_20250319_113448_com_android_chrome_ChromeTabbedActivity-590x410.webp",590,410,true]},"uagb_author_info":{"display_name":"Web-Master","author_link":"https:\/\/www.koncevisiontv.cl\/web\/author\/koncevision\/"},"uagb_comment_info":0,"uagb_excerpt":"Mujer Es Asesinada de una Pu\u00f1alada Una mujer fue brutalmente asesinada de una pu\u00f1alada en la poblaci\u00f3n Pedro","_links":{"self":[{"href":"https:\/\/www.koncevisiontv.cl\/web\/wp-json\/wp\/v2\/posts\/6548","targetHints":{"allow":["GET"]}}],"collection":[{"href":"https:\/\/www.koncevisiontv.cl\/web\/wp-json\/wp\/v2\/posts"}],"about":[{"href":"https:\/\/www.koncevisiontv.cl\/web\/wp-json\/wp\/v2\/types\/post"}],"author":[{"embeddable":true,"href":"https:\/\/www.koncevisiontv.cl\/web\/wp-json\/wp\/v2\/users\/5"}],"replies":[{"embeddable":true,"href":"https:\/\/www.koncevisiontv.cl\/web\/wp-json\/wp\/v2\/comments?post=6548"}],"version-history":[{"count":1,"href":"https:\/\/www.koncevisiontv.cl\/web\/wp-json\/wp\/v2\/posts\/6548\/revisions"}],"predecessor-version":[{"id":6550,"href":"https:\/\/www.koncevisiontv.cl\/web\/wp-json\/wp\/v2\/posts\/6548\/revisions\/6550"}],"wp:featuredmedia":[{"embeddable":true,"href":"https:\/\/www.koncevisiontv.cl\/web\/wp-json\/wp\/v2\/media\/6549"}],"wp:attachment":[{"href":"https:\/\/www.koncevisiontv.cl\/web\/wp-json\/wp\/v2\/media?parent=6548"}],"wp:term":[{"taxonomy":"category","embeddable":true,"href":"https:\/\/www.koncevisiontv.cl\/web\/wp-json\/wp\/v2\/categories?post=6548"},{"taxonomy":"post_tag","embeddable":true,"href":"https:\/\/www.koncevisiontv.cl\/web\/wp-json\/wp\/v2\/tags?post=6548"}],"curies":[{"name":"wp","href":"https:\/\/api.w.org\/{rel}","templated":true}]}}