{"id":6551,"date":"2025-03-19T19:55:33","date_gmt":"2025-03-19T22:55:33","guid":{"rendered":"https:\/\/www.koncevisiontv.cl\/web\/?p=6551"},"modified":"2025-03-19T19:55:36","modified_gmt":"2025-03-19T22:55:36","slug":"ataque-profesora-alumno-tea-trehuaco","status":"publish","type":"post","link":"https:\/\/www.koncevisiontv.cl\/web\/ataque-profesora-alumno-tea-trehuaco\/","title":{"rendered":"\u201cTuvo la Bronca con la Profesora\u2026\u201d: Padre del Alumno con TEA Revela Detalles del Ataque a Docente"},"content":{"rendered":"\n<div class=\"wp-block-uagb-advanced-heading uagb-block-48bf80b2\"><h2 class=\"uagb-heading-text\">Padre del Alumno con TEA Revela Detalles del Ataque<\/h2><\/div>\n\n\n\n<p class=\"wp-block-paragraph\">El caso del estudiante de 14 a\u00f1os con <strong>Trastorno del Espectro Autista (TEA) <\/strong>que atac\u00f3 a una profesora en el <strong>Liceo Bicentenario de Excelencia de Trehuaco <\/strong>, regi\u00f3n del <strong>\u00d1uble <\/strong>, sigue generando repercusiones. La docente, <strong>Elena Cano Ram\u00edrez <\/strong>, fue operada de urgencia por una fractura craneal y se encuentra estable, pero en estado cr\u00edtico. Mientras tanto, el padre del menor ofreci\u00f3 su versi\u00f3n de los hechos, se\u00f1alando que su hijo reaccion\u00f3 violentamente debido a problemas de comunicaci\u00f3n con la docente.<\/p>\n\n\n\n<hr class=\"wp-block-separator has-alpha-channel-opacity\"\/>\n\n\n\n<h3 class=\"wp-block-heading\"><strong>El Relato del Padre: La Bronca Anterior al Ataque<\/strong><\/h3>\n\n\n\n<p class=\"wp-block-paragraph\">En declaraciones a <strong>T13 <\/strong>, <strong>Israel Acu\u00f1a <\/strong>, padre del adolescente, explic\u00f3 que su hijo hab\u00eda tenido un conflicto previo con la profesora, lo que desencaden\u00f3 la agresi\u00f3n. Seg\u00fan Acu\u00f1a, el joven le coment\u00f3 que no hab\u00eda tenido una buena interacci\u00f3n con la docente durante las primeras clases.<\/p>\n\n\n\n<blockquote class=\"wp-block-quote is-layout-flow wp-block-quote-is-layout-flow\">\n<p class=\"wp-block-paragraph\">\u201c\u00c9l me comenta que tuvo la bronca con la profesora, del segundo d\u00eda, de c\u00f3mo la trat\u00f3\u201d, dijo Acu\u00f1a.<\/p>\n<\/blockquote>\n\n\n\n<p class=\"wp-block-paragraph\">El padre detall\u00f3 que la profesora supuestamente le habr\u00eda dicho al menor que, si no quer\u00eda escribir, entonces \u201cno serv\u00eda\u201d para la clase. Este comentario habr\u00eda generado frustraci\u00f3n en el estudiante, quien tiene dificultades para comprender instrucciones repetitivas o negativas debido a su condici\u00f3n de autismo.<\/p>\n\n\n\n<p class=\"wp-block-paragraph\">Posteriormente, el conflicto escal\u00f3 cuando la docente grit\u00f3 a los alumnos para que guardaran sus celulares. El menor intervino cuestionando este llamado, a lo que la profesora respondi\u00f3 que \u00e9l no era el \u201cabogado\u201d de sus compa\u00f1eros.<\/p>\n\n\n\n<blockquote class=\"wp-block-quote is-layout-flow wp-block-quote-is-layout-flow\">\n<p class=\"wp-block-paragraph\">\u201cComo la profesora le dijo que no era un abogado, a \u00e9l no le gust\u00f3 (&#8230;) Se descuadr\u00f3 con la profesora\u201d, revel\u00f3 Acu\u00f1a.<\/p>\n<\/blockquote>\n\n\n\n<p class=\"wp-block-paragraph\">El padre asegur\u00f3 que esta es la primera vez que su hijo enfrenta una situaci\u00f3n de este tipo y destac\u00f3 que el joven hab\u00eda trabajado bien con otras profesoras.<\/p>\n\n\n\n<hr class=\"wp-block-separator has-alpha-channel-opacity\"\/>\n\n\n\n<h3 class=\"wp-block-heading\"><strong>La Reacci\u00f3n del Esposo de la Docente: \u201cFue un Intento de Homicidio\u201d<\/strong><\/h3>\n\n\n\n<p class=\"wp-block-paragraph\">Por su parte, <strong>Iv\u00e1n Hinojosa <\/strong>, esposo de la profesora, calific\u00f3 el ataque como \u201cun intento de homicidio\u201d. En conversaci\u00f3n con <strong>T13 <\/strong>, Hinojosa relat\u00f3 que despu\u00e9s de romper el palo de escoba con el que golpe\u00f3 a la docente, el estudiante intent\u00f3 perforarla en el est\u00f3mago.<\/p>\n\n\n\n<blockquote class=\"wp-block-quote is-layout-flow wp-block-quote-is-layout-flow\">\n<p class=\"wp-block-paragraph\">\u201cLa atac\u00f3 y claramente no s\u00f3lo era la intenci\u00f3n de herirla, sino que fue un intento de homicidio\u201d, afirm\u00f3 Hinojosa.<\/p>\n<\/blockquote>\n\n\n\n<p class=\"wp-block-paragraph\">La v\u00edctima fue sometida a una cirug\u00eda de emergencia y permanece hospitalizada en estado cr\u00edtico, aunque estable. El caso ha generado indignaci\u00f3n entre la comunidad educativa, que exige medidas urgentes para abordar la violencia escolar.<\/p>\n\n\n\n<hr class=\"wp-block-separator has-alpha-channel-opacity\"\/>\n\n\n\n<h3 class=\"wp-block-heading\"><strong>Reacciones desde el Colegio y el Gremio Docente<\/strong><\/h3>\n\n\n\n<p class=\"wp-block-paragraph\">El <strong>Liceo Bicentenario de Excelencia de Trehuaco <\/strong>inici\u00f3 un sumario interno para investigar los hechos, mientras que los profesores convocaron a una movilizaci\u00f3n en apoyo a la docente.<\/p>\n\n\n\n<p class=\"wp-block-paragraph\">Por su parte, el <strong>Colegio de Profesores <\/strong>hizo un llamado a agilizar la discusi\u00f3n del proyecto de ley sobre <strong>convivencia escolar <\/strong>en el Congreso, argumentando que los docentes necesitan herramientas adecuadas para manejar situaciones complejas como esta.<\/p>\n\n\n\n<hr class=\"wp-block-separator has-alpha-channel-opacity\"\/>\n\n\n\n<h3 class=\"wp-block-heading\"><strong>\u00bfQu\u00e9 Falta para Atender a Estudiantes con TEA?<\/strong><\/h3>\n\n\n\n<p class=\"wp-block-paragraph\">El padre del menor asegur\u00f3 que la docente es una buena profesora, pero reconoci\u00f3 que no estaba capacitada para tratar con un estudiante con TEA. Esta declaraci\u00f3n ha abierto un debate sobre la necesidad de formaci\u00f3n especializada para los docentes y la implementaci\u00f3n de protocolos espec\u00edficos para atender a alumnos con condiciones del espectro autista.<\/p>\n\n\n\n<blockquote class=\"wp-block-quote is-layout-flow wp-block-quote-is-layout-flow\">\n<p class=\"wp-block-paragraph\">\u201cMi hijo no es un delincuente, es un ni\u00f1o con autismo que necesita apoyo\u201d, enfatiz\u00f3 Acu\u00f1a.<\/p>\n<\/blockquote>\n","protected":false},"excerpt":{"rendered":"<p>Padre del Alumno con TEA Revela Detalles del Ataque El caso del estudiante de 14 a\u00f1os con Trastorno<\/p>\n","protected":false},"author":5,"featured_media":6525,"comment_status":"open","ping_status":"open","sticky":false,"template":"","format":"standard","meta":{"_crdt_document":"","_uag_custom_page_level_css":"","_sitemap_exclude":false,"_sitemap_priority":"","_sitemap_frequency":"","_joinchat":[],"footnotes":""},"categories":[14],"tags":[],"class_list":["post-6551","post","type-post","status-publish","format-standard","has-post-thumbnail","hentry","category-nacional"],"featured_image_urls":{"full":["https:\/\/www.koncevisiontv.cl\/web\/wp-content\/uploads\/2025\/03\/NDDT3K5XRNFGVFVQBXFQNPLURY.avif",1023,682,false],"thumbnail":["https:\/\/www.koncevisiontv.cl\/web\/wp-content\/uploads\/2025\/03\/NDDT3K5XRNFGVFVQBXFQNPLURY-150x150.avif",150,150,true],"medium":["https:\/\/www.koncevisiontv.cl\/web\/wp-content\/uploads\/2025\/03\/NDDT3K5XRNFGVFVQBXFQNPLURY-300x200.avif",300,200,true],"medium_large":["https:\/\/www.koncevisiontv.cl\/web\/wp-content\/uploads\/2025\/03\/NDDT3K5XRNFGVFVQBXFQNPLURY-768x512.avif",640,427,true],"large":["https:\/\/www.koncevisiontv.cl\/web\/wp-content\/uploads\/2025\/03\/NDDT3K5XRNFGVFVQBXFQNPLURY.avif",640,427,false],"1536x1536":["https:\/\/www.koncevisiontv.cl\/web\/wp-content\/uploads\/2025\/03\/NDDT3K5XRNFGVFVQBXFQNPLURY.avif",1023,682,false],"2048x2048":["https:\/\/www.koncevisiontv.cl\/web\/wp-content\/uploads\/2025\/03\/NDDT3K5XRNFGVFVQBXFQNPLURY.avif",1023,682,false],"darknews-featured":["https:\/\/www.koncevisiontv.cl\/web\/wp-content\/uploads\/2025\/03\/NDDT3K5XRNFGVFVQBXFQNPLURY.avif",1023,682,false],"darknews-large":["https:\/\/www.koncevisiontv.cl\/web\/wp-content\/uploads\/2025\/03\/NDDT3K5XRNFGVFVQBXFQNPLURY-825x575.avif",825,575,true],"darknews-medium":["https:\/\/www.koncevisiontv.cl\/web\/wp-content\/uploads\/2025\/03\/NDDT3K5XRNFGVFVQBXFQNPLURY-590x410.avif",590,410,true]},"author_info":{"info":["Web-Master"]},"category_info":"<a href=\"https:\/\/www.koncevisiontv.cl\/web\/category\/nacional\/\" rel=\"category tag\">Nacional<\/a>","tag_info":"Nacional","comment_count":"0","uagb_featured_image_src":{"full":["https:\/\/www.koncevisiontv.cl\/web\/wp-content\/uploads\/2025\/03\/NDDT3K5XRNFGVFVQBXFQNPLURY.avif",1023,682,false],"thumbnail":["https:\/\/www.koncevisiontv.cl\/web\/wp-content\/uploads\/2025\/03\/NDDT3K5XRNFGVFVQBXFQNPLURY-150x150.avif",150,150,true],"medium":["https:\/\/www.koncevisiontv.cl\/web\/wp-content\/uploads\/2025\/03\/NDDT3K5XRNFGVFVQBXFQNPLURY-300x200.avif",300,200,true],"medium_large":["https:\/\/www.koncevisiontv.cl\/web\/wp-content\/uploads\/2025\/03\/NDDT3K5XRNFGVFVQBXFQNPLURY-768x512.avif",640,427,true],"large":["https:\/\/www.koncevisiontv.cl\/web\/wp-content\/uploads\/2025\/03\/NDDT3K5XRNFGVFVQBXFQNPLURY.avif",640,427,false],"1536x1536":["https:\/\/www.koncevisiontv.cl\/web\/wp-content\/uploads\/2025\/03\/NDDT3K5XRNFGVFVQBXFQNPLURY.avif",1023,682,false],"2048x2048":["https:\/\/www.koncevisiontv.cl\/web\/wp-content\/uploads\/2025\/03\/NDDT3K5XRNFGVFVQBXFQNPLURY.avif",1023,682,false],"darknews-featured":["https:\/\/www.koncevisiontv.cl\/web\/wp-content\/uploads\/2025\/03\/NDDT3K5XRNFGVFVQBXFQNPLURY.avif",1023,682,false],"darknews-large":["https:\/\/www.koncevisiontv.cl\/web\/wp-content\/uploads\/2025\/03\/NDDT3K5XRNFGVFVQBXFQNPLURY-825x575.avif",825,575,true],"darknews-medium":["https:\/\/www.koncevisiontv.cl\/web\/wp-content\/uploads\/2025\/03\/NDDT3K5XRNFGVFVQBXFQNPLURY-590x410.avif",590,410,true]},"uagb_author_info":{"display_name":"Web-Master","author_link":"https:\/\/www.koncevisiontv.cl\/web\/author\/koncevision\/"},"uagb_comment_info":0,"uagb_excerpt":"Padre del Alumno con TEA Revela Detalles del Ataque El caso del estudiante de 14 a\u00f1os con Trastorno","_links":{"self":[{"href":"https:\/\/www.koncevisiontv.cl\/web\/wp-json\/wp\/v2\/posts\/6551","targetHints":{"allow":["GET"]}}],"collection":[{"href":"https:\/\/www.koncevisiontv.cl\/web\/wp-json\/wp\/v2\/posts"}],"about":[{"href":"https:\/\/www.koncevisiontv.cl\/web\/wp-json\/wp\/v2\/types\/post"}],"author":[{"embeddable":true,"href":"https:\/\/www.koncevisiontv.cl\/web\/wp-json\/wp\/v2\/users\/5"}],"replies":[{"embeddable":true,"href":"https:\/\/www.koncevisiontv.cl\/web\/wp-json\/wp\/v2\/comments?post=6551"}],"version-history":[{"count":1,"href":"https:\/\/www.koncevisiontv.cl\/web\/wp-json\/wp\/v2\/posts\/6551\/revisions"}],"predecessor-version":[{"id":6552,"href":"https:\/\/www.koncevisiontv.cl\/web\/wp-json\/wp\/v2\/posts\/6551\/revisions\/6552"}],"wp:featuredmedia":[{"embeddable":true,"href":"https:\/\/www.koncevisiontv.cl\/web\/wp-json\/wp\/v2\/media\/6525"}],"wp:attachment":[{"href":"https:\/\/www.koncevisiontv.cl\/web\/wp-json\/wp\/v2\/media?parent=6551"}],"wp:term":[{"taxonomy":"category","embeddable":true,"href":"https:\/\/www.koncevisiontv.cl\/web\/wp-json\/wp\/v2\/categories?post=6551"},{"taxonomy":"post_tag","embeddable":true,"href":"https:\/\/www.koncevisiontv.cl\/web\/wp-json\/wp\/v2\/tags?post=6551"}],"curies":[{"name":"wp","href":"https:\/\/api.w.org\/{rel}","templated":true}]}}