{"id":6553,"date":"2025-03-19T20:07:56","date_gmt":"2025-03-19T23:07:56","guid":{"rendered":"https:\/\/www.koncevisiontv.cl\/web\/?p=6553"},"modified":"2025-03-19T20:07:59","modified_gmt":"2025-03-19T23:07:59","slug":"ataque-puma-lota-animales-domesticos","status":"publish","type":"post","link":"https:\/\/www.koncevisiontv.cl\/web\/ataque-puma-lota-animales-domesticos\/","title":{"rendered":"Denuncian Presunto Ataque de Puma a Animales Dom\u00e9sticos en Lota"},"content":{"rendered":"\n<p class=\"wp-block-paragraph\">V<strong>ecino de Lota denuncia presunto ataque de puma a sus animales dom\u00e9sticos. El SAG investiga y recomienda medidas de protecci\u00f3n. Ent\u00e9rate aqu\u00ed<\/strong><\/p>\n\n\n\n<p class=\"wp-block-paragraph\">En la comuna de <strong>Lota <\/strong>, un vecino denunci\u00f3 que un <strong>puma <\/strong>habr\u00eda atacado a sus animales dom\u00e9sticos, espec\u00edficamente chivos, causando la muerte de cuatro de ellos. Este caso se suma a una creciente lista de incidentes relacionados con fauna silvestre en zonas cercanas a \u00e1reas urbanas y rurales en Chile.<\/p>\n\n\n\n<hr class=\"wp-block-separator has-alpha-channel-opacity\"\/>\n\n\n\n<h3 class=\"wp-block-heading\"><strong>El Reporte del Vecino: Cuatro Chivos Muertos y Aves de Corral Desaparecidas<\/strong><\/h3>\n\n\n\n<p class=\"wp-block-paragraph\">El hecho ocurri\u00f3 en un sector rural de <strong>Lota <\/strong>, cerca de <strong>Chivilingo <\/strong>, donde el vecino <strong>H\u00e9ctor D\u00edaz <\/strong>alert\u00f3 al <strong>Servicio Agr\u00edcola y Ganadero (SAG) <\/strong>sobre el presunto ataque. Seg\u00fan su testimonio, las huellas encontradas en el terreno, las heridas en los cuerpos de los animales y el reporte de otro vecino que perdi\u00f3 aves de corral lo llevaron a concluir que un puma era el responsable.<\/p>\n\n\n\n<blockquote class=\"wp-block-quote is-layout-flow wp-block-quote-is-layout-flow\">\n<p class=\"wp-block-paragraph\">&#8220;Efectivamente d\u00edas atr\u00e1s recibimos una denuncia por presunto ataque de puma&#8221;, confirm\u00f3 <strong>Roberto Ferrada <\/strong>, director del SAG del Biob\u00edo. Sin embargo, no se encontraron cad\u00e1veres en el lugar debido a que los animales supuestamente atacados ya hab\u00edan sido retirados.<\/p>\n<\/blockquote>\n\n\n\n<p class=\"wp-block-paragraph\">Ferrada destac\u00f3 que, ante estos casos, es fundamental mantener comunicaci\u00f3n con la comunidad para recopilar informaci\u00f3n t\u00e9cnica y tomar medidas adecuadas. Adem\u00e1s, record\u00f3 que el puma es una especie protegida por ley, por lo que no puede ser atacado ni alimentado.<\/p>\n\n\n\n<hr class=\"wp-block-separator has-alpha-channel-opacity\"\/>\n\n\n\n<h3 class=\"wp-block-heading\"><strong>Medidas de Protecci\u00f3n Recomendadas por el SAG<\/strong><\/h3>\n\n\n\n<p class=\"wp-block-paragraph\">El director del SAG explic\u00f3 que los agricultores deben implementar medidas preventivas para proteger a sus animales dom\u00e9sticos.<\/p>\n\n\n\n<blockquote class=\"wp-block-quote is-layout-flow wp-block-quote-is-layout-flow\">\n<p class=\"wp-block-paragraph\">&#8220;Lo esencial ac\u00e1 es tener los animales de abasto confinados, encerrados no solo por los costados, sino tambi\u00e9n con un techo, porque el puma es un animal muy \u00e1gil que tiene la capacidad de saltar&#8221;, se\u00f1al\u00f3 Ferrada.<\/p>\n<\/blockquote>\n\n\n\n<p class=\"wp-block-paragraph\">Adem\u00e1s, inst\u00f3 a la comunidad a informar cualquier avistamiento o incidente relacionado con fauna silvestre para que las autoridades puedan actuar oportunamente.<\/p>\n\n\n\n<hr class=\"wp-block-separator has-alpha-channel-opacity\"\/>\n\n\n\n<h3 class=\"wp-block-heading\"><strong>Un Fen\u00f3meno Creciente en Chile<\/strong><\/h3>\n\n\n\n<p class=\"wp-block-paragraph\">La presencia de animales salvajes como el puma en zonas cercanas a \u00e1reas pobladas no es un fen\u00f3meno nuevo en Chile. En comunas como <strong>Santa Juana <\/strong>y <strong>Chiguayante <\/strong>, se han registrado casos similares, incluso con automovilistas atropellando felinos mientras circulaban por caminos rurales.<\/p>\n\n\n\n<p class=\"wp-block-paragraph\">En algunos sectores, las autoridades han instalado se\u00f1al\u00e9ticas de advertencia para prevenir accidentes. Sin embargo, la expansi\u00f3n urbana y la reducci\u00f3n de h\u00e1bitats naturales han incrementado la interacci\u00f3n entre humanos y fauna silvestre, generando preocupaci\u00f3n entre los habitantes.<\/p>\n\n\n\n<hr class=\"wp-block-separator has-alpha-channel-opacity\"\/>\n\n\n\n<h3 class=\"wp-block-heading\"><strong>C\u00f3mo Denunciar Avistamientos o Incidentes<\/strong><\/h3>\n\n\n\n<p class=\"wp-block-paragraph\">El <strong>SAG <\/strong>pone a disposici\u00f3n de la ciudadan\u00eda canales de contacto para reportar avistamientos o incidentes relacionados con fauna silvestre. Las personas pueden comunicarse al tel\u00e9fono <strong>41 2228684 <\/strong>o escribir al correo electr\u00f3nico <strong><a href=\"mailto:contacto.biobio@sag.gob.cl\" target=\"_blank\" rel=\"noreferrer noopener\">contacto.biobio@sag.gob.cl <\/a><\/strong>.<\/p>\n\n\n\n<p class=\"wp-block-paragraph\">Al realizar una denuncia, se solicita incluir la siguiente informaci\u00f3n:<\/p>\n\n\n\n<ul class=\"wp-block-list\">\n<li>Nombre del denunciante.<\/li>\n\n\n\n<li>Tel\u00e9fono de contacto.<\/li>\n\n\n\n<li>Ubicaci\u00f3n exacta del ejemplar.<\/li>\n\n\n\n<li>Estado del animal (por ejemplo, herido, fuera de su h\u00e1bitat).<\/li>\n<\/ul>\n","protected":false},"excerpt":{"rendered":"<p>Vecino de Lota denuncia presunto ataque de puma a sus animales dom\u00e9sticos. El SAG investiga y recomienda medidas<\/p>\n","protected":false},"author":5,"featured_media":6554,"comment_status":"open","ping_status":"open","sticky":false,"template":"","format":"standard","meta":{"_crdt_document":"","_uag_custom_page_level_css":"","_sitemap_exclude":false,"_sitemap_priority":"","_sitemap_frequency":"","_joinchat":[],"footnotes":""},"categories":[14],"tags":[],"class_list":["post-6553","post","type-post","status-publish","format-standard","has-post-thumbnail","hentry","category-nacional"],"featured_image_urls":{"full":["https:\/\/www.koncevisiontv.cl\/web\/wp-content\/uploads\/2025\/03\/2865-puma3.jpg",800,533,false],"thumbnail":["https:\/\/www.koncevisiontv.cl\/web\/wp-content\/uploads\/2025\/03\/2865-puma3-150x150.jpg",150,150,true],"medium":["https:\/\/www.koncevisiontv.cl\/web\/wp-content\/uploads\/2025\/03\/2865-puma3-300x200.jpg",300,200,true],"medium_large":["https:\/\/www.koncevisiontv.cl\/web\/wp-content\/uploads\/2025\/03\/2865-puma3-768x512.jpg",640,427,true],"large":["https:\/\/www.koncevisiontv.cl\/web\/wp-content\/uploads\/2025\/03\/2865-puma3.jpg",640,426,false],"1536x1536":["https:\/\/www.koncevisiontv.cl\/web\/wp-content\/uploads\/2025\/03\/2865-puma3.jpg",800,533,false],"2048x2048":["https:\/\/www.koncevisiontv.cl\/web\/wp-content\/uploads\/2025\/03\/2865-puma3.jpg",800,533,false],"darknews-featured":["https:\/\/www.koncevisiontv.cl\/web\/wp-content\/uploads\/2025\/03\/2865-puma3.jpg",800,533,false],"darknews-large":["https:\/\/www.koncevisiontv.cl\/web\/wp-content\/uploads\/2025\/03\/2865-puma3.jpg",800,533,false],"darknews-medium":["https:\/\/www.koncevisiontv.cl\/web\/wp-content\/uploads\/2025\/03\/2865-puma3-590x410.jpg",590,410,true]},"author_info":{"info":["Web-Master"]},"category_info":"<a href=\"https:\/\/www.koncevisiontv.cl\/web\/category\/nacional\/\" rel=\"category tag\">Nacional<\/a>","tag_info":"Nacional","comment_count":"0","uagb_featured_image_src":{"full":["https:\/\/www.koncevisiontv.cl\/web\/wp-content\/uploads\/2025\/03\/2865-puma3.jpg",800,533,false],"thumbnail":["https:\/\/www.koncevisiontv.cl\/web\/wp-content\/uploads\/2025\/03\/2865-puma3-150x150.jpg",150,150,true],"medium":["https:\/\/www.koncevisiontv.cl\/web\/wp-content\/uploads\/2025\/03\/2865-puma3-300x200.jpg",300,200,true],"medium_large":["https:\/\/www.koncevisiontv.cl\/web\/wp-content\/uploads\/2025\/03\/2865-puma3-768x512.jpg",640,427,true],"large":["https:\/\/www.koncevisiontv.cl\/web\/wp-content\/uploads\/2025\/03\/2865-puma3.jpg",640,426,false],"1536x1536":["https:\/\/www.koncevisiontv.cl\/web\/wp-content\/uploads\/2025\/03\/2865-puma3.jpg",800,533,false],"2048x2048":["https:\/\/www.koncevisiontv.cl\/web\/wp-content\/uploads\/2025\/03\/2865-puma3.jpg",800,533,false],"darknews-featured":["https:\/\/www.koncevisiontv.cl\/web\/wp-content\/uploads\/2025\/03\/2865-puma3.jpg",800,533,false],"darknews-large":["https:\/\/www.koncevisiontv.cl\/web\/wp-content\/uploads\/2025\/03\/2865-puma3.jpg",800,533,false],"darknews-medium":["https:\/\/www.koncevisiontv.cl\/web\/wp-content\/uploads\/2025\/03\/2865-puma3-590x410.jpg",590,410,true]},"uagb_author_info":{"display_name":"Web-Master","author_link":"https:\/\/www.koncevisiontv.cl\/web\/author\/koncevision\/"},"uagb_comment_info":0,"uagb_excerpt":"Vecino de Lota denuncia presunto ataque de puma a sus animales dom\u00e9sticos. El SAG investiga y recomienda medidas","_links":{"self":[{"href":"https:\/\/www.koncevisiontv.cl\/web\/wp-json\/wp\/v2\/posts\/6553","targetHints":{"allow":["GET"]}}],"collection":[{"href":"https:\/\/www.koncevisiontv.cl\/web\/wp-json\/wp\/v2\/posts"}],"about":[{"href":"https:\/\/www.koncevisiontv.cl\/web\/wp-json\/wp\/v2\/types\/post"}],"author":[{"embeddable":true,"href":"https:\/\/www.koncevisiontv.cl\/web\/wp-json\/wp\/v2\/users\/5"}],"replies":[{"embeddable":true,"href":"https:\/\/www.koncevisiontv.cl\/web\/wp-json\/wp\/v2\/comments?post=6553"}],"version-history":[{"count":1,"href":"https:\/\/www.koncevisiontv.cl\/web\/wp-json\/wp\/v2\/posts\/6553\/revisions"}],"predecessor-version":[{"id":6555,"href":"https:\/\/www.koncevisiontv.cl\/web\/wp-json\/wp\/v2\/posts\/6553\/revisions\/6555"}],"wp:featuredmedia":[{"embeddable":true,"href":"https:\/\/www.koncevisiontv.cl\/web\/wp-json\/wp\/v2\/media\/6554"}],"wp:attachment":[{"href":"https:\/\/www.koncevisiontv.cl\/web\/wp-json\/wp\/v2\/media?parent=6553"}],"wp:term":[{"taxonomy":"category","embeddable":true,"href":"https:\/\/www.koncevisiontv.cl\/web\/wp-json\/wp\/v2\/categories?post=6553"},{"taxonomy":"post_tag","embeddable":true,"href":"https:\/\/www.koncevisiontv.cl\/web\/wp-json\/wp\/v2\/tags?post=6553"}],"curies":[{"name":"wp","href":"https:\/\/api.w.org\/{rel}","templated":true}]}}