{"id":6556,"date":"2025-03-19T20:18:17","date_gmt":"2025-03-19T23:18:17","guid":{"rendered":"https:\/\/www.koncevisiontv.cl\/web\/?p=6556"},"modified":"2025-03-19T20:18:19","modified_gmt":"2025-03-19T23:18:19","slug":"senadora-allende-tribunal-constitucional-requerimiento","status":"publish","type":"post","link":"https:\/\/www.koncevisiontv.cl\/web\/senadora-allende-tribunal-constitucional-requerimiento\/","title":{"rendered":"Senadora Allende Se Muestra Tranquila Tras Decisi\u00f3n del TC: \u201cNuestros Argumentos Son Muy S\u00f3lidos\u201d"},"content":{"rendered":"\n<p class=\"wp-block-paragraph\">La senadora <strong>Isabel Allende (PS) <\/strong>se mostr\u00f3 serena tras la decisi\u00f3n del <strong>Tribunal Constitucional (TC) <\/strong>de no realizar alegatos y pasar directamente al fondo del requerimiento que busca el cese de su cargo. Recordemos que esta solicitud fue impulsada por parlamentarios de oposici\u00f3n, quienes argumentan que la legisladora celebr\u00f3 un contrato con el Estado en relaci\u00f3n a la venta frustrada de la casa de su padre, el expresidente <strong>Salvador Allende <\/strong>, lo cual consideran inconstitucional.<\/p>\n\n\n\n<hr class=\"wp-block-separator has-alpha-channel-opacity\"\/>\n\n\n\n<h3 class=\"wp-block-heading\"><strong>La Posici\u00f3n de Isabel Allende: Confianza en sus Argumentos<\/strong><\/h3>\n\n\n\n<p class=\"wp-block-paragraph\">Consultada este mi\u00e9rcoles sobre la decisi\u00f3n del TC, la senadora explic\u00f3 que fue su abogado, <strong>Gabriel Osorio <\/strong>, quien solicit\u00f3 que no se realizara un per\u00edodo probatorio. Seg\u00fan Allende, la defensa presentada ya contiene argumentos suficientemente claros para demostrar que no hubo un contrato finalizado ni irregularidades en el proceso.<\/p>\n\n\n\n<blockquote class=\"wp-block-quote is-layout-flow wp-block-quote-is-layout-flow\">\n<p class=\"wp-block-paragraph\">\u201cFue mi abogado, Gabriel Osorio, que solicit\u00f3 esto. Fuimos nosotros quienes solicitamos que el Tribunal Constitucional considerara la posibilidad de que no hubiese un periodo probatorio\u201d, declar\u00f3 la senadora.<\/p>\n<\/blockquote>\n\n\n\n<p class=\"wp-block-paragraph\">Allende destac\u00f3 que el caso no pasa por la existencia de un contrato formal, sino por el inter\u00e9s p\u00fablico que desde un principio motiv\u00f3 al Ejecutivo a intervenir en la situaci\u00f3n.<\/p>\n\n\n\n<blockquote class=\"wp-block-quote is-layout-flow wp-block-quote-is-layout-flow\">\n<p class=\"wp-block-paragraph\">\u201cAparte de eso que era un bien p\u00fablico, y de ah\u00ed el inter\u00e9s del Ejecutivo desde el primer momento por inter\u00e9s p\u00fablico\u201d, precis\u00f3.<\/p>\n<\/blockquote>\n\n\n\n<hr class=\"wp-block-separator has-alpha-channel-opacity\"\/>\n\n\n\n<h3 class=\"wp-block-heading\"><strong>El Caso: \u00bfQu\u00e9 Motiva el Requerimiento?<\/strong><\/h3>\n\n\n\n<p class=\"wp-block-paragraph\">El requerimiento contra Isabel Allende fue liderado por parlamentarios de oposici\u00f3n, quienes denuncian que la senadora celebr\u00f3 un contrato con el Estado en torno a la venta de la casa de su padre, <strong>Salvador Allende <\/strong>, aunque la transacci\u00f3n nunca lleg\u00f3 a concretarse. Seg\u00fan los impulsores del recurso, esta acci\u00f3n violar\u00eda la <strong>Constituci\u00f3n <\/strong>, ya que los funcionarios p\u00fablicos no pueden celebrar contratos con el Estado.<\/p>\n\n\n\n<p class=\"wp-block-paragraph\">Sin embargo, Allende y su equipo legal han negado estas acusaciones, argumentando que la operaci\u00f3n no cumpli\u00f3 con las condiciones necesarias para considerarse un contrato formal y que, adem\u00e1s, estuvo motivada exclusivamente por el inter\u00e9s p\u00fablico en preservar un bien hist\u00f3rico.<\/p>\n\n\n\n<blockquote class=\"wp-block-quote is-layout-flow wp-block-quote-is-layout-flow\">\n<p class=\"wp-block-paragraph\">\u201cSiente que la defensa fue suficientemente clara que aqu\u00ed no hubo un contrato que fuera finalizado en un decreto probatorio, evidentemente, ese proceso no continu\u00f3\u201d, sostuvo la senadora, refiri\u00e9ndose a la postura de su abogado.<\/p>\n<\/blockquote>\n\n\n\n<hr class=\"wp-block-separator has-alpha-channel-opacity\"\/>\n\n\n\n<h3 class=\"wp-block-heading\"><strong>Pr\u00f3ximos Pasos: El Tribunal Constitucional Decide<\/strong><\/h3>\n\n\n\n<p class=\"wp-block-paragraph\">Con la decisi\u00f3n del TC de omitir los alegatos y pasar directamente al fondo del requerimiento, el caso ahora entrar\u00e1 en una fase crucial. Los jueces deber\u00e1n evaluar si las acciones de Isabel Allende efectivamente configuraron una falta constitucional o si, por el contrario, los argumentos presentados por su defensa son suficientes para desestimar el recurso.<\/p>\n\n\n\n<p class=\"wp-block-paragraph\">Mientras tanto, la senadora ha expresado tranquilidad frente al proceso, confiada en la solidez de sus argumentos.<\/p>\n\n\n\n<blockquote class=\"wp-block-quote is-layout-flow wp-block-quote-is-layout-flow\">\n<p class=\"wp-block-paragraph\">\u201cNuestros argumentos son muy s\u00f3lidos\u201d, afirm\u00f3 Allende durante su intervenci\u00f3n.<\/p>\n<\/blockquote>\n","protected":false},"excerpt":{"rendered":"<p>La senadora Isabel Allende (PS) se mostr\u00f3 serena tras la decisi\u00f3n del Tribunal Constitucional (TC) de no realizar<\/p>\n","protected":false},"author":5,"featured_media":6557,"comment_status":"open","ping_status":"open","sticky":false,"template":"","format":"standard","meta":{"_crdt_document":"","_uag_custom_page_level_css":"","_sitemap_exclude":false,"_sitemap_priority":"","_sitemap_frequency":"","_joinchat":[],"footnotes":""},"categories":[14],"tags":[],"class_list":["post-6556","post","type-post","status-publish","format-standard","has-post-thumbnail","hentry","category-nacional"],"featured_image_urls":{"full":["https:\/\/www.koncevisiontv.cl\/web\/wp-content\/uploads\/2025\/03\/Sen_Maria_-Isabel_Allende.jpg",640,355,false],"thumbnail":["https:\/\/www.koncevisiontv.cl\/web\/wp-content\/uploads\/2025\/03\/Sen_Maria_-Isabel_Allende-150x150.jpg",150,150,true],"medium":["https:\/\/www.koncevisiontv.cl\/web\/wp-content\/uploads\/2025\/03\/Sen_Maria_-Isabel_Allende-300x166.jpg",300,166,true],"medium_large":["https:\/\/www.koncevisiontv.cl\/web\/wp-content\/uploads\/2025\/03\/Sen_Maria_-Isabel_Allende.jpg",640,355,false],"large":["https:\/\/www.koncevisiontv.cl\/web\/wp-content\/uploads\/2025\/03\/Sen_Maria_-Isabel_Allende.jpg",640,355,false],"1536x1536":["https:\/\/www.koncevisiontv.cl\/web\/wp-content\/uploads\/2025\/03\/Sen_Maria_-Isabel_Allende.jpg",640,355,false],"2048x2048":["https:\/\/www.koncevisiontv.cl\/web\/wp-content\/uploads\/2025\/03\/Sen_Maria_-Isabel_Allende.jpg",640,355,false],"darknews-featured":["https:\/\/www.koncevisiontv.cl\/web\/wp-content\/uploads\/2025\/03\/Sen_Maria_-Isabel_Allende.jpg",640,355,false],"darknews-large":["https:\/\/www.koncevisiontv.cl\/web\/wp-content\/uploads\/2025\/03\/Sen_Maria_-Isabel_Allende.jpg",640,355,false],"darknews-medium":["https:\/\/www.koncevisiontv.cl\/web\/wp-content\/uploads\/2025\/03\/Sen_Maria_-Isabel_Allende-590x355.jpg",590,355,true]},"author_info":{"info":["Web-Master"]},"category_info":"<a href=\"https:\/\/www.koncevisiontv.cl\/web\/category\/nacional\/\" rel=\"category tag\">Nacional<\/a>","tag_info":"Nacional","comment_count":"0","uagb_featured_image_src":{"full":["https:\/\/www.koncevisiontv.cl\/web\/wp-content\/uploads\/2025\/03\/Sen_Maria_-Isabel_Allende.jpg",640,355,false],"thumbnail":["https:\/\/www.koncevisiontv.cl\/web\/wp-content\/uploads\/2025\/03\/Sen_Maria_-Isabel_Allende-150x150.jpg",150,150,true],"medium":["https:\/\/www.koncevisiontv.cl\/web\/wp-content\/uploads\/2025\/03\/Sen_Maria_-Isabel_Allende-300x166.jpg",300,166,true],"medium_large":["https:\/\/www.koncevisiontv.cl\/web\/wp-content\/uploads\/2025\/03\/Sen_Maria_-Isabel_Allende.jpg",640,355,false],"large":["https:\/\/www.koncevisiontv.cl\/web\/wp-content\/uploads\/2025\/03\/Sen_Maria_-Isabel_Allende.jpg",640,355,false],"1536x1536":["https:\/\/www.koncevisiontv.cl\/web\/wp-content\/uploads\/2025\/03\/Sen_Maria_-Isabel_Allende.jpg",640,355,false],"2048x2048":["https:\/\/www.koncevisiontv.cl\/web\/wp-content\/uploads\/2025\/03\/Sen_Maria_-Isabel_Allende.jpg",640,355,false],"darknews-featured":["https:\/\/www.koncevisiontv.cl\/web\/wp-content\/uploads\/2025\/03\/Sen_Maria_-Isabel_Allende.jpg",640,355,false],"darknews-large":["https:\/\/www.koncevisiontv.cl\/web\/wp-content\/uploads\/2025\/03\/Sen_Maria_-Isabel_Allende.jpg",640,355,false],"darknews-medium":["https:\/\/www.koncevisiontv.cl\/web\/wp-content\/uploads\/2025\/03\/Sen_Maria_-Isabel_Allende-590x355.jpg",590,355,true]},"uagb_author_info":{"display_name":"Web-Master","author_link":"https:\/\/www.koncevisiontv.cl\/web\/author\/koncevision\/"},"uagb_comment_info":0,"uagb_excerpt":"La senadora Isabel Allende (PS) se mostr\u00f3 serena tras la decisi\u00f3n del Tribunal Constitucional (TC) de no realizar","_links":{"self":[{"href":"https:\/\/www.koncevisiontv.cl\/web\/wp-json\/wp\/v2\/posts\/6556","targetHints":{"allow":["GET"]}}],"collection":[{"href":"https:\/\/www.koncevisiontv.cl\/web\/wp-json\/wp\/v2\/posts"}],"about":[{"href":"https:\/\/www.koncevisiontv.cl\/web\/wp-json\/wp\/v2\/types\/post"}],"author":[{"embeddable":true,"href":"https:\/\/www.koncevisiontv.cl\/web\/wp-json\/wp\/v2\/users\/5"}],"replies":[{"embeddable":true,"href":"https:\/\/www.koncevisiontv.cl\/web\/wp-json\/wp\/v2\/comments?post=6556"}],"version-history":[{"count":1,"href":"https:\/\/www.koncevisiontv.cl\/web\/wp-json\/wp\/v2\/posts\/6556\/revisions"}],"predecessor-version":[{"id":6558,"href":"https:\/\/www.koncevisiontv.cl\/web\/wp-json\/wp\/v2\/posts\/6556\/revisions\/6558"}],"wp:featuredmedia":[{"embeddable":true,"href":"https:\/\/www.koncevisiontv.cl\/web\/wp-json\/wp\/v2\/media\/6557"}],"wp:attachment":[{"href":"https:\/\/www.koncevisiontv.cl\/web\/wp-json\/wp\/v2\/media?parent=6556"}],"wp:term":[{"taxonomy":"category","embeddable":true,"href":"https:\/\/www.koncevisiontv.cl\/web\/wp-json\/wp\/v2\/categories?post=6556"},{"taxonomy":"post_tag","embeddable":true,"href":"https:\/\/www.koncevisiontv.cl\/web\/wp-json\/wp\/v2\/tags?post=6556"}],"curies":[{"name":"wp","href":"https:\/\/api.w.org\/{rel}","templated":true}]}}