{"id":6559,"date":"2025-03-19T21:18:00","date_gmt":"2025-03-20T00:18:00","guid":{"rendered":"https:\/\/www.koncevisiontv.cl\/web\/?p=6559"},"modified":"2025-03-19T21:55:40","modified_gmt":"2025-03-20T00:55:40","slug":"balacera-carabineros-concepcion-barrio-norte","status":"publish","type":"post","link":"https:\/\/www.koncevisiontv.cl\/web\/balacera-carabineros-concepcion-barrio-norte\/","title":{"rendered":"Un Delincuente Muerto y Otro Grave Deja Balacera con Carabineros en Concepci\u00f3n"},"content":{"rendered":"\n<p class=\"wp-block-paragraph\">Un violento enfrentamiento entre asaltantes y efectivos de <strong>Carabineros <\/strong>ocurrido en el sector <strong>Barrio Norte<\/strong>, en <strong>Concepci\u00f3n <\/strong>, dej\u00f3 como saldo un delincuente fallecido y otro herido de gravedad tras una intensa balacera. El operativo, que se desarroll\u00f3 en la calle <strong>Osorno <\/strong>, ha movilizado a m\u00faltiples unidades policiales y forenses para investigar los hechos.<\/p>\n\n\n\n<hr class=\"wp-block-separator has-alpha-channel-opacity\"\/>\n\n\n\n<h3 class=\"wp-block-heading\"><strong>El Operativo Policial y el Enfrentamiento Armado<\/strong><\/h3>\n\n\n\n<p class=\"wp-block-paragraph\">Seg\u00fan inform\u00f3 <strong>Carabineros <\/strong>, el incidente comenz\u00f3 cuando los efectivos intentaron detener a dos sujetos involucrados en actividades delictivas. Sin embargo, uno de los individuos abri\u00f3 fuego contra los uniformados, desatando una persecuci\u00f3n y balacera en plena v\u00eda p\u00fablica.<\/p>\n\n\n\n<blockquote class=\"wp-block-quote is-layout-flow wp-block-quote-is-layout-flow\">\n<p class=\"wp-block-paragraph\">&#8220;El fallecido es quien estaba disparando contra personal policial&#8221;, confirm\u00f3 un vocero de Carabineros.<\/p>\n<\/blockquote>\n\n\n\n<p class=\"wp-block-paragraph\">El segundo sospechoso result\u00f3 gravemente herido durante el enfrentamiento y fue trasladado al <strong>Hospital de Concepci\u00f3n <\/strong>, donde permanece en riesgo vital.<\/p>\n\n\n\n<p class=\"wp-block-paragraph\">En el lugar, espec\u00edficamente en la <strong>calle Osorno <\/strong>, se encuentra trabajando personal del <strong>Departamento de Criminal\u00edstica de Carabineros de Chile (Labocar) <\/strong>, apoyado por efectivos del <strong>Control de Orden P\u00fablico (COP) <\/strong>. Adem\u00e1s, ya est\u00e1 presente el <strong>general Renzo Miccono <\/strong>, jefe de la Octava Zona de Carabineros en la regi\u00f3n del B\u00edo B\u00edo, supervisando las labores del operativo.<\/p>\n\n\n\n<hr class=\"wp-block-separator has-alpha-channel-opacity\"\/>\n\n\n\n<h3 class=\"wp-block-heading\"><strong>Llegada de Familiares y Expectativa por Investigaci\u00f3n<\/strong><\/h3>\n\n\n\n<p class=\"wp-block-paragraph\">La escena del crimen tambi\u00e9n ha sido testigo de momentos de tensi\u00f3n debido a la llegada de familiares del fallecido, quienes han manifestado su dolor y desconcierto frente a lo ocurrido.<\/p>\n\n\n\n<p class=\"wp-block-paragraph\">Asimismo, se espera la pronta llegada de la <strong>Brigada de Homicidios de la PDI <\/strong>, que tomar\u00e1 control de la investigaci\u00f3n para determinar las circunstancias exactas del enfrentamiento y establecer responsabilidades.<\/p>\n\n\n\n<blockquote class=\"wp-block-quote is-layout-flow wp-block-quote-is-layout-flow\">\n<p class=\"wp-block-paragraph\">&#8220;Estamos ante un operativo de grandes magnitudes, dada la complejidad del caso y las implicaciones legales&#8221;, se\u00f1al\u00f3 un oficial de Carabineros en el lugar.<\/p>\n<\/blockquote>\n\n\n\n<hr class=\"wp-block-separator has-alpha-channel-opacity\"\/>\n\n\n\n<h3 class=\"wp-block-heading\"><strong>Violencia en Aumento <\/strong><\/h3>\n\n\n\n<p class=\"wp-block-paragraph\"> Este nuevo incidente reaviva las preocupaciones sobre la seguridad en la comuna y pone en evidencia la necesidad de reforzar la presencia policial en la zona<\/p>\n\n\n\n<p class=\"wp-block-paragraph\">Vecinos del lugar expresaron su temor frente a la violencia creciente, destacando que este tipo de enfrentamientos no solo afectan a los involucrados directamente, sino que tambi\u00e9n generan inseguridad en toda la comunidad.<\/p>\n","protected":false},"excerpt":{"rendered":"<p>Un violento enfrentamiento entre asaltantes y efectivos de Carabineros ocurrido en el sector Barrio Norte, en Concepci\u00f3n ,<\/p>\n","protected":false},"author":5,"featured_media":6560,"comment_status":"open","ping_status":"open","sticky":false,"template":"","format":"standard","meta":{"_crdt_document":"","_uag_custom_page_level_css":"","_sitemap_exclude":false,"_sitemap_priority":"","_sitemap_frequency":"","_joinchat":[],"footnotes":""},"categories":[14],"tags":[],"class_list":["post-6559","post","type-post","status-publish","format-standard","has-post-thumbnail","hentry","category-nacional"],"featured_image_urls":{"full":["https:\/\/www.koncevisiontv.cl\/web\/wp-content\/uploads\/2025\/03\/operativo-carabineros-1-1200x540-1.webp",1200,540,false],"thumbnail":["https:\/\/www.koncevisiontv.cl\/web\/wp-content\/uploads\/2025\/03\/operativo-carabineros-1-1200x540-1-150x150.webp",150,150,true],"medium":["https:\/\/www.koncevisiontv.cl\/web\/wp-content\/uploads\/2025\/03\/operativo-carabineros-1-1200x540-1-300x135.webp",300,135,true],"medium_large":["https:\/\/www.koncevisiontv.cl\/web\/wp-content\/uploads\/2025\/03\/operativo-carabineros-1-1200x540-1-768x346.webp",640,288,true],"large":["https:\/\/www.koncevisiontv.cl\/web\/wp-content\/uploads\/2025\/03\/operativo-carabineros-1-1200x540-1-1024x461.webp",640,288,true],"1536x1536":["https:\/\/www.koncevisiontv.cl\/web\/wp-content\/uploads\/2025\/03\/operativo-carabineros-1-1200x540-1.webp",1200,540,false],"2048x2048":["https:\/\/www.koncevisiontv.cl\/web\/wp-content\/uploads\/2025\/03\/operativo-carabineros-1-1200x540-1.webp",1200,540,false],"darknews-featured":["https:\/\/www.koncevisiontv.cl\/web\/wp-content\/uploads\/2025\/03\/operativo-carabineros-1-1200x540-1-1024x461.webp",1024,461,true],"darknews-large":["https:\/\/www.koncevisiontv.cl\/web\/wp-content\/uploads\/2025\/03\/operativo-carabineros-1-1200x540-1-825x540.webp",825,540,true],"darknews-medium":["https:\/\/www.koncevisiontv.cl\/web\/wp-content\/uploads\/2025\/03\/operativo-carabineros-1-1200x540-1-590x410.webp",590,410,true]},"author_info":{"info":["Web-Master"]},"category_info":"<a href=\"https:\/\/www.koncevisiontv.cl\/web\/category\/nacional\/\" rel=\"category tag\">Nacional<\/a>","tag_info":"Nacional","comment_count":"0","uagb_featured_image_src":{"full":["https:\/\/www.koncevisiontv.cl\/web\/wp-content\/uploads\/2025\/03\/operativo-carabineros-1-1200x540-1.webp",1200,540,false],"thumbnail":["https:\/\/www.koncevisiontv.cl\/web\/wp-content\/uploads\/2025\/03\/operativo-carabineros-1-1200x540-1-150x150.webp",150,150,true],"medium":["https:\/\/www.koncevisiontv.cl\/web\/wp-content\/uploads\/2025\/03\/operativo-carabineros-1-1200x540-1-300x135.webp",300,135,true],"medium_large":["https:\/\/www.koncevisiontv.cl\/web\/wp-content\/uploads\/2025\/03\/operativo-carabineros-1-1200x540-1-768x346.webp",640,288,true],"large":["https:\/\/www.koncevisiontv.cl\/web\/wp-content\/uploads\/2025\/03\/operativo-carabineros-1-1200x540-1-1024x461.webp",640,288,true],"1536x1536":["https:\/\/www.koncevisiontv.cl\/web\/wp-content\/uploads\/2025\/03\/operativo-carabineros-1-1200x540-1.webp",1200,540,false],"2048x2048":["https:\/\/www.koncevisiontv.cl\/web\/wp-content\/uploads\/2025\/03\/operativo-carabineros-1-1200x540-1.webp",1200,540,false],"darknews-featured":["https:\/\/www.koncevisiontv.cl\/web\/wp-content\/uploads\/2025\/03\/operativo-carabineros-1-1200x540-1-1024x461.webp",1024,461,true],"darknews-large":["https:\/\/www.koncevisiontv.cl\/web\/wp-content\/uploads\/2025\/03\/operativo-carabineros-1-1200x540-1-825x540.webp",825,540,true],"darknews-medium":["https:\/\/www.koncevisiontv.cl\/web\/wp-content\/uploads\/2025\/03\/operativo-carabineros-1-1200x540-1-590x410.webp",590,410,true]},"uagb_author_info":{"display_name":"Web-Master","author_link":"https:\/\/www.koncevisiontv.cl\/web\/author\/koncevision\/"},"uagb_comment_info":1,"uagb_excerpt":"Un violento enfrentamiento entre asaltantes y efectivos de Carabineros ocurrido en el sector Barrio Norte, en Concepci\u00f3n ,","_links":{"self":[{"href":"https:\/\/www.koncevisiontv.cl\/web\/wp-json\/wp\/v2\/posts\/6559","targetHints":{"allow":["GET"]}}],"collection":[{"href":"https:\/\/www.koncevisiontv.cl\/web\/wp-json\/wp\/v2\/posts"}],"about":[{"href":"https:\/\/www.koncevisiontv.cl\/web\/wp-json\/wp\/v2\/types\/post"}],"author":[{"embeddable":true,"href":"https:\/\/www.koncevisiontv.cl\/web\/wp-json\/wp\/v2\/users\/5"}],"replies":[{"embeddable":true,"href":"https:\/\/www.koncevisiontv.cl\/web\/wp-json\/wp\/v2\/comments?post=6559"}],"version-history":[{"count":2,"href":"https:\/\/www.koncevisiontv.cl\/web\/wp-json\/wp\/v2\/posts\/6559\/revisions"}],"predecessor-version":[{"id":6570,"href":"https:\/\/www.koncevisiontv.cl\/web\/wp-json\/wp\/v2\/posts\/6559\/revisions\/6570"}],"wp:featuredmedia":[{"embeddable":true,"href":"https:\/\/www.koncevisiontv.cl\/web\/wp-json\/wp\/v2\/media\/6560"}],"wp:attachment":[{"href":"https:\/\/www.koncevisiontv.cl\/web\/wp-json\/wp\/v2\/media?parent=6559"}],"wp:term":[{"taxonomy":"category","embeddable":true,"href":"https:\/\/www.koncevisiontv.cl\/web\/wp-json\/wp\/v2\/categories?post=6559"},{"taxonomy":"post_tag","embeddable":true,"href":"https:\/\/www.koncevisiontv.cl\/web\/wp-json\/wp\/v2\/tags?post=6559"}],"curies":[{"name":"wp","href":"https:\/\/api.w.org\/{rel}","templated":true}]}}