{"id":6624,"date":"2025-03-21T23:49:56","date_gmt":"2025-03-22T02:49:56","guid":{"rendered":"https:\/\/www.koncevisiontv.cl\/web\/?p=6624"},"modified":"2025-03-21T23:53:52","modified_gmt":"2025-03-22T02:53:52","slug":"estamos-cumpliendo-presidente-boric-celebra-detencion-de-tomas-antihuen-ultimo-profugo-del-triple-homicidio-en-canete","status":"publish","type":"post","link":"https:\/\/www.koncevisiontv.cl\/web\/estamos-cumpliendo-presidente-boric-celebra-detencion-de-tomas-antihuen-ultimo-profugo-del-triple-homicidio-en-canete\/","title":{"rendered":"\u201cEstamos Cumpliendo\u201d: Presidente Boric Celebra Detenci\u00f3n de Tom\u00e1s Antihu\u00e9n, \u00daltimo Pr\u00f3fugo del Triple Homicidio en Ca\u00f1ete"},"content":{"rendered":"\n<p class=\"wp-block-paragraph\">&#8220;Cuando se cometi\u00f3 el alevoso crimen de los suboficiales mayores, dijimos inmediatamente que el Estado no iba a descansar hasta encontrar a los responsables y ponerlos ante la justicia&#8221;, dijo el mandatario.<\/p>\n\n\n\n<hr class=\"wp-block-separator has-alpha-channel-opacity\"\/>\n\n\n\n<p class=\"wp-block-paragraph\">El Presidente&nbsp;<strong>Gabriel Boric<\/strong>&nbsp;se refiri\u00f3 sobre la&nbsp;<a href=\"https:\/\/www.cnnchile.com\/pais\/detienen-tomas-antihuen-autor-asesinato-tres-carabineros-canete_20250321\/\" target=\"_blank\" rel=\"noreferrer noopener\">detenci\u00f3n de Tom\u00e1s Antihu\u00e9n este viernes<\/a>, \u00faltimo pr\u00f3fugo del triple homicidio contra funcionarios de Carabineros ocurrido en abril de 2024.<\/p>\n\n\n\n<p class=\"wp-block-paragraph\">&#8220;Cuando se cometi\u00f3 el alevoso crimen de los suboficiales mayores, dijimos inmediatamente que el Estado no iba a descansar hasta encontrar a los responsables y ponerlos ante la justicia&#8221;, dijo el mandatario.<\/p>\n\n\n\n<hr class=\"wp-block-separator has-alpha-channel-opacity\"\/>\n\n\n\n<p class=\"wp-block-paragraph\">El Presidente\u00a0<strong>Gabriel Boric<\/strong>\u00a0se refiri\u00f3 sobre la\u00a0<a href=\"https:\/\/www.koncevisiontv.cl\/web\/captura-tomas-antihuen-canete\/\" target=\"_blank\" rel=\"noreferrer noopener\">detenci\u00f3n de Tom\u00e1s Antihu\u00e9n este viernes<\/a>, \u00faltimo pr\u00f3fugo del triple homicidio contra funcionarios de Carabineros ocurrido en abril de 2024.<\/p>\n\n\n\n<p class=\"wp-block-paragraph\"><\/p>\n","protected":false},"excerpt":{"rendered":"<p>&#8220;Cuando se cometi\u00f3 el alevoso crimen de los suboficiales mayores, dijimos inmediatamente que el Estado no iba a<\/p>\n","protected":false},"author":5,"featured_media":5533,"comment_status":"open","ping_status":"open","sticky":false,"template":"","format":"standard","meta":{"_crdt_document":"","_uag_custom_page_level_css":"","_sitemap_exclude":false,"_sitemap_priority":"","_sitemap_frequency":"","_joinchat":[],"footnotes":""},"categories":[14],"tags":[],"class_list":["post-6624","post","type-post","status-publish","format-standard","has-post-thumbnail","hentry","category-nacional"],"featured_image_urls":{"full":["https:\/\/www.koncevisiontv.cl\/web\/wp-content\/uploads\/2025\/02\/gabriel-boric-soobreseido.jpg",740,430,false],"thumbnail":["https:\/\/www.koncevisiontv.cl\/web\/wp-content\/uploads\/2025\/02\/gabriel-boric-soobreseido-150x150.jpg",150,150,true],"medium":["https:\/\/www.koncevisiontv.cl\/web\/wp-content\/uploads\/2025\/02\/gabriel-boric-soobreseido-300x174.jpg",300,174,true],"medium_large":["https:\/\/www.koncevisiontv.cl\/web\/wp-content\/uploads\/2025\/02\/gabriel-boric-soobreseido.jpg",640,372,false],"large":["https:\/\/www.koncevisiontv.cl\/web\/wp-content\/uploads\/2025\/02\/gabriel-boric-soobreseido.jpg",640,372,false],"1536x1536":["https:\/\/www.koncevisiontv.cl\/web\/wp-content\/uploads\/2025\/02\/gabriel-boric-soobreseido.jpg",740,430,false],"2048x2048":["https:\/\/www.koncevisiontv.cl\/web\/wp-content\/uploads\/2025\/02\/gabriel-boric-soobreseido.jpg",740,430,false],"darknews-featured":["https:\/\/www.koncevisiontv.cl\/web\/wp-content\/uploads\/2025\/02\/gabriel-boric-soobreseido.jpg",740,430,false],"darknews-large":["https:\/\/www.koncevisiontv.cl\/web\/wp-content\/uploads\/2025\/02\/gabriel-boric-soobreseido.jpg",740,430,false],"darknews-medium":["https:\/\/www.koncevisiontv.cl\/web\/wp-content\/uploads\/2025\/02\/gabriel-boric-soobreseido-590x410.jpg",590,410,true]},"author_info":{"info":["Web-Master"]},"category_info":"<a href=\"https:\/\/www.koncevisiontv.cl\/web\/category\/nacional\/\" rel=\"category tag\">Nacional<\/a>","tag_info":"Nacional","comment_count":"0","uagb_featured_image_src":{"full":["https:\/\/www.koncevisiontv.cl\/web\/wp-content\/uploads\/2025\/02\/gabriel-boric-soobreseido.jpg",740,430,false],"thumbnail":["https:\/\/www.koncevisiontv.cl\/web\/wp-content\/uploads\/2025\/02\/gabriel-boric-soobreseido-150x150.jpg",150,150,true],"medium":["https:\/\/www.koncevisiontv.cl\/web\/wp-content\/uploads\/2025\/02\/gabriel-boric-soobreseido-300x174.jpg",300,174,true],"medium_large":["https:\/\/www.koncevisiontv.cl\/web\/wp-content\/uploads\/2025\/02\/gabriel-boric-soobreseido.jpg",640,372,false],"large":["https:\/\/www.koncevisiontv.cl\/web\/wp-content\/uploads\/2025\/02\/gabriel-boric-soobreseido.jpg",640,372,false],"1536x1536":["https:\/\/www.koncevisiontv.cl\/web\/wp-content\/uploads\/2025\/02\/gabriel-boric-soobreseido.jpg",740,430,false],"2048x2048":["https:\/\/www.koncevisiontv.cl\/web\/wp-content\/uploads\/2025\/02\/gabriel-boric-soobreseido.jpg",740,430,false],"darknews-featured":["https:\/\/www.koncevisiontv.cl\/web\/wp-content\/uploads\/2025\/02\/gabriel-boric-soobreseido.jpg",740,430,false],"darknews-large":["https:\/\/www.koncevisiontv.cl\/web\/wp-content\/uploads\/2025\/02\/gabriel-boric-soobreseido.jpg",740,430,false],"darknews-medium":["https:\/\/www.koncevisiontv.cl\/web\/wp-content\/uploads\/2025\/02\/gabriel-boric-soobreseido-590x410.jpg",590,410,true]},"uagb_author_info":{"display_name":"Web-Master","author_link":"https:\/\/www.koncevisiontv.cl\/web\/author\/koncevision\/"},"uagb_comment_info":0,"uagb_excerpt":"&#8220;Cuando se cometi\u00f3 el alevoso crimen de los suboficiales mayores, dijimos inmediatamente que el Estado no iba a","_links":{"self":[{"href":"https:\/\/www.koncevisiontv.cl\/web\/wp-json\/wp\/v2\/posts\/6624","targetHints":{"allow":["GET"]}}],"collection":[{"href":"https:\/\/www.koncevisiontv.cl\/web\/wp-json\/wp\/v2\/posts"}],"about":[{"href":"https:\/\/www.koncevisiontv.cl\/web\/wp-json\/wp\/v2\/types\/post"}],"author":[{"embeddable":true,"href":"https:\/\/www.koncevisiontv.cl\/web\/wp-json\/wp\/v2\/users\/5"}],"replies":[{"embeddable":true,"href":"https:\/\/www.koncevisiontv.cl\/web\/wp-json\/wp\/v2\/comments?post=6624"}],"version-history":[{"count":2,"href":"https:\/\/www.koncevisiontv.cl\/web\/wp-json\/wp\/v2\/posts\/6624\/revisions"}],"predecessor-version":[{"id":6626,"href":"https:\/\/www.koncevisiontv.cl\/web\/wp-json\/wp\/v2\/posts\/6624\/revisions\/6626"}],"wp:featuredmedia":[{"embeddable":true,"href":"https:\/\/www.koncevisiontv.cl\/web\/wp-json\/wp\/v2\/media\/5533"}],"wp:attachment":[{"href":"https:\/\/www.koncevisiontv.cl\/web\/wp-json\/wp\/v2\/media?parent=6624"}],"wp:term":[{"taxonomy":"category","embeddable":true,"href":"https:\/\/www.koncevisiontv.cl\/web\/wp-json\/wp\/v2\/categories?post=6624"},{"taxonomy":"post_tag","embeddable":true,"href":"https:\/\/www.koncevisiontv.cl\/web\/wp-json\/wp\/v2\/tags?post=6624"}],"curies":[{"name":"wp","href":"https:\/\/api.w.org\/{rel}","templated":true}]}}