{"id":6627,"date":"2025-03-22T15:57:19","date_gmt":"2025-03-22T18:57:19","guid":{"rendered":"https:\/\/www.koncevisiontv.cl\/web\/?p=6627"},"modified":"2025-03-22T15:57:21","modified_gmt":"2025-03-22T18:57:21","slug":"motociclista-choque-providencia","status":"publish","type":"post","link":"https:\/\/www.koncevisiontv.cl\/web\/motociclista-choque-providencia\/","title":{"rendered":"VIDEO | Motociclista \u201cSale Volando\u201d Tras Choque en Providencia Mientras Hu\u00eda Contra el Tr\u00e1nsito"},"content":{"rendered":"\n<p class=\"wp-block-paragraph\"><\/p>\n\n\n\n<p class=\"wp-block-paragraph\"><strong>El Momento del Impacto<\/strong><\/p>\n\n\n\n<figure class=\"wp-block-video\"><video height=\"1280\" style=\"aspect-ratio: 720 \/ 1280;\" width=\"720\" controls src=\"https:\/\/www.koncevisiontv.cl\/web\/wp-content\/uploads\/2025\/03\/Ng9C0cBk6keZKgnS.mp4\"><\/video><\/figure>\n\n\n\n<p class=\"wp-block-paragraph\">Un impactante video que muestra un choque entre un <strong>motociclista <\/strong>y un veh\u00edculo menor en la comuna de <strong>Providencia <\/strong>se ha viralizado en redes sociales. El hecho ocurri\u00f3 este viernes en la <strong>Avenida Providencia <\/strong>, cuando el conductor de la moto intentaba escapar de Carabineros conduciendo en sentido contrario, lo que desencaden\u00f3 un accidente espectacular.<\/p>\n\n\n\n<hr class=\"wp-block-separator has-alpha-channel-opacity\"\/>\n\n\n\n<h3 class=\"wp-block-heading\"><strong>El Momento del Impacto<\/strong><\/h3>\n\n\n\n<p class=\"wp-block-paragraph\">En las im\u00e1genes capturadas por c\u00e1maras de seguridad, se observa c\u00f3mo el motociclista, al notar la presencia policial, decide huir manejando en direcci\u00f3n contraria al tr\u00e1nsito. En cuesti\u00f3n de segundos, choca frontalmente contra un veh\u00edculo menor, lo que lo lanza por los aires antes de caer pesadamente al suelo.<\/p>\n\n\n\n<blockquote class=\"wp-block-quote is-layout-flow wp-block-quote-is-layout-flow\">\n<p class=\"wp-block-paragraph\">&#8220;El motociclista qued\u00f3 tendido en el pavimento tras el fuerte impacto&#8221;, relataron testigos del hecho.<\/p>\n<\/blockquote>\n\n\n\n<p class=\"wp-block-paragraph\">El conductor del autom\u00f3vil involucrado r\u00e1pidamente baj\u00f3 de su veh\u00edculo para evaluar la situaci\u00f3n e intent\u00f3 alertar a los funcionarios de Carabineros, quienes ya estaban patrullando en el sector debido a denuncias previas de conductas temerarias.<\/p>\n\n\n\n<hr class=\"wp-block-separator has-alpha-channel-opacity\"\/>\n\n\n\n<h3 class=\"wp-block-heading\"><strong>Motociclistas Realizando Maniobras Peligrosas<\/strong><\/h3>\n\n\n\n<p class=\"wp-block-paragraph\">Seg\u00fan inform\u00f3 Carabineros, el incidente ocurri\u00f3 mientras efectivos policiales se encontraban en la zona debido a una concentraci\u00f3n de al menos <strong>30 motociclistas <\/strong>realizando maniobras peligrosas y temerarias en plena Avenida Providencia, poniendo en riesgo a otros usuarios de la v\u00eda.<\/p>\n\n\n\n<blockquote class=\"wp-block-quote is-layout-flow wp-block-quote-is-layout-flow\">\n<p class=\"wp-block-paragraph\">&#8220;Uno de estos motoristas huye por Avenida Providencia hacia el oriente en sentido contrario al tr\u00e1nsito, impactando con un veh\u00edculo menor&#8221;, explic\u00f3 el teniente <strong>Alexander Hauri <\/strong>, oficial de ronda de la Prefectura Santiago Oriente.<\/p>\n<\/blockquote>\n\n\n\n<p class=\"wp-block-paragraph\">El motociclista lesionado fue trasladado de inmediato al <strong>Hospital Salvador <\/strong>, donde se confirm\u00f3 que presenta lesiones de car\u00e1cter reservado, aunque fuera de riesgo vital.<\/p>\n\n\n\n<hr class=\"wp-block-separator has-alpha-channel-opacity\"\/>\n\n\n\n<h3 class=\"wp-block-heading\"><strong>Reacciones y Contexto<\/strong><\/h3>\n\n\n\n<p class=\"wp-block-paragraph\">El video r\u00e1pidamente gener\u00f3 debate en redes sociales, donde algunos usuarios criticaron la imprudencia del motociclista, mientras que otros pidieron mayor control y vigilancia en zonas de alto tr\u00e1fico vehicular.<\/p>\n\n\n\n<p class=\"wp-block-paragraph\">Este tipo de incidentes ha vuelto a poner sobre la mesa la necesidad de implementar medidas m\u00e1s estrictas para regular las actividades de grupos de motociclistas en espacios p\u00fablicos, especialmente cuando estas ponen en peligro la vida de terceros.<\/p>\n","protected":false},"excerpt":{"rendered":"<p>El Momento del Impacto Un impactante video que muestra un choque entre un motociclista y un veh\u00edculo menor<\/p>\n","protected":false},"author":5,"featured_media":6629,"comment_status":"open","ping_status":"open","sticky":false,"template":"","format":"standard","meta":{"_crdt_document":"","_uag_custom_page_level_css":"","_sitemap_exclude":false,"_sitemap_priority":"","_sitemap_frequency":"","_joinchat":[],"footnotes":""},"categories":[14],"tags":[],"class_list":["post-6627","post","type-post","status-publish","format-standard","has-post-thumbnail","hentry","category-nacional"],"featured_image_urls":{"full":["https:\/\/www.koncevisiontv.cl\/web\/wp-content\/uploads\/2025\/03\/Motociclista_choque.jpg",1410,793,false],"thumbnail":["https:\/\/www.koncevisiontv.cl\/web\/wp-content\/uploads\/2025\/03\/Motociclista_choque-150x150.jpg",150,150,true],"medium":["https:\/\/www.koncevisiontv.cl\/web\/wp-content\/uploads\/2025\/03\/Motociclista_choque-300x169.jpg",300,169,true],"medium_large":["https:\/\/www.koncevisiontv.cl\/web\/wp-content\/uploads\/2025\/03\/Motociclista_choque-768x432.jpg",640,360,true],"large":["https:\/\/www.koncevisiontv.cl\/web\/wp-content\/uploads\/2025\/03\/Motociclista_choque-1024x576.jpg",640,360,true],"1536x1536":["https:\/\/www.koncevisiontv.cl\/web\/wp-content\/uploads\/2025\/03\/Motociclista_choque.jpg",1410,793,false],"2048x2048":["https:\/\/www.koncevisiontv.cl\/web\/wp-content\/uploads\/2025\/03\/Motociclista_choque.jpg",1410,793,false],"darknews-featured":["https:\/\/www.koncevisiontv.cl\/web\/wp-content\/uploads\/2025\/03\/Motociclista_choque-1024x576.jpg",1024,576,true],"darknews-large":["https:\/\/www.koncevisiontv.cl\/web\/wp-content\/uploads\/2025\/03\/Motociclista_choque-825x575.jpg",825,575,true],"darknews-medium":["https:\/\/www.koncevisiontv.cl\/web\/wp-content\/uploads\/2025\/03\/Motociclista_choque-590x410.jpg",590,410,true]},"author_info":{"info":["Web-Master"]},"category_info":"<a href=\"https:\/\/www.koncevisiontv.cl\/web\/category\/nacional\/\" rel=\"category tag\">Nacional<\/a>","tag_info":"Nacional","comment_count":"0","uagb_featured_image_src":{"full":["https:\/\/www.koncevisiontv.cl\/web\/wp-content\/uploads\/2025\/03\/Motociclista_choque.jpg",1410,793,false],"thumbnail":["https:\/\/www.koncevisiontv.cl\/web\/wp-content\/uploads\/2025\/03\/Motociclista_choque-150x150.jpg",150,150,true],"medium":["https:\/\/www.koncevisiontv.cl\/web\/wp-content\/uploads\/2025\/03\/Motociclista_choque-300x169.jpg",300,169,true],"medium_large":["https:\/\/www.koncevisiontv.cl\/web\/wp-content\/uploads\/2025\/03\/Motociclista_choque-768x432.jpg",640,360,true],"large":["https:\/\/www.koncevisiontv.cl\/web\/wp-content\/uploads\/2025\/03\/Motociclista_choque-1024x576.jpg",640,360,true],"1536x1536":["https:\/\/www.koncevisiontv.cl\/web\/wp-content\/uploads\/2025\/03\/Motociclista_choque.jpg",1410,793,false],"2048x2048":["https:\/\/www.koncevisiontv.cl\/web\/wp-content\/uploads\/2025\/03\/Motociclista_choque.jpg",1410,793,false],"darknews-featured":["https:\/\/www.koncevisiontv.cl\/web\/wp-content\/uploads\/2025\/03\/Motociclista_choque-1024x576.jpg",1024,576,true],"darknews-large":["https:\/\/www.koncevisiontv.cl\/web\/wp-content\/uploads\/2025\/03\/Motociclista_choque-825x575.jpg",825,575,true],"darknews-medium":["https:\/\/www.koncevisiontv.cl\/web\/wp-content\/uploads\/2025\/03\/Motociclista_choque-590x410.jpg",590,410,true]},"uagb_author_info":{"display_name":"Web-Master","author_link":"https:\/\/www.koncevisiontv.cl\/web\/author\/koncevision\/"},"uagb_comment_info":0,"uagb_excerpt":"El Momento del Impacto Un impactante video que muestra un choque entre un motociclista y un veh\u00edculo menor","_links":{"self":[{"href":"https:\/\/www.koncevisiontv.cl\/web\/wp-json\/wp\/v2\/posts\/6627","targetHints":{"allow":["GET"]}}],"collection":[{"href":"https:\/\/www.koncevisiontv.cl\/web\/wp-json\/wp\/v2\/posts"}],"about":[{"href":"https:\/\/www.koncevisiontv.cl\/web\/wp-json\/wp\/v2\/types\/post"}],"author":[{"embeddable":true,"href":"https:\/\/www.koncevisiontv.cl\/web\/wp-json\/wp\/v2\/users\/5"}],"replies":[{"embeddable":true,"href":"https:\/\/www.koncevisiontv.cl\/web\/wp-json\/wp\/v2\/comments?post=6627"}],"version-history":[{"count":1,"href":"https:\/\/www.koncevisiontv.cl\/web\/wp-json\/wp\/v2\/posts\/6627\/revisions"}],"predecessor-version":[{"id":6630,"href":"https:\/\/www.koncevisiontv.cl\/web\/wp-json\/wp\/v2\/posts\/6627\/revisions\/6630"}],"wp:featuredmedia":[{"embeddable":true,"href":"https:\/\/www.koncevisiontv.cl\/web\/wp-json\/wp\/v2\/media\/6629"}],"wp:attachment":[{"href":"https:\/\/www.koncevisiontv.cl\/web\/wp-json\/wp\/v2\/media?parent=6627"}],"wp:term":[{"taxonomy":"category","embeddable":true,"href":"https:\/\/www.koncevisiontv.cl\/web\/wp-json\/wp\/v2\/categories?post=6627"},{"taxonomy":"post_tag","embeddable":true,"href":"https:\/\/www.koncevisiontv.cl\/web\/wp-json\/wp\/v2\/tags?post=6627"}],"curies":[{"name":"wp","href":"https:\/\/api.w.org\/{rel}","templated":true}]}}