{"id":6631,"date":"2025-03-22T16:13:39","date_gmt":"2025-03-22T19:13:39","guid":{"rendered":"https:\/\/www.koncevisiontv.cl\/web\/?p=6631"},"modified":"2025-03-22T16:14:58","modified_gmt":"2025-03-22T19:14:58","slug":"hombre-asesinado-talcahuano-avenida-colon","status":"publish","type":"post","link":"https:\/\/www.koncevisiontv.cl\/web\/hombre-asesinado-talcahuano-avenida-colon\/","title":{"rendered":"Hombre Muere Tras Recibir M\u00faltiples Disparos en Talcahuano: PDI Investiga Crimen en Avenida Col\u00f3n"},"content":{"rendered":"\n<p class=\"wp-block-paragraph\">Un hombre fue asesinado a balazos la noche del viernes en plena v\u00eda p\u00fablica, en el sector de <strong>Avenida Col\u00f3n <\/strong>, comuna de <strong>Talcahuano <\/strong>, regi\u00f3n del Biob\u00edo. El hecho ocurri\u00f3 aproximadamente a las <strong>20:00 horas <\/strong>, dejando consternada a la comunidad local. Detectives de la <strong>Brigada de Homicidios (BH) <\/strong>de Concepci\u00f3n de la PDI, junto con fiscales especializados, lideran las investigaciones para esclarecer este crimen y dar con el paradero del autor.<\/p>\n\n\n\n<hr class=\"wp-block-separator has-alpha-channel-opacity\"\/>\n\n\n\n<h3 class=\"wp-block-heading\"><strong>El Fatal Incidente<\/strong><\/h3>\n\n\n\n<p class=\"wp-block-paragraph\">Seg\u00fan lo informado por el <strong>comisario Fabrizio Z\u00fa\u00f1iga <\/strong>, jefe de la Brigada de Homicidios de Concepci\u00f3n, la v\u00edctima fue interceptada por un sujeto armado en Avenida Col\u00f3n, a la altura del n\u00famero <strong>2059 <\/strong>. El atacante dispar\u00f3 en reiteradas ocasiones contra el hombre, caus\u00e1ndole heridas mortales.<\/p>\n\n\n\n<blockquote class=\"wp-block-quote is-layout-flow wp-block-quote-is-layout-flow\">\n<p class=\"wp-block-paragraph\">&#8220;Se logr\u00f3 establecer que, a eso de las 20:00 horas, la v\u00edctima fue abordada por otro sujeto, quien, portando un arma de fuego, le dispar\u00f3 en m\u00faltiples oportunidades, caus\u00e1ndole la muerte&#8221;, explic\u00f3 el comisario Z\u00fa\u00f1iga.<\/p>\n<\/blockquote>\n\n\n\n<p class=\"wp-block-paragraph\">El autor del homicidio huy\u00f3 inmediatamente tras perpetrar el crimen, dejando el cuerpo de la v\u00edctima en el lugar. Testigos del incidente alertaron a las autoridades, quienes llegaron al lugar para iniciar los procedimientos correspondientes.<\/p>\n\n\n\n<hr class=\"wp-block-separator has-alpha-channel-opacity\"\/>\n\n\n\n<h3 class=\"wp-block-heading\"><strong>Investigaci\u00f3n en Curso<\/strong><\/h3>\n\n\n\n<p class=\"wp-block-paragraph\">El caso est\u00e1 siendo investigado bajo la instrucci\u00f3n de la <strong>Fiscal\u00eda de Equipos de Crimen Organizado y Homicidios (ECOH) <\/strong>, que ha desplegado todos los recursos disponibles para identificar al responsable y determinar el m\u00f3vil del crimen.<\/p>\n\n\n\n<p class=\"wp-block-paragraph\">Detectives de la PDI ya han recolectado evidencias en el lugar del hecho, incluyendo casquillos de bala y otros indicios clave que podr\u00edan ayudar a reconstruir la din\u00e1mica del ataque. Adem\u00e1s, se est\u00e1n revisando c\u00e1maras de seguridad cercanas para identificar al sospechoso y rastrear su ruta de escape.<\/p>\n\n\n\n<blockquote class=\"wp-block-quote is-layout-flow wp-block-quote-is-layout-flow\">\n<p class=\"wp-block-paragraph\">\u201cEstamos trabajando arduamente para esclarecer este homicidio y llevar ante la justicia a los responsables\u201d, asegur\u00f3 el comisario Z\u00fa\u00f1iga.<\/p>\n<\/blockquote>\n\n\n\n<hr class=\"wp-block-separator has-alpha-channel-opacity\"\/>\n\n\n\n<h3 class=\"wp-block-heading\"><strong>Contexto y Reacciones Comunitarias<\/strong><\/h3>\n\n\n\n<p class=\"wp-block-paragraph\">El brutal asesinato ha generado preocupaci\u00f3n entre los vecinos del sector, quienes han pedido mayor seguridad en la zona. En los \u00faltimos meses, Talcahuano ha registrado un aumento en hechos de violencia vinculados al crimen organizado y ajustes de cuentas.<\/p>\n\n\n\n<p class=\"wp-block-paragraph\">Vecinos del lugar se\u00f1alaron que el barrio ha sido escenario de varios incidentes similares en el pasado, lo que ha incrementado el temor entre los residentes.<\/p>\n\n\n\n<blockquote class=\"wp-block-quote is-layout-flow wp-block-quote-is-layout-flow\">\n<p class=\"wp-block-paragraph\">\u201cEs inaceptable que esto siga pasando. Necesitamos m\u00e1s presencia policial y medidas efectivas para proteger a nuestra comunidad\u201d, coment\u00f3 una vecina del sector.<\/p>\n<\/blockquote>\n\n\n\n<p class=\"wp-block-paragraph\"><\/p>\n","protected":false},"excerpt":{"rendered":"<p>Un hombre fue asesinado a balazos la noche del viernes en plena v\u00eda p\u00fablica, en el sector de<\/p>\n","protected":false},"author":5,"featured_media":6632,"comment_status":"open","ping_status":"open","sticky":false,"template":"","format":"standard","meta":{"_crdt_document":"","_uag_custom_page_level_css":"","_sitemap_exclude":false,"_sitemap_priority":"","_sitemap_frequency":"","_joinchat":[],"footnotes":""},"categories":[1,14,405],"tags":[],"class_list":["post-6631","post","type-post","status-publish","format-standard","has-post-thumbnail","hentry","category-bio-bio","category-nacional","category-talcahuano"],"featured_image_urls":{"full":["https:\/\/www.koncevisiontv.cl\/web\/wp-content\/uploads\/2025\/03\/FB_IMG_1742650379979.webp",1024,926,false],"thumbnail":["https:\/\/www.koncevisiontv.cl\/web\/wp-content\/uploads\/2025\/03\/FB_IMG_1742650379979-150x150.webp",150,150,true],"medium":["https:\/\/www.koncevisiontv.cl\/web\/wp-content\/uploads\/2025\/03\/FB_IMG_1742650379979-300x271.webp",300,271,true],"medium_large":["https:\/\/www.koncevisiontv.cl\/web\/wp-content\/uploads\/2025\/03\/FB_IMG_1742650379979-768x695.webp",640,579,true],"large":["https:\/\/www.koncevisiontv.cl\/web\/wp-content\/uploads\/2025\/03\/FB_IMG_1742650379979.webp",640,579,false],"1536x1536":["https:\/\/www.koncevisiontv.cl\/web\/wp-content\/uploads\/2025\/03\/FB_IMG_1742650379979.webp",1024,926,false],"2048x2048":["https:\/\/www.koncevisiontv.cl\/web\/wp-content\/uploads\/2025\/03\/FB_IMG_1742650379979.webp",1024,926,false],"darknews-featured":["https:\/\/www.koncevisiontv.cl\/web\/wp-content\/uploads\/2025\/03\/FB_IMG_1742650379979.webp",1024,926,false],"darknews-large":["https:\/\/www.koncevisiontv.cl\/web\/wp-content\/uploads\/2025\/03\/FB_IMG_1742650379979-825x575.webp",825,575,true],"darknews-medium":["https:\/\/www.koncevisiontv.cl\/web\/wp-content\/uploads\/2025\/03\/FB_IMG_1742650379979-590x410.webp",590,410,true]},"author_info":{"info":["Web-Master"]},"category_info":"<a href=\"https:\/\/www.koncevisiontv.cl\/web\/category\/bio-bio\/\" rel=\"category tag\">Bio-B\u00edo<\/a> <a href=\"https:\/\/www.koncevisiontv.cl\/web\/category\/nacional\/\" rel=\"category tag\">Nacional<\/a> <a href=\"https:\/\/www.koncevisiontv.cl\/web\/category\/talcahuano\/\" rel=\"category tag\">talcahuano<\/a>","tag_info":"talcahuano","comment_count":"0","uagb_featured_image_src":{"full":["https:\/\/www.koncevisiontv.cl\/web\/wp-content\/uploads\/2025\/03\/FB_IMG_1742650379979.webp",1024,926,false],"thumbnail":["https:\/\/www.koncevisiontv.cl\/web\/wp-content\/uploads\/2025\/03\/FB_IMG_1742650379979-150x150.webp",150,150,true],"medium":["https:\/\/www.koncevisiontv.cl\/web\/wp-content\/uploads\/2025\/03\/FB_IMG_1742650379979-300x271.webp",300,271,true],"medium_large":["https:\/\/www.koncevisiontv.cl\/web\/wp-content\/uploads\/2025\/03\/FB_IMG_1742650379979-768x695.webp",640,579,true],"large":["https:\/\/www.koncevisiontv.cl\/web\/wp-content\/uploads\/2025\/03\/FB_IMG_1742650379979.webp",640,579,false],"1536x1536":["https:\/\/www.koncevisiontv.cl\/web\/wp-content\/uploads\/2025\/03\/FB_IMG_1742650379979.webp",1024,926,false],"2048x2048":["https:\/\/www.koncevisiontv.cl\/web\/wp-content\/uploads\/2025\/03\/FB_IMG_1742650379979.webp",1024,926,false],"darknews-featured":["https:\/\/www.koncevisiontv.cl\/web\/wp-content\/uploads\/2025\/03\/FB_IMG_1742650379979.webp",1024,926,false],"darknews-large":["https:\/\/www.koncevisiontv.cl\/web\/wp-content\/uploads\/2025\/03\/FB_IMG_1742650379979-825x575.webp",825,575,true],"darknews-medium":["https:\/\/www.koncevisiontv.cl\/web\/wp-content\/uploads\/2025\/03\/FB_IMG_1742650379979-590x410.webp",590,410,true]},"uagb_author_info":{"display_name":"Web-Master","author_link":"https:\/\/www.koncevisiontv.cl\/web\/author\/koncevision\/"},"uagb_comment_info":0,"uagb_excerpt":"Un hombre fue asesinado a balazos la noche del viernes en plena v\u00eda p\u00fablica, en el sector de","_links":{"self":[{"href":"https:\/\/www.koncevisiontv.cl\/web\/wp-json\/wp\/v2\/posts\/6631","targetHints":{"allow":["GET"]}}],"collection":[{"href":"https:\/\/www.koncevisiontv.cl\/web\/wp-json\/wp\/v2\/posts"}],"about":[{"href":"https:\/\/www.koncevisiontv.cl\/web\/wp-json\/wp\/v2\/types\/post"}],"author":[{"embeddable":true,"href":"https:\/\/www.koncevisiontv.cl\/web\/wp-json\/wp\/v2\/users\/5"}],"replies":[{"embeddable":true,"href":"https:\/\/www.koncevisiontv.cl\/web\/wp-json\/wp\/v2\/comments?post=6631"}],"version-history":[{"count":1,"href":"https:\/\/www.koncevisiontv.cl\/web\/wp-json\/wp\/v2\/posts\/6631\/revisions"}],"predecessor-version":[{"id":6633,"href":"https:\/\/www.koncevisiontv.cl\/web\/wp-json\/wp\/v2\/posts\/6631\/revisions\/6633"}],"wp:featuredmedia":[{"embeddable":true,"href":"https:\/\/www.koncevisiontv.cl\/web\/wp-json\/wp\/v2\/media\/6632"}],"wp:attachment":[{"href":"https:\/\/www.koncevisiontv.cl\/web\/wp-json\/wp\/v2\/media?parent=6631"}],"wp:term":[{"taxonomy":"category","embeddable":true,"href":"https:\/\/www.koncevisiontv.cl\/web\/wp-json\/wp\/v2\/categories?post=6631"},{"taxonomy":"post_tag","embeddable":true,"href":"https:\/\/www.koncevisiontv.cl\/web\/wp-json\/wp\/v2\/tags?post=6631"}],"curies":[{"name":"wp","href":"https:\/\/api.w.org\/{rel}","templated":true}]}}